{"id":177077,"date":"2023-01-29T15:00:00","date_gmt":"2023-01-29T13:00:00","guid":{"rendered":"https:\/\/www.tucomarca.com\/wordpress\/segunda\/?p=177077"},"modified":"2023-01-29T15:26:09","modified_gmt":"2023-01-29T13:26:09","slug":"un-cd-bunyol-en-ratxa-simposa-per-1-gol-a-3-al-paterna-cf","status":"publish","type":"post","link":"https:\/\/tucomarca.whitekongsoftware.com\/ca\/un-cd-bunyol-en-ratxa-simposa-per-1-gol-a-3-al-paterna-cf\/","title":{"rendered":"Un CD Bunyol en ratxa s&#8217;imposa per 1 gol a 3 al Paterna CF"},"content":{"rendered":"\n<p class=\"wp-block-paragraph\">El Club Esportiu Bunyol continua mantenint la seua bona ratxa de resultats i de gols; aconseguint un nou triomf en el partit que aquest cap de setmana l&#8217;ha mesurat al Paterna CF, conjunt al qual ha ven\u00e7ut a domicili per 1 gol a 3.<\/p>\n\n\n\n<p class=\"wp-block-paragraph\">Els blancs van ser de nou els primers a colpejar, per mediaci\u00f3 de Rub\u00e9n en el minut 10 de la trobada despr\u00e9s de rematar a porta un rebutge del porter local. Una alegria que va durar poc als blancs at\u00e9s que cinc minuts despr\u00e9s els locals empataven la contesa. No obstant aix\u00f2, fins i tot pujaria un altre nou tant al llumin\u00f3s per als visitants en el minut 28 obra d&#8217;Iranzo, despr\u00e9s de batre al porter local amb un tir ras per davall de les cames. <\/p>\n\n\n\n<p class=\"wp-block-paragraph\">Amb un resultat d&#8217;1 gol a 2 s&#8217;arribaria al descans i ja no seria fins al minut 58 quan el CD Bunyol remataria la seua vict\u00f2ria amb un tercer tant de c\u00e0rrec de nou d&#8217;Iranzo, que d&#8217;un fort tret ras al pal esquerre batia al meta del Paterna. <\/p>\n\n\n\n<p class=\"wp-block-paragraph\">Amb aquest nou triomf el CD Bunyol segueix la seua carrera cap als llocs de cap de la taula que donen dret a jugar la promoci\u00f3 d&#8217;ascens a Tercera Divisi\u00f3 en la pugna que mant\u00e9 al cap amb altres conjunts com el SC Requena, Riba-roja de T\u00faria CF, Manises CF i CF Recanvis Col\u00f3n.<\/p>\n\n\n\n<figure class=\"wp-block-image size-large\"><img loading=\"lazy\" decoding=\"async\" width=\"1024\" height=\"770\" src=\"http:\/\/www.tucomarca.com\/wordpress\/segunda\/wp-content\/uploads\/2023\/01\/PaternaCDBunol2-1024x770.jpg\" alt=\"\" class=\"wp-image-177078\" srcset=\"https:\/\/tucomarca.whitekongsoftware.com\/wp-content\/uploads\/2023\/01\/PaternaCDBunol2-1024x770.jpg 1024w, https:\/\/tucomarca.whitekongsoftware.com\/wp-content\/uploads\/2023\/01\/PaternaCDBunol2-300x225.jpg 300w, https:\/\/tucomarca.whitekongsoftware.com\/wp-content\/uploads\/2023\/01\/PaternaCDBunol2-768x577.jpg 768w, https:\/\/tucomarca.whitekongsoftware.com\/wp-content\/uploads\/2023\/01\/PaternaCDBunol2-1536x1154.jpg 1536w, https:\/\/tucomarca.whitekongsoftware.com\/wp-content\/uploads\/2023\/01\/PaternaCDBunol2-678x509.jpg 678w, https:\/\/tucomarca.whitekongsoftware.com\/wp-content\/uploads\/2023\/01\/PaternaCDBunol2-326x245.jpg 326w, https:\/\/tucomarca.whitekongsoftware.com\/wp-content\/uploads\/2023\/01\/PaternaCDBunol2-80x60.jpg 80w, https:\/\/tucomarca.whitekongsoftware.com\/wp-content\/uploads\/2023\/01\/PaternaCDBunol2.jpg 2048w\" sizes=\"auto, (max-width: 1024px) 100vw, 1024px\" \/><\/figure>\n","protected":false},"excerpt":{"rendered":"<div class=\"mh-excerpt\">El Club Esportiu Bunyol continua mantenint la seua bona ratxa de resultats i de gols; aconseguint un nou triomf en el partit que aquest cap de setmana l&#8217;ha mesurat al Paterna CF, conjunt al qual <a class=\"mh-excerpt-more\" href=\"https:\/\/tucomarca.whitekongsoftware.com\/ca\/un-cd-bunyol-en-ratxa-simposa-per-1-gol-a-3-al-paterna-cf\/\" title=\"Un CD Bunyol en ratxa s&#8217;imposa per 1 gol a 3 al Paterna CF\">[+] <\/a><\/div>\n","protected":false},"author":1,"featured_media":177075,"comment_status":"open","ping_status":"open","sticky":false,"template":"","format":"standard","meta":{"footnotes":""},"categories":[10911,11015,11003,10894,10912,10896],"tags":[10913,11126,11074,11075,10914,18760],"class_list":["post-177077","post","type-post","status-publish","format-standard","has-post-thumbnail","category-bunol-ca","category-canal-futbol","category-sports","category-la-comarca-ca","category-la-hoya-ca","category-seccion-ca","tag-bunol-ca","tag-cd-bunol-ca","tag-deportes-ca","tag-futbol-ca","tag-la-hoya-de-bunol-chiva-ca","tag-paterna-cf-ca"],"_links":{"self":[{"href":"https:\/\/tucomarca.whitekongsoftware.com\/ca\/wp-json\/wp\/v2\/posts\/177077","targetHints":{"allow":["GET"]}}],"collection":[{"href":"https:\/\/tucomarca.whitekongsoftware.com\/ca\/wp-json\/wp\/v2\/posts"}],"about":[{"href":"https:\/\/tucomarca.whitekongsoftware.com\/ca\/wp-json\/wp\/v2\/types\/post"}],"author":[{"embeddable":true,"href":"https:\/\/tucomarca.whitekongsoftware.com\/ca\/wp-json\/wp\/v2\/users\/1"}],"replies":[{"embeddable":true,"href":"https:\/\/tucomarca.whitekongsoftware.com\/ca\/wp-json\/wp\/v2\/comments?post=177077"}],"version-history":[{"count":0,"href":"https:\/\/tucomarca.whitekongsoftware.com\/ca\/wp-json\/wp\/v2\/posts\/177077\/revisions"}],"wp:featuredmedia":[{"embeddable":true,"href":"https:\/\/tucomarca.whitekongsoftware.com\/ca\/wp-json\/wp\/v2\/media\/177075"}],"wp:attachment":[{"href":"https:\/\/tucomarca.whitekongsoftware.com\/ca\/wp-json\/wp\/v2\/media?parent=177077"}],"wp:term":[{"taxonomy":"category","embeddable":true,"href":"https:\/\/tucomarca.whitekongsoftware.com\/ca\/wp-json\/wp\/v2\/categories?post=177077"},{"taxonomy":"post_tag","embeddable":true,"href":"https:\/\/tucomarca.whitekongsoftware.com\/ca\/wp-json\/wp\/v2\/tags?post=177077"}],"curies":[{"name":"wp","href":"https:\/\/api.w.org\/{rel}","templated":true}]}}