{"id":176666,"date":"2023-01-24T10:00:00","date_gmt":"2023-01-24T08:00:00","guid":{"rendered":"https:\/\/www.tucomarca.com\/wordpress\/segunda\/?p=176666"},"modified":"2023-01-24T14:06:55","modified_gmt":"2023-01-24T12:06:55","slug":"lassociacio-llevantina-de-field-target-celebra-la-seua-1a-tirada-oficial-de-hft-de-lany-2023-en-el-camp-de-tir-els-coets-de-bunyol","status":"publish","type":"post","link":"https:\/\/tucomarca.whitekongsoftware.com\/ca\/lassociacio-llevantina-de-field-target-celebra-la-seua-1a-tirada-oficial-de-hft-de-lany-2023-en-el-camp-de-tir-els-coets-de-bunyol\/","title":{"rendered":"L&#8217;Associaci\u00f3 Llevantina de Field Target celebra la seua 1a Tirada Oficial de HFT de l&#8217;any 2023 en el Camp de Tir \u201cEls Coets\u201d de Bunyol"},"content":{"rendered":"\n<h4 class=\"wp-block-heading\">L&#8217;A.L.F.T. (Associaci\u00f3 Llevantina de Field Target) va celebrar la seua 1a Tirada Oficial de HFT (Hunting Field Target) de l&#8217;any 2023, el diumenge 22 de gener, en el Camp de Tir \u201cEls Coets\u201d de Bunyol.<\/h4>\n\n\n\n<figure class=\"wp-block-image size-large\"><img loading=\"lazy\" decoding=\"async\" width=\"1024\" height=\"409\" src=\"http:\/\/www.tucomarca.com\/wordpress\/segunda\/wp-content\/uploads\/2023\/01\/FieldTarjet3-1024x409.jpg\" alt=\"\" class=\"wp-image-176655\" srcset=\"https:\/\/tucomarca.whitekongsoftware.com\/wp-content\/uploads\/2023\/01\/FieldTarjet3-1024x409.jpg 1024w, https:\/\/tucomarca.whitekongsoftware.com\/wp-content\/uploads\/2023\/01\/FieldTarjet3-300x120.jpg 300w, https:\/\/tucomarca.whitekongsoftware.com\/wp-content\/uploads\/2023\/01\/FieldTarjet3-768x307.jpg 768w, https:\/\/tucomarca.whitekongsoftware.com\/wp-content\/uploads\/2023\/01\/FieldTarjet3.jpg 1241w\" sizes=\"auto, (max-width: 1024px) 100vw, 1024px\" \/><\/figure>\n\n\n\n<p class=\"wp-block-paragraph\">El seu president, Vicente Ricarte, informa de com ha sigut aquesta 1a Tirada Oficial de l&#8217;any:<\/p>\n\n\n\n<p class=\"wp-block-paragraph\">\u201cEn un espl\u00e8ndid dia assolellat i va fregir com toca en un vertader hivern del mediterrani, vam poder celebrar una de les nostres millors tirades de HFT de la ALFT, un dia de tir lliure a l&#8217;aire lliure.<\/p>\n\n\n\n<p class=\"wp-block-paragraph\">El HFT \u00e9s una modalitat de tir amb carabines d&#8217;aire comprimit prove\u00efdes de visor d&#8217;augments, simulant escenes de ca\u00e7a amb la utilitzaci\u00f3 de figures met\u00e0l\u00b7liques tipus Daina, i Novocker i Tecnotarget, que representen a diferents animals. Existeixen dues categories en el tipus de carabines a utilitzar, una s\u00f3n les de moll o pist\u00f3 tradicionals de tota la vida, i una altra s\u00f3n els Pcps o carabines precargadas d&#8217;aire que s\u00f3n l&#8217;\u00faltim en tecnologia del tir amb aire comprimit, encara que s\u00f3n armes que ja existien en el segle XVIII\u201d.<\/p>\n\n\n\n<p class=\"wp-block-paragraph\">\u201cLes normes d&#8217;aquesta competici\u00f3 s\u00f3n molt senzilles i igualen molt els diferents equips utilitzats pels participants, la qual cosa equipara bastant les armes i incideix molt m\u00e9s en la per\u00edcia i control del vent pel tirador; una vegada comen\u00e7a la competici\u00f3 no es poden canviar els par\u00e0metres del visor, per la qual cosa l&#8217;estimaci\u00f3 de la dist\u00e0ncia del blanc \u00e9s a \u201cull\u201d amb la dificultat que aix\u00f2 comporta. Crec personalment que aquesta modalitat que practica la ALFT, \u00e9s de les m\u00e9s divertides que existeixen, recreant el noble esport de la ca\u00e7a, per\u00f2 sense abatre cap animal.<\/p>\n\n\n\n<p class=\"wp-block-paragraph\">Malgrat que en els dies anteriors a la prova, la meteorologia amb vents i ratxes de m\u00e9s de 150 km hora, ens va destrossar diverses instal\u00b7lacions del camp de tir, la competici\u00f3 es va desenvolupar en un dia assolellat, amb brisa freda. El muntatge del Camp de tir, va consistir en 10 carrers amb 2 blancs a abatre, i amb 3 minuts de temps per participant, i a 2 voltes, la qual cosa suma 40 blancs i a 2 punts per blanc la possibilitat d&#8217;aconseguir 80 punts m\u00e0xim. La duresa de la tirada va ser mitjana\/alta, agreujada per la dificultat de l&#8217;estimaci\u00f3 de l&#8217;impacte per les reduccions en les \u201ckill zone\u201d o zona d&#8217;impacte vital de les diferents figures a abatre, la qual cosa va fer les del\u00edcies de quasi tots els tiradors\u201d.<\/p>\n\n\n\n<p class=\"wp-block-paragraph\">\u201cVam ser un total de 20 tiradors, perfectament dividits en 2 categories, 10 tiradors en PCPs i 10 tiradors en Moll\/Pist\u00f3, sent la classificaci\u00f3 la seg\u00fcent:<\/p>\n\n\n\n<p class=\"wp-block-paragraph\">PCPs:<\/p>\n\n\n\n<ol class=\"wp-block-list\"><li>Vicente Moscardo, Tito 69 punts<\/li><li>Empat Carlos Aroca i Raul de l&#8217;Amo 66 punts<\/li><li>Pep Feltrer 63 punts<\/li><li>Remy Aukstkalnis 61 punts<\/li><li>Juan Andreu 60 punts<\/li><li>Jos\u00e9 M\u00aa Pe\u00f1a 55 punts<\/li><li>Vicente Ricarte 54 punts<\/li><li>Miguel Sanchis 53 punts<\/li><li>Fernando Gonzalez 48 punts.<\/li><\/ol>\n\n\n\n<p class=\"wp-block-paragraph\">Pist\u00f3:<\/p>\n\n\n\n<ol class=\"wp-block-list\"><li>J.Miguel Puchalt 58 punts<\/li><li>Ra\u00fal L\u00f3pez 57 punts<\/li><li>Fran Parras 54 punts<\/li><li>Vicente Prats 52 punts<\/li><li>Quique Ben\u00edtez 51 punts<\/li><li>Carlos Sanmartin 47 punts<\/li><li>Chema Rodr\u00edguez 32 punts<\/li><li>Marian Planchas 30 punts<\/li><\/ol>\n\n\n\n<p class=\"wp-block-paragraph\">Pist\u00f3 J\u00fanior:<\/p>\n\n\n\n<ol class=\"wp-block-list\"><li>Mario Prats 26 punts\u201d.<\/li><\/ol>\n\n\n\n<p class=\"wp-block-paragraph\">\u201cDespr\u00e9s de la tirada de HFT, vam fer nostra ja competida tirada amb carabines cl\u00e0ssiques de moll amb mires obertes a dianes a 10 metres, sent 18 tiradors, aquesta tirada consta de 5 tirs a dues dianes, classificant als 3 millors tiradors amb m\u00e9s punts obtinguts, sent els m\u00e0xims punts possibles 50 per diana, \u00e9s a dir 100 punts\u201d.<\/p>\n\n\n\n<p class=\"wp-block-paragraph\">Sent la classificaci\u00f3 en la categoria carabines cl\u00e0ssiques a 10 metres la seg\u00fcent:<\/p>\n\n\n\n<ol class=\"wp-block-list\"><li>Remy Aukstkalnis 87 punts<\/li><li>Empat Vicente Moscard\u00f3 Tito i Ra\u00fal L\u00f3pez, 85 punts<\/li><li>Joan I. Bartual 83 punts<\/li><li>Pep Feltrer 63 punts<\/li><li>Empat Ra\u00fal de l&#8217;Amo i Fran Parras 79 punts<\/li><li>Vicente Prats 78 punts<\/li><li>Empat Vicente Ricarte i Quique Ben\u00edtez 72 punts<\/li><li>Miguel Sanchis 70 punts<\/li><li>Juan Andreu 66 punts<\/li><li>Chema Rodr\u00edguez 64 punts<\/li><li>J. Miguel Puchalt 63 punts<\/li><li>Fernando Gonz\u00e1lez 60 punts<\/li><li>Marian Planchas Carballo 30 punts<\/li><li>Carlos Sanmart\u00edn 36 punts<\/li><\/ol>\n\n\n\n<ol class=\"wp-block-list\"><li>J\u00fanior:&nbsp; Mario Prats 32 punts.<\/li><\/ol>\n\n\n\n<p class=\"wp-block-paragraph\">Aquesta competici\u00f3 va ser patrocinada per l&#8217;Armeria Mildot de B\u00e9tera, col\u00b7laborant en la mateixa mitjan\u00e7ant regals a sortejar entre els participants de la nostra assemblea.<\/p>\n\n\n\n<p class=\"wp-block-paragraph\">Despr\u00e9s de la competici\u00f3, els participants i membres de la ALFT, es va realitzar un menjar de germanor en Venda Pilar, per a despr\u00e9s sobre les 16.30 celebrar la nostra assemblea anual on es decideixen les activitats, competicions i tasques per a poder seguir un any m\u00e9s i van 15 anys ja, a Bunyol, participant com un m\u00e9s de la rica varietat d&#8217;esports que es practiquen en la Foia de Bunyol i sempre amb la inestimable ajuda i col\u00b7laboraci\u00f3 de l&#8217;Ajuntament de Bunyol.<\/p>\n","protected":false},"excerpt":{"rendered":"<div class=\"mh-excerpt\">L&#8217;A.L.F.T. (Associaci\u00f3 Llevantina de Field Target) va celebrar la seua 1a Tirada Oficial de HFT (Hunting Field Target) de l&#8217;any 2023, el diumenge 22 de gener, en el Camp de Tir \u201cEls Coets\u201d de Bunyol. <a class=\"mh-excerpt-more\" href=\"https:\/\/tucomarca.whitekongsoftware.com\/ca\/lassociacio-llevantina-de-field-target-celebra-la-seua-1a-tirada-oficial-de-hft-de-lany-2023-en-el-camp-de-tir-els-coets-de-bunyol\/\" title=\"L&#8217;Associaci\u00f3 Llevantina de Field Target celebra la seua 1a Tirada Oficial de HFT de l&#8217;any 2023 en el Camp de Tir \u201cEls Coets\u201d de Bunyol\">[+] <\/a><\/div>\n","protected":false},"author":12,"featured_media":176659,"comment_status":"open","ping_status":"open","sticky":false,"template":"","format":"standard","meta":{"footnotes":""},"categories":[10911,11003,10894,10912,11009,10896],"tags":[18723,10913,18724,10914],"class_list":["post-176666","post","type-post","status-publish","format-standard","has-post-thumbnail","category-bunol-ca","category-sports","category-la-comarca-ca","category-la-hoya-ca","category-polideportivo-ca","category-seccion-ca","tag-asociacion-levantina-field-target-ca","tag-bunol-ca","tag-campo-de-tiro-los-cohetes-ca","tag-la-hoya-de-bunol-chiva-ca"],"_links":{"self":[{"href":"https:\/\/tucomarca.whitekongsoftware.com\/ca\/wp-json\/wp\/v2\/posts\/176666","targetHints":{"allow":["GET"]}}],"collection":[{"href":"https:\/\/tucomarca.whitekongsoftware.com\/ca\/wp-json\/wp\/v2\/posts"}],"about":[{"href":"https:\/\/tucomarca.whitekongsoftware.com\/ca\/wp-json\/wp\/v2\/types\/post"}],"author":[{"embeddable":true,"href":"https:\/\/tucomarca.whitekongsoftware.com\/ca\/wp-json\/wp\/v2\/users\/12"}],"replies":[{"embeddable":true,"href":"https:\/\/tucomarca.whitekongsoftware.com\/ca\/wp-json\/wp\/v2\/comments?post=176666"}],"version-history":[{"count":0,"href":"https:\/\/tucomarca.whitekongsoftware.com\/ca\/wp-json\/wp\/v2\/posts\/176666\/revisions"}],"wp:featuredmedia":[{"embeddable":true,"href":"https:\/\/tucomarca.whitekongsoftware.com\/ca\/wp-json\/wp\/v2\/media\/176659"}],"wp:attachment":[{"href":"https:\/\/tucomarca.whitekongsoftware.com\/ca\/wp-json\/wp\/v2\/media?parent=176666"}],"wp:term":[{"taxonomy":"category","embeddable":true,"href":"https:\/\/tucomarca.whitekongsoftware.com\/ca\/wp-json\/wp\/v2\/categories?post=176666"},{"taxonomy":"post_tag","embeddable":true,"href":"https:\/\/tucomarca.whitekongsoftware.com\/ca\/wp-json\/wp\/v2\/tags?post=176666"}],"curies":[{"name":"wp","href":"https:\/\/api.w.org\/{rel}","templated":true}]}}