{"id":176627,"date":"2023-01-23T15:15:00","date_gmt":"2023-01-23T13:15:00","guid":{"rendered":"https:\/\/www.tucomarca.com\/wordpress\/segunda\/?p=176627"},"modified":"2023-01-23T23:24:40","modified_gmt":"2023-01-23T21:24:40","slug":"fotogaleria-la-falla-nou-bunyol-presenta-a-les-falleres-majors-del-seu-50-aniversari-salima-zeida-i-gabriela-cruz","status":"publish","type":"post","link":"https:\/\/tucomarca.whitekongsoftware.com\/ca\/fotogaleria-la-falla-nou-bunyol-presenta-a-les-falleres-majors-del-seu-50-aniversari-salima-zeida-i-gabriela-cruz\/","title":{"rendered":"Fotogaler\u00eda: La Falla Nou Bunyol presenta a les falleres majors del seu 50 aniversari: Salima Zeida i Gabriela Cruz"},"content":{"rendered":"\n<p class=\"wp-block-paragraph\">El teatre Montecarlo de Bunyol ha acollit aquest dissabte\u00a0l&#8217;acte de presentaci\u00f3 de les Falleres Majors de la comissi\u00f3 Nou Bunyol per a l&#8217;exercici 2023, Salima Zeida i la xiqueta, Gabriela Cruz, en aquest any en qu\u00e8 se celebra el 50 aniversari de la fundaci\u00f3 d&#8217;aquesta comissi\u00f3 bunyolense.<\/p>\n\n\n\n<p class=\"wp-block-paragraph\">La Fallera Major Infantil,&nbsp;Gabriela Cruz, i la Fallera Major,&nbsp;Salima Zeida, van rebre a les seues respectives corts d&#8217;honor.<\/p>\n\n\n\n<p class=\"wp-block-paragraph\">L&#8217;acte va comen\u00e7ar amb la rebuda de les integrants de la Cort d&#8217;Honor Infantil, els qui a poc a poc van anar omplint l&#8217;escenari del Montecarlo.&nbsp;Gabriela,<strong>&nbsp;<\/strong>molt il\u00b7lusionada amb aquesta experi\u00e8ncia, est\u00e0 encantada de representar a la comissi\u00f3 al costat del seu germ\u00e0, el president infantil, Evan Cruz. Despr\u00e9s va arribar el torn d&#8217;imposar&nbsp; la banda a&nbsp;Salima Zeida<strong>,&nbsp;<\/strong>que sent tant d&#8217;amor per la seua falla que torna a representar a la seua comissi\u00f3 i que es va dirigir a l&#8217;escenari on va ser rebuda amb nombroses mostres d&#8217;afecte&nbsp;pel president de la comissi\u00f3, Miguel Romero,<strong>&nbsp;<\/strong>que li va imposar la banda com a Fallera Major 2023. Encara que especials, per l&#8217;afecte que els uneix, van ser les paraules de Lola Carrascosa que va actuar com a mantenidora i que&nbsp;les falleres&nbsp;van rebre&nbsp;amb especial emoci\u00f3.<\/p>\n\n\n\n<p class=\"wp-block-paragraph\">L&#8217;acte va ser presentat per<strong>&nbsp;<\/strong>Lola Carrascosa i Samira Zeida; les poesies, escrites per Ana Hern\u00e1ndez&nbsp;van conquistar els cors de&nbsp;Gabriela<strong>&nbsp;<\/strong>i<strong>&nbsp;<\/strong>Salima.<\/p>\n\n\n\n<p class=\"wp-block-paragraph\">L&#8217;aplaudiment del p\u00fablic a les representants de la comissi\u00f3 Nou Bunyol \u00e9s la major mostra d&#8217;afecte i reconeixement dels qui tindran l&#8217;oportunitat de gaudir d&#8217;un any carregat d&#8217;il\u00b7lusi\u00f3 i grans emocions.<\/p>\n\n\n\n<p class=\"wp-block-paragraph\">La cita va ser seguida en primera persona per l&#8217;alcaldessa, Juncal Carrascosa, el regidor de Cultura Popular, Rafa P\u00e9rez i la Reina de les Festes,&nbsp;Regina Mart\u00ednez, Reina de les festes de Villalgordo, dels membres de la Junta Local, les representants de les societats musicals, de les falles de Bunyol i de les comissions falleres amigues.<\/p>\n\n\n\n<p class=\"wp-block-paragraph\">Fotos: Jos\u00e9 Luis Mont\u00f3n<\/p>\n\n\n\n<figure class=\"wp-block-gallery has-nested-images columns-2 is-cropped wp-block-gallery-1 is-layout-flex wp-block-gallery-is-layout-flex\">\n<figure class=\"wp-block-image size-large\"><img loading=\"lazy\" decoding=\"async\" width=\"886\" height=\"1329\" data-id=\"176619\" src=\"http:\/\/www.tucomarca.com\/wordpress\/segunda\/wp-content\/uploads\/2023\/01\/PreseNuevoBunol17.jpg\" alt=\"\" class=\"wp-image-176619\" srcset=\"https:\/\/tucomarca.whitekongsoftware.com\/wp-content\/uploads\/2023\/01\/PreseNuevoBunol17.jpg 886w, https:\/\/tucomarca.whitekongsoftware.com\/wp-content\/uploads\/2023\/01\/PreseNuevoBunol17-200x300.jpg 200w, https:\/\/tucomarca.whitekongsoftware.com\/wp-content\/uploads\/2023\/01\/PreseNuevoBunol17-683x1024.jpg 683w, https:\/\/tucomarca.whitekongsoftware.com\/wp-content\/uploads\/2023\/01\/PreseNuevoBunol17-768x1152.jpg 768w\" sizes=\"auto, (max-width: 886px) 100vw, 886px\" \/><\/figure>\n\n\n\n<figure class=\"wp-block-image size-large\"><img loading=\"lazy\" decoding=\"async\" width=\"886\" height=\"1329\" data-id=\"176587\" src=\"http:\/\/www.tucomarca.com\/wordpress\/segunda\/wp-content\/uploads\/2023\/01\/PreseNuevoBunol01.jpg\" alt=\"\" class=\"wp-image-176587\" srcset=\"https:\/\/tucomarca.whitekongsoftware.com\/wp-content\/uploads\/2023\/01\/PreseNuevoBunol01.jpg 886w, https:\/\/tucomarca.whitekongsoftware.com\/wp-content\/uploads\/2023\/01\/PreseNuevoBunol01-200x300.jpg 200w, https:\/\/tucomarca.whitekongsoftware.com\/wp-content\/uploads\/2023\/01\/PreseNuevoBunol01-683x1024.jpg 683w, https:\/\/tucomarca.whitekongsoftware.com\/wp-content\/uploads\/2023\/01\/PreseNuevoBunol01-768x1152.jpg 768w\" sizes=\"auto, (max-width: 886px) 100vw, 886px\" \/><\/figure>\n\n\n\n<figure class=\"wp-block-image size-large\"><img loading=\"lazy\" decoding=\"async\" width=\"886\" height=\"1329\" data-id=\"176591\" src=\"http:\/\/www.tucomarca.com\/wordpress\/segunda\/wp-content\/uploads\/2023\/01\/PreseNuevoBunol03.jpg\" alt=\"\" class=\"wp-image-176591\" srcset=\"https:\/\/tucomarca.whitekongsoftware.com\/wp-content\/uploads\/2023\/01\/PreseNuevoBunol03.jpg 886w, https:\/\/tucomarca.whitekongsoftware.com\/wp-content\/uploads\/2023\/01\/PreseNuevoBunol03-200x300.jpg 200w, https:\/\/tucomarca.whitekongsoftware.com\/wp-content\/uploads\/2023\/01\/PreseNuevoBunol03-683x1024.jpg 683w, https:\/\/tucomarca.whitekongsoftware.com\/wp-content\/uploads\/2023\/01\/PreseNuevoBunol03-768x1152.jpg 768w\" sizes=\"auto, (max-width: 886px) 100vw, 886px\" \/><\/figure>\n\n\n\n<figure class=\"wp-block-image size-large\"><img loading=\"lazy\" decoding=\"async\" width=\"886\" height=\"1329\" data-id=\"176593\" src=\"http:\/\/www.tucomarca.com\/wordpress\/segunda\/wp-content\/uploads\/2023\/01\/PreseNuevoBunol04.jpg\" alt=\"\" class=\"wp-image-176593\" srcset=\"https:\/\/tucomarca.whitekongsoftware.com\/wp-content\/uploads\/2023\/01\/PreseNuevoBunol04.jpg 886w, https:\/\/tucomarca.whitekongsoftware.com\/wp-content\/uploads\/2023\/01\/PreseNuevoBunol04-200x300.jpg 200w, https:\/\/tucomarca.whitekongsoftware.com\/wp-content\/uploads\/2023\/01\/PreseNuevoBunol04-683x1024.jpg 683w, https:\/\/tucomarca.whitekongsoftware.com\/wp-content\/uploads\/2023\/01\/PreseNuevoBunol04-768x1152.jpg 768w\" sizes=\"auto, (max-width: 886px) 100vw, 886px\" \/><\/figure>\n\n\n\n<figure class=\"wp-block-image size-large\"><img loading=\"lazy\" decoding=\"async\" width=\"886\" height=\"591\" data-id=\"176595\" src=\"http:\/\/www.tucomarca.com\/wordpress\/segunda\/wp-content\/uploads\/2023\/01\/PreseNuevoBunol05.jpg\" alt=\"\" class=\"wp-image-176595\" srcset=\"https:\/\/tucomarca.whitekongsoftware.com\/wp-content\/uploads\/2023\/01\/PreseNuevoBunol05.jpg 886w, https:\/\/tucomarca.whitekongsoftware.com\/wp-content\/uploads\/2023\/01\/PreseNuevoBunol05-300x200.jpg 300w, https:\/\/tucomarca.whitekongsoftware.com\/wp-content\/uploads\/2023\/01\/PreseNuevoBunol05-768x512.jpg 768w\" sizes=\"auto, (max-width: 886px) 100vw, 886px\" \/><\/figure>\n\n\n\n<figure class=\"wp-block-image size-large\"><img loading=\"lazy\" decoding=\"async\" width=\"886\" height=\"1329\" data-id=\"176597\" src=\"http:\/\/www.tucomarca.com\/wordpress\/segunda\/wp-content\/uploads\/2023\/01\/PreseNuevoBunol06.jpg\" alt=\"\" class=\"wp-image-176597\" srcset=\"https:\/\/tucomarca.whitekongsoftware.com\/wp-content\/uploads\/2023\/01\/PreseNuevoBunol06.jpg 886w, https:\/\/tucomarca.whitekongsoftware.com\/wp-content\/uploads\/2023\/01\/PreseNuevoBunol06-200x300.jpg 200w, https:\/\/tucomarca.whitekongsoftware.com\/wp-content\/uploads\/2023\/01\/PreseNuevoBunol06-683x1024.jpg 683w, https:\/\/tucomarca.whitekongsoftware.com\/wp-content\/uploads\/2023\/01\/PreseNuevoBunol06-768x1152.jpg 768w\" sizes=\"auto, (max-width: 886px) 100vw, 886px\" \/><\/figure>\n\n\n\n<figure class=\"wp-block-image size-large\"><img loading=\"lazy\" decoding=\"async\" width=\"886\" height=\"1329\" data-id=\"176599\" src=\"http:\/\/www.tucomarca.com\/wordpress\/segunda\/wp-content\/uploads\/2023\/01\/PreseNuevoBunol07.jpg\" alt=\"\" class=\"wp-image-176599\" srcset=\"https:\/\/tucomarca.whitekongsoftware.com\/wp-content\/uploads\/2023\/01\/PreseNuevoBunol07.jpg 886w, https:\/\/tucomarca.whitekongsoftware.com\/wp-content\/uploads\/2023\/01\/PreseNuevoBunol07-200x300.jpg 200w, https:\/\/tucomarca.whitekongsoftware.com\/wp-content\/uploads\/2023\/01\/PreseNuevoBunol07-683x1024.jpg 683w, https:\/\/tucomarca.whitekongsoftware.com\/wp-content\/uploads\/2023\/01\/PreseNuevoBunol07-768x1152.jpg 768w\" sizes=\"auto, (max-width: 886px) 100vw, 886px\" \/><\/figure>\n\n\n\n<figure class=\"wp-block-image size-large\"><img loading=\"lazy\" decoding=\"async\" width=\"886\" height=\"591\" data-id=\"176601\" src=\"http:\/\/www.tucomarca.com\/wordpress\/segunda\/wp-content\/uploads\/2023\/01\/PreseNuevoBunol08.jpg\" alt=\"\" class=\"wp-image-176601\" srcset=\"https:\/\/tucomarca.whitekongsoftware.com\/wp-content\/uploads\/2023\/01\/PreseNuevoBunol08.jpg 886w, https:\/\/tucomarca.whitekongsoftware.com\/wp-content\/uploads\/2023\/01\/PreseNuevoBunol08-300x200.jpg 300w, https:\/\/tucomarca.whitekongsoftware.com\/wp-content\/uploads\/2023\/01\/PreseNuevoBunol08-768x512.jpg 768w\" sizes=\"auto, (max-width: 886px) 100vw, 886px\" \/><\/figure>\n\n\n\n<figure class=\"wp-block-image size-large\"><img loading=\"lazy\" decoding=\"async\" width=\"886\" height=\"591\" data-id=\"176603\" src=\"http:\/\/www.tucomarca.com\/wordpress\/segunda\/wp-content\/uploads\/2023\/01\/PreseNuevoBunol09.jpg\" alt=\"\" class=\"wp-image-176603\" srcset=\"https:\/\/tucomarca.whitekongsoftware.com\/wp-content\/uploads\/2023\/01\/PreseNuevoBunol09.jpg 886w, https:\/\/tucomarca.whitekongsoftware.com\/wp-content\/uploads\/2023\/01\/PreseNuevoBunol09-300x200.jpg 300w, https:\/\/tucomarca.whitekongsoftware.com\/wp-content\/uploads\/2023\/01\/PreseNuevoBunol09-768x512.jpg 768w\" sizes=\"auto, (max-width: 886px) 100vw, 886px\" \/><\/figure>\n\n\n\n<figure class=\"wp-block-image size-large\"><img loading=\"lazy\" decoding=\"async\" width=\"886\" height=\"591\" data-id=\"176605\" src=\"http:\/\/www.tucomarca.com\/wordpress\/segunda\/wp-content\/uploads\/2023\/01\/PreseNuevoBunol10.jpg\" alt=\"\" class=\"wp-image-176605\" srcset=\"https:\/\/tucomarca.whitekongsoftware.com\/wp-content\/uploads\/2023\/01\/PreseNuevoBunol10.jpg 886w, https:\/\/tucomarca.whitekongsoftware.com\/wp-content\/uploads\/2023\/01\/PreseNuevoBunol10-300x200.jpg 300w, https:\/\/tucomarca.whitekongsoftware.com\/wp-content\/uploads\/2023\/01\/PreseNuevoBunol10-768x512.jpg 768w\" sizes=\"auto, (max-width: 886px) 100vw, 886px\" \/><\/figure>\n\n\n\n<figure class=\"wp-block-image size-large\"><img loading=\"lazy\" decoding=\"async\" width=\"886\" height=\"591\" data-id=\"176607\" src=\"http:\/\/www.tucomarca.com\/wordpress\/segunda\/wp-content\/uploads\/2023\/01\/PreseNuevoBunol11.jpg\" alt=\"\" class=\"wp-image-176607\" srcset=\"https:\/\/tucomarca.whitekongsoftware.com\/wp-content\/uploads\/2023\/01\/PreseNuevoBunol11.jpg 886w, https:\/\/tucomarca.whitekongsoftware.com\/wp-content\/uploads\/2023\/01\/PreseNuevoBunol11-300x200.jpg 300w, https:\/\/tucomarca.whitekongsoftware.com\/wp-content\/uploads\/2023\/01\/PreseNuevoBunol11-768x512.jpg 768w\" sizes=\"auto, (max-width: 886px) 100vw, 886px\" \/><\/figure>\n\n\n\n<figure class=\"wp-block-image size-large\"><img loading=\"lazy\" decoding=\"async\" width=\"886\" height=\"591\" data-id=\"176609\" src=\"http:\/\/www.tucomarca.com\/wordpress\/segunda\/wp-content\/uploads\/2023\/01\/PreseNuevoBunol12.jpg\" alt=\"\" class=\"wp-image-176609\" srcset=\"https:\/\/tucomarca.whitekongsoftware.com\/wp-content\/uploads\/2023\/01\/PreseNuevoBunol12.jpg 886w, https:\/\/tucomarca.whitekongsoftware.com\/wp-content\/uploads\/2023\/01\/PreseNuevoBunol12-300x200.jpg 300w, https:\/\/tucomarca.whitekongsoftware.com\/wp-content\/uploads\/2023\/01\/PreseNuevoBunol12-768x512.jpg 768w\" sizes=\"auto, (max-width: 886px) 100vw, 886px\" \/><\/figure>\n\n\n\n<figure class=\"wp-block-image size-large\"><img loading=\"lazy\" decoding=\"async\" width=\"886\" height=\"591\" data-id=\"176611\" src=\"http:\/\/www.tucomarca.com\/wordpress\/segunda\/wp-content\/uploads\/2023\/01\/PreseNuevoBunol13.jpg\" alt=\"\" class=\"wp-image-176611\" srcset=\"https:\/\/tucomarca.whitekongsoftware.com\/wp-content\/uploads\/2023\/01\/PreseNuevoBunol13.jpg 886w, https:\/\/tucomarca.whitekongsoftware.com\/wp-content\/uploads\/2023\/01\/PreseNuevoBunol13-300x200.jpg 300w, https:\/\/tucomarca.whitekongsoftware.com\/wp-content\/uploads\/2023\/01\/PreseNuevoBunol13-768x512.jpg 768w\" sizes=\"auto, (max-width: 886px) 100vw, 886px\" \/><\/figure>\n\n\n\n<figure class=\"wp-block-image size-large\"><img loading=\"lazy\" decoding=\"async\" width=\"886\" height=\"591\" data-id=\"176613\" src=\"http:\/\/www.tucomarca.com\/wordpress\/segunda\/wp-content\/uploads\/2023\/01\/PreseNuevoBunol14.jpg\" alt=\"\" class=\"wp-image-176613\" srcset=\"https:\/\/tucomarca.whitekongsoftware.com\/wp-content\/uploads\/2023\/01\/PreseNuevoBunol14.jpg 886w, https:\/\/tucomarca.whitekongsoftware.com\/wp-content\/uploads\/2023\/01\/PreseNuevoBunol14-300x200.jpg 300w, https:\/\/tucomarca.whitekongsoftware.com\/wp-content\/uploads\/2023\/01\/PreseNuevoBunol14-768x512.jpg 768w\" sizes=\"auto, (max-width: 886px) 100vw, 886px\" \/><\/figure>\n\n\n\n<figure class=\"wp-block-image size-large\"><img loading=\"lazy\" decoding=\"async\" width=\"886\" height=\"591\" data-id=\"176615\" src=\"http:\/\/www.tucomarca.com\/wordpress\/segunda\/wp-content\/uploads\/2023\/01\/PreseNuevoBunol15.jpg\" alt=\"\" class=\"wp-image-176615\" srcset=\"https:\/\/tucomarca.whitekongsoftware.com\/wp-content\/uploads\/2023\/01\/PreseNuevoBunol15.jpg 886w, https:\/\/tucomarca.whitekongsoftware.com\/wp-content\/uploads\/2023\/01\/PreseNuevoBunol15-300x200.jpg 300w, https:\/\/tucomarca.whitekongsoftware.com\/wp-content\/uploads\/2023\/01\/PreseNuevoBunol15-768x512.jpg 768w\" sizes=\"auto, (max-width: 886px) 100vw, 886px\" \/><\/figure>\n\n\n\n<figure class=\"wp-block-image size-large\"><img loading=\"lazy\" decoding=\"async\" width=\"886\" height=\"591\" data-id=\"176617\" src=\"http:\/\/www.tucomarca.com\/wordpress\/segunda\/wp-content\/uploads\/2023\/01\/PreseNuevoBunol16.jpg\" alt=\"\" class=\"wp-image-176617\" srcset=\"https:\/\/tucomarca.whitekongsoftware.com\/wp-content\/uploads\/2023\/01\/PreseNuevoBunol16.jpg 886w, https:\/\/tucomarca.whitekongsoftware.com\/wp-content\/uploads\/2023\/01\/PreseNuevoBunol16-300x200.jpg 300w, https:\/\/tucomarca.whitekongsoftware.com\/wp-content\/uploads\/2023\/01\/PreseNuevoBunol16-768x512.jpg 768w\" sizes=\"auto, (max-width: 886px) 100vw, 886px\" \/><\/figure>\n\n\n\n<figure class=\"wp-block-image size-large\"><img loading=\"lazy\" decoding=\"async\" width=\"886\" height=\"591\" data-id=\"176623\" src=\"http:\/\/www.tucomarca.com\/wordpress\/segunda\/wp-content\/uploads\/2023\/01\/PreseNuevoBunol19.jpg\" alt=\"\" class=\"wp-image-176623\" srcset=\"https:\/\/tucomarca.whitekongsoftware.com\/wp-content\/uploads\/2023\/01\/PreseNuevoBunol19.jpg 886w, https:\/\/tucomarca.whitekongsoftware.com\/wp-content\/uploads\/2023\/01\/PreseNuevoBunol19-300x200.jpg 300w, https:\/\/tucomarca.whitekongsoftware.com\/wp-content\/uploads\/2023\/01\/PreseNuevoBunol19-768x512.jpg 768w\" sizes=\"auto, (max-width: 886px) 100vw, 886px\" \/><\/figure>\n<\/figure>\n","protected":false},"excerpt":{"rendered":"<div class=\"mh-excerpt\">El teatre Montecarlo de Bunyol ha acollit aquest dissabte\u00a0l&#8217;acte de presentaci\u00f3 de les Falleres Majors de la comissi\u00f3 Nou Bunyol per a l&#8217;exercici 2023, Salima Zeida i la xiqueta, Gabriela Cruz, en aquest any en <a class=\"mh-excerpt-more\" href=\"https:\/\/tucomarca.whitekongsoftware.com\/ca\/fotogaleria-la-falla-nou-bunyol-presenta-a-les-falleres-majors-del-seu-50-aniversari-salima-zeida-i-gabriela-cruz\/\" title=\"Fotogaler\u00eda: La Falla Nou Bunyol presenta a les falleres majors del seu 50 aniversari: Salima Zeida i Gabriela Cruz\">[+] <\/a><\/div>\n","protected":false},"author":12,"featured_media":176622,"comment_status":"open","ping_status":"open","sticky":false,"template":"","format":"gallery","meta":{"footnotes":""},"categories":[10911,10898,10894,10912,11004,11007,11008,10896],"tags":[10913,11743,10914],"class_list":["post-176627","post","type-post","status-publish","format-gallery","has-post-thumbnail","category-bunol-ca","category-ventana-ca","category-la-comarca-ca","category-la-hoya-ca","category-la-semana-en-imagenes-ca","category-ocio-y-cultura-ca","category-pueblos-en-fiestas-ca","category-seccion-ca","tag-bunol-ca","tag-falla-nuevo-bunol-ca","tag-la-hoya-de-bunol-chiva-ca","post_format-post-format-gallery"],"_links":{"self":[{"href":"https:\/\/tucomarca.whitekongsoftware.com\/ca\/wp-json\/wp\/v2\/posts\/176627","targetHints":{"allow":["GET"]}}],"collection":[{"href":"https:\/\/tucomarca.whitekongsoftware.com\/ca\/wp-json\/wp\/v2\/posts"}],"about":[{"href":"https:\/\/tucomarca.whitekongsoftware.com\/ca\/wp-json\/wp\/v2\/types\/post"}],"author":[{"embeddable":true,"href":"https:\/\/tucomarca.whitekongsoftware.com\/ca\/wp-json\/wp\/v2\/users\/12"}],"replies":[{"embeddable":true,"href":"https:\/\/tucomarca.whitekongsoftware.com\/ca\/wp-json\/wp\/v2\/comments?post=176627"}],"version-history":[{"count":0,"href":"https:\/\/tucomarca.whitekongsoftware.com\/ca\/wp-json\/wp\/v2\/posts\/176627\/revisions"}],"wp:featuredmedia":[{"embeddable":true,"href":"https:\/\/tucomarca.whitekongsoftware.com\/ca\/wp-json\/wp\/v2\/media\/176622"}],"wp:attachment":[{"href":"https:\/\/tucomarca.whitekongsoftware.com\/ca\/wp-json\/wp\/v2\/media?parent=176627"}],"wp:term":[{"taxonomy":"category","embeddable":true,"href":"https:\/\/tucomarca.whitekongsoftware.com\/ca\/wp-json\/wp\/v2\/categories?post=176627"},{"taxonomy":"post_tag","embeddable":true,"href":"https:\/\/tucomarca.whitekongsoftware.com\/ca\/wp-json\/wp\/v2\/tags?post=176627"}],"curies":[{"name":"wp","href":"https:\/\/api.w.org\/{rel}","templated":true}]}}