{"id":176568,"date":"2023-01-23T09:09:00","date_gmt":"2023-01-23T07:09:00","guid":{"rendered":"https:\/\/www.tucomarca.com\/wordpress\/segunda\/?p=176568"},"modified":"2023-01-23T22:00:59","modified_gmt":"2023-01-23T20:00:59","slug":"el-liceu-de-xest-es-converteix-en-una-passarella-de-moda-en-lestrena-del-documental-walter-un-mon-de-creativitat","status":"publish","type":"post","link":"https:\/\/tucomarca.whitekongsoftware.com\/ca\/el-liceu-de-xest-es-converteix-en-una-passarella-de-moda-en-lestrena-del-documental-walter-un-mon-de-creativitat\/","title":{"rendered":"El Liceu de Xest es converteix en una passarel\u00b7la de moda en l&#8217;estrena del documental &#8220;Walter: un m\u00f3n de creativitat&#8221;"},"content":{"rendered":"\n<p class=\"wp-block-paragraph\">Dissabte passat, 21 de gener, es va estrenar el documental Walter: un m\u00f3n de creativitat, cinta que forma part del projecte Cr\u00f2niques singulars, impulsat per la regidoria de Cultura de l&#8217;Ajuntament de Xest per a recon\u00e9ixer la traject\u00f2ria professional de persones singulars de la localitat, en aquest cas, de l&#8217;estilista Walter M\u00e1\u00f1ez.<\/p>\n\n\n\n<p class=\"wp-block-paragraph\">L&#8217;esdeveniment va comptar amb la participaci\u00f3 de professionals del m\u00f3n del teatre, la m\u00fasica i la moda, companys i companyes de Walter que es van sumar a l&#8217;homenatge preparat per la regidoria de Cultura per a l&#8217;estilista chestano. A m\u00e9s, va assistir la Secret\u00e0ria Auton\u00f2mica d&#8217;Economia Sostenible, Sectors Productius, Comer\u00e7 i Consum, Empar Mart\u00ednez Bonaf\u00e9, i artistes com l&#8217;actriu i model Paola Domingu\u00edn, el fot\u00f2graf Manuel Artero, l&#8217;actriu Cristina Perales i els dissenyadors Francis Montesinos i Susa Plaza.<\/p>\n\n\n\n<p class=\"wp-block-paragraph\">Els m\u00fasics \u00c1lvaro Depl\u00e9 i Edware Busts van ser els encarregats d&#8217;obrir l&#8217;acte, amb una aparici\u00f3 pel corredor central mentre interpretaven el primer dels temes del seu repertori. Tot seguit van eixir a escena Sandra Guasp i Jorge Canyesla, sota la direcci\u00f3 Antonio Valls, de la companyia de teatre Totart, que van oferir una breu actuaci\u00f3 inspirada en la perruqueria, com a picada d&#8217;ullet a l&#8217;homenatjat.&nbsp;<\/p>\n\n\n\n<p class=\"wp-block-paragraph\">Despr\u00e9s de les actuacions en directe va arribar la projecci\u00f3 d&#8217;un documental produ\u00eft i finan\u00e7at per la regidoria de Cultura i realitzat per Trencafilms, en el qual diferents veus, incloent-hi la del protagonista, narraven el recorregut de la vida professional de Walter. \u201cVull expressar el nostre m\u00e9s sincer agra\u00efment a totes les persones que han fet possible la realitzaci\u00f3 d&#8217;aquest esdeveniment, als artistes que han intervingut, als dissenyadors Susa Plaza i Francis Motesinos, a les perruqueres Lupe Roig, Yaiza Castillo, Irune Laca, World of Estilist i Paloma Barba Academic; a les maquilladoras Tevian Acad\u00e8mia, Santi Gim\u00e9nez i Rosa Mar\u00eda Fellonar; a l&#8217;escola d&#8217;Arts Esc\u00e8niques Totart; als organitzadors de la desfilada, Alicia Torres i David Garc\u00eda, a M\u00aa Carmen Domingo i Rafael P\u00e9rez, cuiners del Pelegr\u00ed; a Trencafilms; al fot\u00f2graf Manuel Artero, a l&#8217;equip de Sonoc i als DJ\u201d, declarava la regidora de Cultura, M\u00aa \u00c1ngeles Llorente, en concloure la projecci\u00f3.&nbsp;<\/p>\n\n\n\n<p class=\"wp-block-paragraph\">Llorente va dedicar unes paraules d&#8217;agra\u00efment a Walter que van comen\u00e7ar amb la lectura d&#8217;un poema de Rosal\u00eda de Castro, que va servir per a subratllar l&#8217;esperit somiador de l&#8217;homenatjat. \u201cTu, Walter, eres sens dubte un somiador, un xiquet gran amb capacitat de travessar el m\u00f3n. La teua fam\u00edlia va deixar en tu una petjada indeleble d&#8217;arrelament a la terra, de solidaritat i de llibertat. Her\u00e8ncia que rescates en canviar el teu nom i el del teu pare en el registre civil a Walter, en record del xiquet austr\u00edac que el teu avi, Vicente M\u00e1\u00f1ez, va acollir en la Primera Guerra Mundial. Del teu pare, agricultor, aprens el valor del treball; de la teua mare, la capacitat de comprendre diferents maneres de ser i estar en el m\u00f3n. Hereu d&#8217;una tradici\u00f3 progressista, socialista, avantguardista i oberta al m\u00f3n, poses tota la teua creativitat al servei d&#8217;una professi\u00f3 que exerceixes amb mestratge. Valent i sense por, sense importar el qu\u00e8 diran, et converteixes en un professional com la copa d&#8217;un pi. T&#8217;impliques fins a la medul\u00b7la amb paci\u00e8ncia fins a arribar a l&#8217;excel\u00b7l\u00e8ncia; vius intensament i et relaciones amb artistes de totes les disciplines; aix\u00f2 s\u00ed, mantenint l&#8217;equilibri, al que t&#8217;ajuda la pr\u00e0ctica del Aikido\u201d, manifestava la regidora. \u201c22 peticions en la passarel\u00b7la Cibeles amb Francis Montesinos, desfilades a Val\u00e8ncia amb \u00c1lex Vidal i diverses edicions en la passarel\u00b7la Carmen; participant en publicitat per a El Corte Ingl\u00e9s o Galetes Cu\u00e9tara, treballant amb grups musicals i de teatre\u2026 Aix\u00f2 \u00e9s tan sols una xicoteta mostra de la quantitat de treballs que ha realitzat Walter, i tot aix\u00f2 sense desatendre a la seua perruqueria. Walter, si no has complit tots els teus somnis, has d&#8217;estar molt a prop\u201d.<\/p>\n\n\n\n<p class=\"wp-block-paragraph\">Una vegada acabat el discurs, la regidora i l&#8217;alcalde de Xest, Jos\u00e9 Morell, van fer lliurament d&#8217;un detall commemoratiu a Walter. \u201cDespr\u00e9s de tot el que s&#8217;ha dit estic sense paraules. Nom\u00e9s puc recordar a les persones que falten, agrair a la meua fam\u00edlia i a totes les persones que sou ac\u00ed, a l&#8217;Ajuntament de Xest i concretament a M\u00aa \u00c1ngeles aquest reconeixement\u201d, declarava. \u201cGr\u00e0cies a tots els que heu col\u00b7laborat aquesta nit i tamb\u00e9 a totes les persones que m&#8217;acompanyeu sempre, les persones que veniu a la meua perruqueria a Val\u00e8ncia i amb els qui estic en el dia a dia. Voldria vincular el meu nom a l&#8217;esperanto, per la hist\u00f2ria que porta darrere el fet de cridar-me aix\u00ed, ja que el meu besoncle va portar l&#8217;esperanto a Xest. Per aix\u00f2 hui vull agrair al grup d&#8217;esperantistes de Xest la labor que fan. Portar el nom de Walter m&#8217;ha fet tindre una visi\u00f3 diferent, ja que est\u00e0 vinculat a persones obertes de ment que en el seu moment van lluitar per la llibertat, com ho va fer el meu pare\u201d. Aix\u00ed, Walter va acabar la seua intervenci\u00f3 amb unes paraules en esperanto.&nbsp;<\/p>\n\n\n\n<p class=\"wp-block-paragraph\">Per a finalitzar es va realitzar una desfilada de moda a c\u00e0rrec de Francis Montesinos i Susa Plaza, on tamb\u00e9 es van poder veure dissenys del mateix Walter, tot aix\u00f2 amb la m\u00fasica dels DJ Luis Clemente i Cano Guillem. El fermall d&#8217;or va ser l&#8217;obertura d&#8217;una exposici\u00f3 de treballs realitzats per Walter en l&#8217;hall del teatre Liceu.<\/p>\n\n\n\n<figure class=\"wp-block-gallery has-nested-images columns-2 is-cropped wp-block-gallery-1 is-layout-flex wp-block-gallery-is-layout-flex\">\n<figure class=\"wp-block-image size-large\"><img loading=\"lazy\" decoding=\"async\" width=\"886\" height=\"591\" data-id=\"176555\" src=\"http:\/\/www.tucomarca.com\/wordpress\/segunda\/wp-content\/uploads\/2023\/01\/CronicasSingulares_Walter_7.jpg\" alt=\"\" class=\"wp-image-176555\" srcset=\"https:\/\/tucomarca.whitekongsoftware.com\/wp-content\/uploads\/2023\/01\/CronicasSingulares_Walter_7.jpg 886w, https:\/\/tucomarca.whitekongsoftware.com\/wp-content\/uploads\/2023\/01\/CronicasSingulares_Walter_7-300x200.jpg 300w, https:\/\/tucomarca.whitekongsoftware.com\/wp-content\/uploads\/2023\/01\/CronicasSingulares_Walter_7-768x512.jpg 768w\" sizes=\"auto, (max-width: 886px) 100vw, 886px\" \/><\/figure>\n\n\n\n<figure class=\"wp-block-image size-large\"><img loading=\"lazy\" decoding=\"async\" width=\"886\" height=\"591\" data-id=\"176553\" src=\"http:\/\/www.tucomarca.com\/wordpress\/segunda\/wp-content\/uploads\/2023\/01\/CronicasSingulares_Walter_4.jpg\" alt=\"\" class=\"wp-image-176553\" srcset=\"https:\/\/tucomarca.whitekongsoftware.com\/wp-content\/uploads\/2023\/01\/CronicasSingulares_Walter_4.jpg 886w, https:\/\/tucomarca.whitekongsoftware.com\/wp-content\/uploads\/2023\/01\/CronicasSingulares_Walter_4-300x200.jpg 300w, https:\/\/tucomarca.whitekongsoftware.com\/wp-content\/uploads\/2023\/01\/CronicasSingulares_Walter_4-768x512.jpg 768w\" sizes=\"auto, (max-width: 886px) 100vw, 886px\" \/><\/figure>\n\n\n\n<figure class=\"wp-block-image size-large\"><img loading=\"lazy\" decoding=\"async\" width=\"886\" height=\"591\" data-id=\"176557\" src=\"http:\/\/www.tucomarca.com\/wordpress\/segunda\/wp-content\/uploads\/2023\/01\/CronicasSingulares_Walter_21.jpg\" alt=\"\" class=\"wp-image-176557\" srcset=\"https:\/\/tucomarca.whitekongsoftware.com\/wp-content\/uploads\/2023\/01\/CronicasSingulares_Walter_21.jpg 886w, https:\/\/tucomarca.whitekongsoftware.com\/wp-content\/uploads\/2023\/01\/CronicasSingulares_Walter_21-300x200.jpg 300w, https:\/\/tucomarca.whitekongsoftware.com\/wp-content\/uploads\/2023\/01\/CronicasSingulares_Walter_21-768x512.jpg 768w\" sizes=\"auto, (max-width: 886px) 100vw, 886px\" \/><\/figure>\n\n\n\n<figure class=\"wp-block-image size-large\"><img loading=\"lazy\" decoding=\"async\" width=\"886\" height=\"591\" data-id=\"176559\" src=\"http:\/\/www.tucomarca.com\/wordpress\/segunda\/wp-content\/uploads\/2023\/01\/CronicasSingulares_Walter_23.jpg\" alt=\"\" class=\"wp-image-176559\" srcset=\"https:\/\/tucomarca.whitekongsoftware.com\/wp-content\/uploads\/2023\/01\/CronicasSingulares_Walter_23.jpg 886w, https:\/\/tucomarca.whitekongsoftware.com\/wp-content\/uploads\/2023\/01\/CronicasSingulares_Walter_23-300x200.jpg 300w, https:\/\/tucomarca.whitekongsoftware.com\/wp-content\/uploads\/2023\/01\/CronicasSingulares_Walter_23-768x512.jpg 768w\" sizes=\"auto, (max-width: 886px) 100vw, 886px\" \/><\/figure>\n\n\n\n<figure class=\"wp-block-image size-large\"><img loading=\"lazy\" decoding=\"async\" width=\"886\" height=\"591\" data-id=\"176561\" src=\"http:\/\/www.tucomarca.com\/wordpress\/segunda\/wp-content\/uploads\/2023\/01\/CronicasSingulares_Walter_26.jpg\" alt=\"\" class=\"wp-image-176561\" srcset=\"https:\/\/tucomarca.whitekongsoftware.com\/wp-content\/uploads\/2023\/01\/CronicasSingulares_Walter_26.jpg 886w, https:\/\/tucomarca.whitekongsoftware.com\/wp-content\/uploads\/2023\/01\/CronicasSingulares_Walter_26-300x200.jpg 300w, https:\/\/tucomarca.whitekongsoftware.com\/wp-content\/uploads\/2023\/01\/CronicasSingulares_Walter_26-768x512.jpg 768w\" sizes=\"auto, (max-width: 886px) 100vw, 886px\" \/><\/figure>\n\n\n\n<figure class=\"wp-block-image size-large\"><img loading=\"lazy\" decoding=\"async\" width=\"886\" height=\"591\" data-id=\"176563\" src=\"http:\/\/www.tucomarca.com\/wordpress\/segunda\/wp-content\/uploads\/2023\/01\/CronicasSingulares_Walter_29.jpg\" alt=\"\" class=\"wp-image-176563\" srcset=\"https:\/\/tucomarca.whitekongsoftware.com\/wp-content\/uploads\/2023\/01\/CronicasSingulares_Walter_29.jpg 886w, https:\/\/tucomarca.whitekongsoftware.com\/wp-content\/uploads\/2023\/01\/CronicasSingulares_Walter_29-300x200.jpg 300w, https:\/\/tucomarca.whitekongsoftware.com\/wp-content\/uploads\/2023\/01\/CronicasSingulares_Walter_29-768x512.jpg 768w\" sizes=\"auto, (max-width: 886px) 100vw, 886px\" \/><\/figure>\n\n\n\n<figure class=\"wp-block-image size-large\"><img loading=\"lazy\" decoding=\"async\" width=\"886\" height=\"591\" data-id=\"176565\" src=\"http:\/\/www.tucomarca.com\/wordpress\/segunda\/wp-content\/uploads\/2023\/01\/CronicasSingulares_Walter_32.jpg\" alt=\"\" class=\"wp-image-176565\" srcset=\"https:\/\/tucomarca.whitekongsoftware.com\/wp-content\/uploads\/2023\/01\/CronicasSingulares_Walter_32.jpg 886w, https:\/\/tucomarca.whitekongsoftware.com\/wp-content\/uploads\/2023\/01\/CronicasSingulares_Walter_32-300x200.jpg 300w, https:\/\/tucomarca.whitekongsoftware.com\/wp-content\/uploads\/2023\/01\/CronicasSingulares_Walter_32-768x512.jpg 768w\" sizes=\"auto, (max-width: 886px) 100vw, 886px\" \/><\/figure>\n<\/figure>\n","protected":false},"excerpt":{"rendered":"<div class=\"mh-excerpt\">Dissabte passat, 21 de gener, es va estrenar el documental Walter: un m\u00f3n de creativitat, cinta que forma part del projecte Cr\u00f2niques singulars, impulsat per la regidoria de Cultura de l&#8217;Ajuntament de Xest per a <a class=\"mh-excerpt-more\" href=\"https:\/\/tucomarca.whitekongsoftware.com\/ca\/el-liceu-de-xest-es-converteix-en-una-passarella-de-moda-en-lestrena-del-documental-walter-un-mon-de-creativitat\/\" title=\"El Liceu de Xest es converteix en una passarel\u00b7la de moda en l&#8217;estrena del documental &#8220;Walter: un m\u00f3n de creativitat&#8221;\">[+] <\/a><\/div>\n","protected":false},"author":12,"featured_media":176552,"comment_status":"open","ping_status":"open","sticky":false,"template":"","format":"gallery","meta":{"footnotes":""},"categories":[10894,10912,11007,10896,10974],"tags":[11071,17960,10914,18718,18704],"class_list":["post-176568","post","type-post","status-publish","format-gallery","has-post-thumbnail","category-la-comarca-ca","category-la-hoya-ca","category-ocio-y-cultura-ca","category-seccion-ca","category-cheste-ca","tag-cheste","tag-francis-montesinos-ca","tag-la-hoya-de-bunol-chiva-ca","tag-susa-plaza-ca","tag-walter-manez-ca","post_format-post-format-gallery"],"_links":{"self":[{"href":"https:\/\/tucomarca.whitekongsoftware.com\/ca\/wp-json\/wp\/v2\/posts\/176568","targetHints":{"allow":["GET"]}}],"collection":[{"href":"https:\/\/tucomarca.whitekongsoftware.com\/ca\/wp-json\/wp\/v2\/posts"}],"about":[{"href":"https:\/\/tucomarca.whitekongsoftware.com\/ca\/wp-json\/wp\/v2\/types\/post"}],"author":[{"embeddable":true,"href":"https:\/\/tucomarca.whitekongsoftware.com\/ca\/wp-json\/wp\/v2\/users\/12"}],"replies":[{"embeddable":true,"href":"https:\/\/tucomarca.whitekongsoftware.com\/ca\/wp-json\/wp\/v2\/comments?post=176568"}],"version-history":[{"count":0,"href":"https:\/\/tucomarca.whitekongsoftware.com\/ca\/wp-json\/wp\/v2\/posts\/176568\/revisions"}],"wp:featuredmedia":[{"embeddable":true,"href":"https:\/\/tucomarca.whitekongsoftware.com\/ca\/wp-json\/wp\/v2\/media\/176552"}],"wp:attachment":[{"href":"https:\/\/tucomarca.whitekongsoftware.com\/ca\/wp-json\/wp\/v2\/media?parent=176568"}],"wp:term":[{"taxonomy":"category","embeddable":true,"href":"https:\/\/tucomarca.whitekongsoftware.com\/ca\/wp-json\/wp\/v2\/categories?post=176568"},{"taxonomy":"post_tag","embeddable":true,"href":"https:\/\/tucomarca.whitekongsoftware.com\/ca\/wp-json\/wp\/v2\/tags?post=176568"}],"curies":[{"name":"wp","href":"https:\/\/api.w.org\/{rel}","templated":true}]}}