{"id":176540,"date":"2023-01-23T10:00:00","date_gmt":"2023-01-23T08:00:00","guid":{"rendered":"https:\/\/www.tucomarca.com\/wordpress\/segunda\/?p=176540"},"modified":"2023-01-23T20:53:13","modified_gmt":"2023-01-23T18:53:13","slug":"el-barri-de-les-penyes-de-requena-celebra-els-actes-en-honor-de-sant-sebastia","status":"publish","type":"post","link":"https:\/\/tucomarca.whitekongsoftware.com\/ca\/el-barri-de-les-penyes-de-requena-celebra-els-actes-en-honor-de-sant-sebastia\/","title":{"rendered":"El barri de les Penyes de Requena celebra els actes en honor de Sant Sebasti\u00e0"},"content":{"rendered":"\n<p class=\"wp-block-paragraph\">Els ve\u00efns del barri de Les Penyes de Requena van calar foc el dissabte a la nit a una monumental foguera. Els organitzadors de l&#8217;esdeveniment van repartir entrepans i cre\u00eflles rostides entre el p\u00fablic assistent, que va acompanyar amb un excel\u00b7lent vi i posteriorment es va poder assaborir un bon caf\u00e9. Aquests productes es van consumir gaudint de la calor de la foguera, en una nit freda amb temperatures de ple hivern.<br>La foguera s&#8217;emmarca dins dels actes de les festes en honor de Sant Sebasti\u00e0, que van incloure tamb\u00e9 una process\u00f3 en acabar la missa del diumenge i un repartiment de pa bene\u00eft.&nbsp;<br>Els festers van realitzar el diumenge al mat\u00ed un cercaviles en el qual van mostrar les coques de pa bene\u00eft pels carrers pr\u00f2xims al barri de Les Penyes. Informa,<strong> Luis Ib\u00e1\u00f1ez.<\/strong><\/p>\n\n\n\n<p class=\"wp-block-paragraph\"><\/p>\n","protected":false},"excerpt":{"rendered":"<div class=\"mh-excerpt\">Els ve\u00efns del barri de Les Penyes de Requena van calar foc el dissabte a la nit a una monumental foguera. Els organitzadors de l&#8217;esdeveniment van repartir entrepans i cre\u00eflles rostides entre el p\u00fablic assistent, <a class=\"mh-excerpt-more\" href=\"https:\/\/tucomarca.whitekongsoftware.com\/ca\/el-barri-de-les-penyes-de-requena-celebra-els-actes-en-honor-de-sant-sebastia\/\" title=\"El barri de les Penyes de Requena celebra els actes en honor de Sant Sebasti\u00e0\">[+] <\/a><\/div>\n","protected":false},"author":12,"featured_media":176539,"comment_status":"open","ping_status":"open","sticky":false,"template":"","format":"standard","meta":{"footnotes":""},"categories":[10898,10894,11004,11007,11008,10908,10909,10896],"tags":[13712,11099,10910],"class_list":["post-176540","post","type-post","status-publish","format-standard","has-post-thumbnail","category-ventana-ca","category-la-comarca-ca","category-la-semana-en-imagenes-ca","category-ocio-y-cultura-ca","category-pueblos-en-fiestas-ca","category-requena-ca","category-requena-utiel-ca","category-seccion-ca","tag-las-penas-ca","tag-requena-ca","tag-requena-utiel-ca"],"_links":{"self":[{"href":"https:\/\/tucomarca.whitekongsoftware.com\/ca\/wp-json\/wp\/v2\/posts\/176540","targetHints":{"allow":["GET"]}}],"collection":[{"href":"https:\/\/tucomarca.whitekongsoftware.com\/ca\/wp-json\/wp\/v2\/posts"}],"about":[{"href":"https:\/\/tucomarca.whitekongsoftware.com\/ca\/wp-json\/wp\/v2\/types\/post"}],"author":[{"embeddable":true,"href":"https:\/\/tucomarca.whitekongsoftware.com\/ca\/wp-json\/wp\/v2\/users\/12"}],"replies":[{"embeddable":true,"href":"https:\/\/tucomarca.whitekongsoftware.com\/ca\/wp-json\/wp\/v2\/comments?post=176540"}],"version-history":[{"count":0,"href":"https:\/\/tucomarca.whitekongsoftware.com\/ca\/wp-json\/wp\/v2\/posts\/176540\/revisions"}],"wp:featuredmedia":[{"embeddable":true,"href":"https:\/\/tucomarca.whitekongsoftware.com\/ca\/wp-json\/wp\/v2\/media\/176539"}],"wp:attachment":[{"href":"https:\/\/tucomarca.whitekongsoftware.com\/ca\/wp-json\/wp\/v2\/media?parent=176540"}],"wp:term":[{"taxonomy":"category","embeddable":true,"href":"https:\/\/tucomarca.whitekongsoftware.com\/ca\/wp-json\/wp\/v2\/categories?post=176540"},{"taxonomy":"post_tag","embeddable":true,"href":"https:\/\/tucomarca.whitekongsoftware.com\/ca\/wp-json\/wp\/v2\/tags?post=176540"}],"curies":[{"name":"wp","href":"https:\/\/api.w.org\/{rel}","templated":true}]}}