{"id":176290,"date":"2023-01-19T12:55:00","date_gmt":"2023-01-19T10:55:00","guid":{"rendered":"https:\/\/www.tucomarca.com\/wordpress\/segunda\/?p=176290"},"modified":"2023-01-19T14:46:14","modified_gmt":"2023-01-19T12:46:14","slug":"salvem-godelleta-i-salvem-farrajon-es-manifestaran-aquest-dissabte-a-valencia-contra-les-macrorenovables","status":"publish","type":"post","link":"https:\/\/tucomarca.whitekongsoftware.com\/ca\/salvem-godelleta-i-salvem-farrajon-es-manifestaran-aquest-dissabte-a-valencia-contra-les-macrorenovables\/","title":{"rendered":"Salvem Godelleta i Salvem Farraj\u00f3n es manifestaran aquest dissabte a Val\u00e8ncia contra les macrorenovables"},"content":{"rendered":"\n<p class=\"wp-block-paragraph\">Les plataformes Salvem Godelleta i Salvem Farraj\u00f3n s&#8217;uneixen a la manifestaci\u00f3 que tindr\u00e0 lloc a Val\u00e8ncia aquest dissabte, 21 de gener, organitzada per les Coordinadora per la Ubicaci\u00f3 Racional de les Energies Renovables, amb el lema de &#8220;Renovables s\u00ed per\u00f2 no aix\u00ed. Per un m\u00f3n rural viu&#8221;<\/p>\n\n\n\n<p class=\"wp-block-paragraph\">&#8220;S&#8217;est\u00e0 impulsant un model de transici\u00f3 energ\u00e8tica a les renovables sense participaci\u00f3 de la ciutadania, sense respecte a les entitats locals, que destrueix terres agr\u00edcoles, arrasa amb boscos i posa en perill la biodiversitat&#8221;, manifesten.<\/p>\n\n\n\n<p class=\"wp-block-paragraph\">&#8220;Empreses foranes i fons d&#8217;inversi\u00f3 especulen amb les terres de l&#8217;interior que s\u00f3n m\u00e9s barates i amenacen sectors tan importants com l&#8217;agr\u00edcola i el turisme rural&#8221;, adverteixen les plataformes.<\/p>\n\n\n\n<p class=\"wp-block-paragraph\">El divendres es va realitzar la primera reuni\u00f3 oficial de totes les plataformes comarcals en contra de les macro plantes de renovables. La reuni\u00f3 es va celebrar a la Sala del Mercat. En aquest primer contacte es van posar punts en com\u00fa i es va fixar una agenda, que tindr\u00e0 com a primera activitat la manifestaci\u00f3 que es desenvolupar\u00e0 el pr\u00f2xim dia 21 de gener a Val\u00e8ncia a les 12 hores des del Palau de Just\u00edcia fins a la pla\u00e7a de la Verge.<\/p>\n\n\n\n<figure class=\"wp-block-gallery has-nested-images columns-2 is-cropped wp-block-gallery-1 is-layout-flex wp-block-gallery-is-layout-flex\">\n<figure class=\"wp-block-image size-large\"><img loading=\"lazy\" decoding=\"async\" width=\"1080\" height=\"607\" data-id=\"176276\" src=\"http:\/\/www.tucomarca.com\/wordpress\/segunda\/wp-content\/uploads\/2023\/01\/MacroRenovables01.jpg\" alt=\"\" class=\"wp-image-176276\" srcset=\"https:\/\/tucomarca.whitekongsoftware.com\/wp-content\/uploads\/2023\/01\/MacroRenovables01.jpg 1080w, https:\/\/tucomarca.whitekongsoftware.com\/wp-content\/uploads\/2023\/01\/MacroRenovables01-300x169.jpg 300w, https:\/\/tucomarca.whitekongsoftware.com\/wp-content\/uploads\/2023\/01\/MacroRenovables01-1024x576.jpg 1024w, https:\/\/tucomarca.whitekongsoftware.com\/wp-content\/uploads\/2023\/01\/MacroRenovables01-768x432.jpg 768w, https:\/\/tucomarca.whitekongsoftware.com\/wp-content\/uploads\/2023\/01\/MacroRenovables01-678x381.jpg 678w\" sizes=\"auto, (max-width: 1080px) 100vw, 1080px\" \/><\/figure>\n\n\n\n<figure class=\"wp-block-image size-large\"><img loading=\"lazy\" decoding=\"async\" width=\"1080\" height=\"607\" data-id=\"176280\" src=\"http:\/\/www.tucomarca.com\/wordpress\/segunda\/wp-content\/uploads\/2023\/01\/MacroRenovables03.jpg\" alt=\"\" class=\"wp-image-176280\" srcset=\"https:\/\/tucomarca.whitekongsoftware.com\/wp-content\/uploads\/2023\/01\/MacroRenovables03.jpg 1080w, https:\/\/tucomarca.whitekongsoftware.com\/wp-content\/uploads\/2023\/01\/MacroRenovables03-300x169.jpg 300w, https:\/\/tucomarca.whitekongsoftware.com\/wp-content\/uploads\/2023\/01\/MacroRenovables03-1024x576.jpg 1024w, https:\/\/tucomarca.whitekongsoftware.com\/wp-content\/uploads\/2023\/01\/MacroRenovables03-768x432.jpg 768w, https:\/\/tucomarca.whitekongsoftware.com\/wp-content\/uploads\/2023\/01\/MacroRenovables03-678x381.jpg 678w\" sizes=\"auto, (max-width: 1080px) 100vw, 1080px\" \/><\/figure>\n\n\n\n<figure class=\"wp-block-image size-large\"><img loading=\"lazy\" decoding=\"async\" width=\"1080\" height=\"607\" data-id=\"176278\" src=\"http:\/\/www.tucomarca.com\/wordpress\/segunda\/wp-content\/uploads\/2023\/01\/MacroRenovables02.jpg\" alt=\"\" class=\"wp-image-176278\" srcset=\"https:\/\/tucomarca.whitekongsoftware.com\/wp-content\/uploads\/2023\/01\/MacroRenovables02.jpg 1080w, https:\/\/tucomarca.whitekongsoftware.com\/wp-content\/uploads\/2023\/01\/MacroRenovables02-300x169.jpg 300w, https:\/\/tucomarca.whitekongsoftware.com\/wp-content\/uploads\/2023\/01\/MacroRenovables02-1024x576.jpg 1024w, https:\/\/tucomarca.whitekongsoftware.com\/wp-content\/uploads\/2023\/01\/MacroRenovables02-768x432.jpg 768w, https:\/\/tucomarca.whitekongsoftware.com\/wp-content\/uploads\/2023\/01\/MacroRenovables02-678x381.jpg 678w\" sizes=\"auto, (max-width: 1080px) 100vw, 1080px\" \/><\/figure>\n\n\n\n<figure class=\"wp-block-image size-large\"><img loading=\"lazy\" decoding=\"async\" width=\"1080\" height=\"607\" data-id=\"176282\" src=\"http:\/\/www.tucomarca.com\/wordpress\/segunda\/wp-content\/uploads\/2023\/01\/MacroRenovables04.jpg\" alt=\"\" class=\"wp-image-176282\" srcset=\"https:\/\/tucomarca.whitekongsoftware.com\/wp-content\/uploads\/2023\/01\/MacroRenovables04.jpg 1080w, https:\/\/tucomarca.whitekongsoftware.com\/wp-content\/uploads\/2023\/01\/MacroRenovables04-300x169.jpg 300w, https:\/\/tucomarca.whitekongsoftware.com\/wp-content\/uploads\/2023\/01\/MacroRenovables04-1024x576.jpg 1024w, https:\/\/tucomarca.whitekongsoftware.com\/wp-content\/uploads\/2023\/01\/MacroRenovables04-768x432.jpg 768w, https:\/\/tucomarca.whitekongsoftware.com\/wp-content\/uploads\/2023\/01\/MacroRenovables04-678x381.jpg 678w\" sizes=\"auto, (max-width: 1080px) 100vw, 1080px\" \/><\/figure>\n<\/figure>\n","protected":false},"excerpt":{"rendered":"<div class=\"mh-excerpt\">Les plataformes Salvem Godelleta i Salvem Farraj\u00f3n s&#8217;uneixen a la manifestaci\u00f3 que tindr\u00e0 lloc a Val\u00e8ncia aquest dissabte, 21 de gener, organitzada per les Coordinadora per la Ubicaci\u00f3 Racional de les Energies Renovables, amb el <a class=\"mh-excerpt-more\" href=\"https:\/\/tucomarca.whitekongsoftware.com\/ca\/salvem-godelleta-i-salvem-farrajon-es-manifestaran-aquest-dissabte-a-valencia-contra-les-macrorenovables\/\" title=\"Salvem Godelleta i Salvem Farraj\u00f3n es manifestaran aquest dissabte a Val\u00e8ncia contra les macrorenovables\">[+] <\/a><\/div>\n","protected":false},"author":12,"featured_media":176270,"comment_status":"open","ping_status":"open","sticky":false,"template":"","format":"standard","meta":{"footnotes":""},"categories":[10911,10977,10948,10894,10904,10912,10903,10947,10896],"tags":[10913,11087,10914,16358,18698],"class_list":["post-176290","post","type-post","status-publish","format-standard","has-post-thumbnail","category-bunol-ca","category-godelleta-ca","category-infraestructuras-ca","category-la-comarca-ca","category-sin-categorizar-ca","category-la-hoya-ca","category-medio-ambiente-la-comarca-ca","category-politica","category-seccion-ca","tag-bunol-ca","tag-godelleta-ca","tag-la-hoya-de-bunol-chiva-ca","tag-salvemos-farrajon-ca","tag-salvemos-godelleta-ca"],"_links":{"self":[{"href":"https:\/\/tucomarca.whitekongsoftware.com\/ca\/wp-json\/wp\/v2\/posts\/176290","targetHints":{"allow":["GET"]}}],"collection":[{"href":"https:\/\/tucomarca.whitekongsoftware.com\/ca\/wp-json\/wp\/v2\/posts"}],"about":[{"href":"https:\/\/tucomarca.whitekongsoftware.com\/ca\/wp-json\/wp\/v2\/types\/post"}],"author":[{"embeddable":true,"href":"https:\/\/tucomarca.whitekongsoftware.com\/ca\/wp-json\/wp\/v2\/users\/12"}],"replies":[{"embeddable":true,"href":"https:\/\/tucomarca.whitekongsoftware.com\/ca\/wp-json\/wp\/v2\/comments?post=176290"}],"version-history":[{"count":0,"href":"https:\/\/tucomarca.whitekongsoftware.com\/ca\/wp-json\/wp\/v2\/posts\/176290\/revisions"}],"wp:featuredmedia":[{"embeddable":true,"href":"https:\/\/tucomarca.whitekongsoftware.com\/ca\/wp-json\/wp\/v2\/media\/176270"}],"wp:attachment":[{"href":"https:\/\/tucomarca.whitekongsoftware.com\/ca\/wp-json\/wp\/v2\/media?parent=176290"}],"wp:term":[{"taxonomy":"category","embeddable":true,"href":"https:\/\/tucomarca.whitekongsoftware.com\/ca\/wp-json\/wp\/v2\/categories?post=176290"},{"taxonomy":"post_tag","embeddable":true,"href":"https:\/\/tucomarca.whitekongsoftware.com\/ca\/wp-json\/wp\/v2\/tags?post=176290"}],"curies":[{"name":"wp","href":"https:\/\/api.w.org\/{rel}","templated":true}]}}