{"id":176264,"date":"2023-01-19T10:05:00","date_gmt":"2023-01-19T08:05:00","guid":{"rendered":"https:\/\/www.tucomarca.com\/wordpress\/segunda\/?p=176264"},"modified":"2023-01-19T14:21:54","modified_gmt":"2023-01-19T12:21:54","slug":"obertes-les-inscripcions-del-xvii-gran-fons-de-turis-memorial-raimon-soria","status":"publish","type":"post","link":"https:\/\/tucomarca.whitekongsoftware.com\/ca\/obertes-les-inscripcions-del-xvii-gran-fons-de-turis-memorial-raimon-soria\/","title":{"rendered":"<strong>Obertes les inscripcions del XVII Gran Fons de Tur\u00eds memorial Raimon Soria<\/strong>"},"content":{"rendered":"\n<p class=\"wp-block-paragraph\">Ja estan obertes les inscripcions al web Cronnoruner per tal de poder participar en una de les principals proves esportives del municipi.<\/p>\n\n\n\n<p class=\"wp-block-paragraph\">El pr\u00f2xim 12 de febrer Tur\u00eds tornar\u00e0 a ser l\u2019epicentre de l\u2019atletisme en esta cursa que consta de 16 quil\u00f2metres si b\u00e9 en esta ocasi\u00f3 tamb\u00e9 se celebrar\u00e0 la VII cursa d\u2019iniciaci\u00f3 que consta de 8,75.<\/p>\n\n\n\n<p class=\"wp-block-paragraph\">La cursa comen\u00e7ar\u00e0 a les 10.30 i estar\u00e0 precedida a les 9.30 de les categories infantils a partir de benjamins.<\/p>\n\n\n\n<p class=\"wp-block-paragraph\">L\u2019Ajuntament de Tur\u00eds, el Club Triesport i Caixaturis col\u00b7laboren per tal que l\u2019esdeveniment esportiu siga un \u00e8xit i la gent gaudisca un any m\u00e9s de l\u2019esport en un ambient cordial i saludable.<\/p>\n\n\n\n<p class=\"wp-block-paragraph\"><\/p>\n","protected":false},"excerpt":{"rendered":"<div class=\"mh-excerpt\">Ja estan obertes les inscripcions al web Cronnoruner per tal de poder participar en una de les principals proves esportives del municipi. El pr\u00f2xim 12 de febrer Tur\u00eds tornar\u00e0 a ser l\u2019epicentre de l\u2019atletisme en <a class=\"mh-excerpt-more\" href=\"https:\/\/tucomarca.whitekongsoftware.com\/ca\/obertes-les-inscripcions-del-xvii-gran-fons-de-turis-memorial-raimon-soria\/\" title=\"Obertes les inscripcions del XVII Gran Fons de Tur\u00eds memorial Raimon Soria\">[+] <\/a><\/div>\n","protected":false},"author":12,"featured_media":176263,"comment_status":"open","ping_status":"open","sticky":false,"template":"","format":"standard","meta":{"footnotes":""},"categories":[11018,11003,10894,10902,10896,11047],"tags":[18693,11356,11093,18694],"class_list":["post-176264","post","type-post","status-publish","format-standard","has-post-thumbnail","category-atletisme","category-sports","category-la-comarca-ca","category-la-ribera-ca","category-seccion-ca","category-turis-ca","tag-memorial-raimon-soria-ca","tag-ribera-alta-ca","tag-turis-ca","tag-xvii-gran-fondo-ca"],"_links":{"self":[{"href":"https:\/\/tucomarca.whitekongsoftware.com\/ca\/wp-json\/wp\/v2\/posts\/176264","targetHints":{"allow":["GET"]}}],"collection":[{"href":"https:\/\/tucomarca.whitekongsoftware.com\/ca\/wp-json\/wp\/v2\/posts"}],"about":[{"href":"https:\/\/tucomarca.whitekongsoftware.com\/ca\/wp-json\/wp\/v2\/types\/post"}],"author":[{"embeddable":true,"href":"https:\/\/tucomarca.whitekongsoftware.com\/ca\/wp-json\/wp\/v2\/users\/12"}],"replies":[{"embeddable":true,"href":"https:\/\/tucomarca.whitekongsoftware.com\/ca\/wp-json\/wp\/v2\/comments?post=176264"}],"version-history":[{"count":0,"href":"https:\/\/tucomarca.whitekongsoftware.com\/ca\/wp-json\/wp\/v2\/posts\/176264\/revisions"}],"wp:featuredmedia":[{"embeddable":true,"href":"https:\/\/tucomarca.whitekongsoftware.com\/ca\/wp-json\/wp\/v2\/media\/176263"}],"wp:attachment":[{"href":"https:\/\/tucomarca.whitekongsoftware.com\/ca\/wp-json\/wp\/v2\/media?parent=176264"}],"wp:term":[{"taxonomy":"category","embeddable":true,"href":"https:\/\/tucomarca.whitekongsoftware.com\/ca\/wp-json\/wp\/v2\/categories?post=176264"},{"taxonomy":"post_tag","embeddable":true,"href":"https:\/\/tucomarca.whitekongsoftware.com\/ca\/wp-json\/wp\/v2\/tags?post=176264"}],"curies":[{"name":"wp","href":"https:\/\/api.w.org\/{rel}","templated":true}]}}