{"id":176251,"date":"2023-01-19T11:00:00","date_gmt":"2023-01-19T09:00:00","guid":{"rendered":"https:\/\/www.tucomarca.com\/wordpress\/segunda\/?p=176251"},"modified":"2023-01-19T13:10:42","modified_gmt":"2023-01-19T11:10:42","slug":"el-pp-de-la-pobla-de-vallbona-reclama-la-linia-dautobus-a-lhospital-de-lliria-enfront-del-vot-contrari-sistematic-de-psoe-i-compromis","status":"publish","type":"post","link":"https:\/\/tucomarca.whitekongsoftware.com\/ca\/el-pp-de-la-pobla-de-vallbona-reclama-la-linia-dautobus-a-lhospital-de-lliria-enfront-del-vot-contrari-sistematic-de-psoe-i-compromis\/","title":{"rendered":"El PP de la Pobla de Vallbona reclama la l\u00ednia d&#8217;autob\u00fas a l&#8217;hospital de Ll\u00edria \u201cenfront del vot contrari sistem\u00e0tic de PSOE i Comprom\u00eds\u201d"},"content":{"rendered":"\n<h4 class=\"wp-block-heading\">Contelles indica que \u201cel PP va presentar en les Corts Valencianes una esmena al Pressupost de la Generalitat per a aconseguir aquest servei, per\u00f2 va ser rebutjada pels partits que precisament governen a l&#8217;Ajuntament de sa Pobla\u201d<\/h4>\n\n\n\n<h4 class=\"wp-block-heading\">\u201cPSOE i Comprom\u00eds portaven aquesta l\u00ednia d&#8217;autob\u00fas en els seus programes electorals, per la qual cosa no sols boicotegen inversions, sin\u00f3 que a m\u00e9s estan enganyant una vegada m\u00e9s a tots els poblanos\u201d.&nbsp;<\/h4>\n\n\n\n<h4 class=\"wp-block-heading\">La portaveu del PP lamenta que \u201ctamb\u00e9 han votat en contra de posar pressupost per al centre d&#8217;especialitats o d&#8217;augmentar el del drenatge per a les urbanitzacions, i l&#8217;alcalde ens contesta que no sap el que voten els seus diputats\u201d<\/h4>\n\n\n\n<p class=\"wp-block-paragraph\">La portaveu del Partit Popular a l&#8217;Ajuntament de la Pobla de Vallbona, Mari Carmen Contelles, ha tornat a reclamar la posada en marxa d&#8217;una l\u00ednia d&#8217;autob\u00fas a l&#8217;hospital de Ll\u00edria alhora que ha denunciat el \u201cboicot sistem\u00e0tic de Comprom\u00eds i PSOE en totes les administracions votant en contra d&#8217;aquesta proposta una vegada i una altra\u201d.&nbsp;<br>En concret, Contelles ha explicat que el PP va presentar en les Corts Valencianes una esmena al Pressupost de la Generalitat Valenciana de 2023 en la qual reclamava pressupost per a la posada en marxa d&#8217;una nova l\u00ednia d&#8217;autob\u00fas que unira el municipi amb l&#8217;hospital de Ll\u00edria, \u201cesmena que va ser rebutjada amb el vot dels socialistes i de Comprom\u00eds, els mateixos partits que precisament governen a l&#8217;Ajuntament de la Pobla de Vallbona\u201d.<br>La portaveu del PP ha recordat a m\u00e9s que \u201cno contents amb votar en contra, Comprom\u00eds, el partit de l&#8217;alcalde Josep Vicent Garcia i Tamarit, i el PSOE, els seus socis, portaven la posada en marxa d&#8217;aquesta l\u00ednia d&#8217;autob\u00fas en els seus programes electorals, per la qual cosa no sols boicotegen inversions, sin\u00f3 que a m\u00e9s estan enganyant una vegada m\u00e9s als seus votants i a tots els poblanos\u201d.&nbsp;<br>\u201c\u00c9s m\u00e9s, en 2015, estant Comprom\u00eds i PSOE en l&#8217;oposici\u00f3, demanaven aquesta l\u00ednia de bus i amb ra\u00f3, per\u00f2 va ser arribar al govern i s&#8217;han oblidat per complet. Tant que els agrada la mem\u00f2ria hist\u00f2rica i pateixen amn\u00e8sia amb el que demanaven fa huit anys, nom\u00e9s tenen mem\u00f2ria per a reivindicar el que els interessa\u201d, continua Contelles.&nbsp;<br>Contelles ha indicat que \u201cla posada en marxa de l&#8217;hospital de Ll\u00edria, infraestructura que per cert va ser constru\u00efda per un govern del PP, va ser fa ja huit anys, i des de llavors encara continuem esperant aquesta l\u00ednia d&#8217;autob\u00fas que done servei a la Pobla de Vallbona, on a m\u00e9s els ve\u00efns, especialment gent gran, no deixen de reclamar com un servei necessari, per\u00f2 el govern de Josep Vicent Garcia i Tamarit com els seus partits en la Greneralitat continuen donant l&#8217;esquena\u201d.&nbsp;<br>La portaveu del PP ha indicat que \u201cel m\u00e9s surrealista \u00e9s les contestacions de l&#8217;alcalde Josep Vicent Garcia i Tamarit en el Ple quan li preguntem pel vot en contra de Comprom\u00eds a l&#8217;esmena del PP, responent que no sap el que voten els diputats del seu partit en les Corts\u201d.&nbsp;<br>\u201cAix\u00f2 nom\u00e9s pot significar dues coses: o l&#8217;alcalde no pinta res en el seu partit i no li consulten els assumptes que afecten a la Pobla de Vallbona, o que l&#8217;alcalde passa per complet d&#8217;interessar-se per les q\u00fcestions del municipi davant els seus. No sabem quin de les dues opcions \u00e9s pitjor\u201d, resumeix Contelles.&nbsp;<br>La portaveu popular ha indicat a m\u00e9s que aquesta esmena rebutjada de la l\u00ednia d&#8217;autob\u00fas a l&#8217;hospital de Ll\u00edria \u201cno \u00e9s l&#8217;\u00fanica\u201d. \u201cPSOE i Comprom\u00eds tamb\u00e9 van votar en contra de l&#8217;esmena del PP als Pressupostos de 2023 demanant el centre d&#8217;especialitats, o com ja denunciem, van rebutjar aix\u00ed mateix l&#8217;esmena per a augmentar el pressupost de les obres del drenatge a les urbanitzacions\u201d.&nbsp;<br>\u201cS\u00f3n els partits del \u2018no\u2019 a la Pobla de Vallbona, no sabem si per desconeixement i falta d&#8217;inter\u00e9s com insinua l&#8217;alcalde, o per malvolen\u00e7a perqu\u00e8 les propostes vengen del PP i les rebutgen, encara que ells mateixos saben que s\u00f3n necess\u00e0ries i positives. Aquesta actitud nom\u00e9s demostra el m\u00e9s que necessari canvi tant al nostre Ajuntament com en la Generalitat perqu\u00e8 la veu dels poblanos compte com correspon en els pressupostos\u201d, ha concl\u00f2s Contelles.<\/p>\n\n\n\n<p class=\"wp-block-paragraph\"><\/p>\n","protected":false},"excerpt":{"rendered":"<div class=\"mh-excerpt\">Contelles indica que \u201cel PP va presentar en les Corts Valencianes una esmena al Pressupost de la Generalitat per a aconseguir aquest servei, per\u00f2 va ser rebutjada pels partits que precisament governen a l&#8217;Ajuntament de <a class=\"mh-excerpt-more\" href=\"https:\/\/tucomarca.whitekongsoftware.com\/ca\/el-pp-de-la-pobla-de-vallbona-reclama-la-linia-dautobus-a-lhospital-de-lliria-enfront-del-vot-contrari-sistematic-de-psoe-i-compromis\/\" title=\"El PP de la Pobla de Vallbona reclama la l\u00ednia d&#8217;autob\u00fas a l&#8217;hospital de Ll\u00edria \u201cenfront del vot contrari sistem\u00e0tic de PSOE i Comprom\u00eds\u201d\">[+] <\/a><\/div>\n","protected":false},"author":12,"featured_media":173925,"comment_status":"open","ping_status":"open","sticky":false,"template":"","format":"standard","meta":{"footnotes":""},"categories":[10892,10948,10894,10915,10947,10896],"tags":[10899,10916,11274],"class_list":["post-176251","post","type-post","status-publish","format-standard","has-post-thumbnail","category-camp-de-turia-ca","category-infraestructuras-ca","category-la-comarca-ca","category-la-pobla-ca","category-politica","category-seccion-ca","tag-camp-de-turia-ca","tag-la-pobla-de-vallbona-ca","tag-pp-pobla-de-vallbona-ca"],"_links":{"self":[{"href":"https:\/\/tucomarca.whitekongsoftware.com\/ca\/wp-json\/wp\/v2\/posts\/176251","targetHints":{"allow":["GET"]}}],"collection":[{"href":"https:\/\/tucomarca.whitekongsoftware.com\/ca\/wp-json\/wp\/v2\/posts"}],"about":[{"href":"https:\/\/tucomarca.whitekongsoftware.com\/ca\/wp-json\/wp\/v2\/types\/post"}],"author":[{"embeddable":true,"href":"https:\/\/tucomarca.whitekongsoftware.com\/ca\/wp-json\/wp\/v2\/users\/12"}],"replies":[{"embeddable":true,"href":"https:\/\/tucomarca.whitekongsoftware.com\/ca\/wp-json\/wp\/v2\/comments?post=176251"}],"version-history":[{"count":0,"href":"https:\/\/tucomarca.whitekongsoftware.com\/ca\/wp-json\/wp\/v2\/posts\/176251\/revisions"}],"wp:featuredmedia":[{"embeddable":true,"href":"https:\/\/tucomarca.whitekongsoftware.com\/ca\/wp-json\/wp\/v2\/media\/173925"}],"wp:attachment":[{"href":"https:\/\/tucomarca.whitekongsoftware.com\/ca\/wp-json\/wp\/v2\/media?parent=176251"}],"wp:term":[{"taxonomy":"category","embeddable":true,"href":"https:\/\/tucomarca.whitekongsoftware.com\/ca\/wp-json\/wp\/v2\/categories?post=176251"},{"taxonomy":"post_tag","embeddable":true,"href":"https:\/\/tucomarca.whitekongsoftware.com\/ca\/wp-json\/wp\/v2\/tags?post=176251"}],"curies":[{"name":"wp","href":"https:\/\/api.w.org\/{rel}","templated":true}]}}