{"id":176241,"date":"2023-01-18T19:00:00","date_gmt":"2023-01-18T17:00:00","guid":{"rendered":"https:\/\/www.tucomarca.com\/wordpress\/segunda\/?p=176241"},"modified":"2023-01-18T20:27:57","modified_gmt":"2023-01-18T18:27:57","slug":"el-vicepresident-segon-del-consell-visita-la-casa-valterra-de-xest-abans-de-la-seua-habilitacio","status":"publish","type":"post","link":"https:\/\/tucomarca.whitekongsoftware.com\/ca\/el-vicepresident-segon-del-consell-visita-la-casa-valterra-de-xest-abans-de-la-seua-habilitacio\/","title":{"rendered":"El Vicepresident Segon del Consell visita la Casa Valterra de Xest abans de la seua habilitaci\u00f3"},"content":{"rendered":"\n<p class=\"wp-block-paragraph\"><strong>El Ayuntamiento ha recibido una subvenci\u00f3n de 500.000 euros del Pla Conviure de la Vicepresidencia Segunda, destinados a la ampliaci\u00f3n y habilitaci\u00f3n de la Casa Valterra<\/strong><\/p>\n\n\n\n<p class=\"wp-block-paragraph\">L&#8217;Ajuntament ha rebut una subvenci\u00f3 de 500.000 euros del Pla Conviure de la Vicepresid\u00e8ncia Segona, destinats a l&#8217;ampliaci\u00f3 i habilitaci\u00f3 de la Casa Valterra<\/p>\n\n\n\n<p class=\"wp-block-paragraph\">Xest, dimecres 18 de gener de 2023. El Vicepresident Segon del Consell i Conseller d&#8217;Habitatge i Arquitectura Bioclim\u00e0tica, H\u00e9ctor Illueca, i el Director General de Qualitat, Rehabilitaci\u00f3 i Efici\u00e8ncia Energ\u00e8tica, Alberto Rubio Garrido, han sigut rebuts a l&#8217;Ajuntament de Xest aquest mat\u00ed per l&#8217;alcalde, Jos\u00e9 Morell, les regidores M\u00aa \u00c1ngeles Llorente i Tal\u00eda Rosell\u00f3 i el regidor Ra\u00fal Mota.\u00a0<\/p>\n\n\n\n<p class=\"wp-block-paragraph\">El motiu de la visita ha sigut con\u00e9ixer in situ el projecte d&#8217;ampliaci\u00f3 i habilitaci\u00f3 de la Casa Valterra, les obres de la qual comen\u00e7aran pr\u00f2ximament, segons ha afirmat l&#8217;alcalde, i es prolongaran durant 16 mesos. Aquesta actuaci\u00f3, amb un pressupost total d&#8217;un mili\u00f3 d&#8217;euros, comptar\u00e0 amb una subvenci\u00f3 de 500.000 euros del Pla Conviure de la Vicepresid\u00e8ncia Segona. &#8220;En un futur la planta baixa de la Casa Valterra albergar\u00e0 una sala d&#8217;actes amb capacitat per a unes 150 persones, una sala multiusos i l&#8217;oficina de turisme. Les dues plantes restants seran espai di\u00e0fans que anirem adaptant a les necessitats del municipi. Les obres es realitzaran tenint en compte la conservaci\u00f3 del patrimoni, ja que es tracta d&#8217;una casa molt representativa de l&#8217;arquitectura xestana de finals del segle XIX i principis del XX&#8221;, ha explicat Morell. &#8220;Es tracta d&#8217;un projecte en el qual hem posat molta faena i il\u00b7lusi\u00f3 i que es materialitzar\u00e0 molt prompte&#8221;.<\/p>\n\n\n\n<p class=\"wp-block-paragraph\">Abans de visitar la infraestructura situada en la pla\u00e7a de l&#8217;Esgl\u00e9sia, Illueca ha signat en el Llibre d&#8217;Honor de l&#8217;Ajuntament i ha mantingut una reuni\u00f3 amb l&#8217;alcalde i els regidors assistents per a analitzar el projecte. El vicepresident ha destacat la import\u00e0ncia d&#8217;aquesta actuaci\u00f3, que &#8220;permetr\u00e0 a la ciutadania de Xest gaudir d&#8217;un espai de trobada i de promoci\u00f3 de la cultura en la localitat, una proposta b\u00e0sica per a promoure un oci saludable&#8221;.\u00a0<br>A m\u00e9s, Illueca ha apuntat que el Pla Conviure permet promoure el desenvolupament comunitari d&#8217;una forma territorializada. &#8220;Ja portem una inversi\u00f3 de 48.786.900 euros en 110 municipis que estan regenerant i rehabilitant els seus espais comuns per a democratitzar les ofertes culturals i d&#8217;oci, fent-les m\u00e9s accessibles a tota la ciutadania, una q\u00fcesti\u00f3 indispensable en la lluita per a reduir les desigualtats territorials&#8221;, ha declarat.<\/p>\n\n\n\n<p class=\"wp-block-paragraph\"><strong>Habilitaci\u00f3 de la Casa Valterra<br><\/strong>La Casa Valterra data de l&#8217;any 1859; es tracta d&#8217;un exemple de l&#8217;arquitectura tradicional de la localitat i est\u00e0 inclosa en el Pla General de Xest com a B\u00e9 d&#8217;Inter\u00e9s Local. En l&#8217;actualitat, est\u00e0 deshabitada i sense \u00fas.<\/p>\n\n\n\n<p class=\"wp-block-paragraph\">En 2016 ja es va realitzar una primera intervenci\u00f3 per a consolidar una edificaci\u00f3 p\u00fablica que va suposar la restauraci\u00f3 de la coberta i la fa\u00e7ana, amb les reparacions en les seues estructures i incloent la fusteria exterior. Els treballs van servir per a continuar conservant els valors art\u00edstics i tipol\u00f2gics de l&#8217;edifici.<\/p>\n\n\n\n<p class=\"wp-block-paragraph\">El solar que s&#8217;utilitzar\u00e0 per a l&#8217;ampliaci\u00f3 est\u00e0 situat al carrer Jes\u00fas i \u00e9s el resultat de la demolici\u00f3 de dues cases. Aix\u00ed es compta amb un solar adjacent de 470 metres quadrats, en el qual cal destacar l&#8217;aparici\u00f3 d&#8217;uns llen\u00e7os de f\u00e0brica de tapial i un aljub.<\/p>\n\n\n\n<p class=\"wp-block-paragraph\">Amb la pr\u00f2xima intervenci\u00f3 s&#8217;habilitar\u00e0 i ampliar\u00e0 l&#8217;antic edifici per a albergar en la planta baixa una sala d&#8217;actes, utilitzant per a aix\u00f2 parteix de l&#8217;edifici primigeni i part del de l&#8217;ampliaci\u00f3. A m\u00e9s, es crearan noves depend\u00e8ncies amb funcions diverses relacionades amb la qual \u00e9s la principal, la sala d&#8217;actes, a la qual se sumar\u00e0 tamb\u00e9 una sala per a \u00fas cultural i expositiu.<\/p>\n\n\n\n<figure class=\"wp-block-image size-large\"><img loading=\"lazy\" decoding=\"async\" width=\"1024\" height=\"683\" src=\"http:\/\/www.tucomarca.com\/wordpress\/segunda\/wp-content\/uploads\/2023\/01\/ChesteCasaValterra2-1024x683.jpg\" alt=\"\" class=\"wp-image-176236\" srcset=\"https:\/\/tucomarca.whitekongsoftware.com\/wp-content\/uploads\/2023\/01\/ChesteCasaValterra2-1024x683.jpg 1024w, https:\/\/tucomarca.whitekongsoftware.com\/wp-content\/uploads\/2023\/01\/ChesteCasaValterra2-300x200.jpg 300w, https:\/\/tucomarca.whitekongsoftware.com\/wp-content\/uploads\/2023\/01\/ChesteCasaValterra2-768x512.jpg 768w, https:\/\/tucomarca.whitekongsoftware.com\/wp-content\/uploads\/2023\/01\/ChesteCasaValterra2-1536x1024.jpg 1536w, https:\/\/tucomarca.whitekongsoftware.com\/wp-content\/uploads\/2023\/01\/ChesteCasaValterra2-2048x1365.jpg 2048w\" sizes=\"auto, (max-width: 1024px) 100vw, 1024px\" \/><\/figure>\n","protected":false},"excerpt":{"rendered":"<div class=\"mh-excerpt\">El Ayuntamiento ha recibido una subvenci\u00f3n de 500.000 euros del Pla Conviure de la Vicepresidencia Segunda, destinados a la ampliaci\u00f3n y habilitaci\u00f3n de la Casa Valterra L&#8217;Ajuntament ha rebut una subvenci\u00f3 de 500.000 euros del <a class=\"mh-excerpt-more\" href=\"https:\/\/tucomarca.whitekongsoftware.com\/ca\/el-vicepresident-segon-del-consell-visita-la-casa-valterra-de-xest-abans-de-la-seua-habilitacio\/\" title=\"El Vicepresident Segon del Consell visita la Casa Valterra de Xest abans de la seua habilitaci\u00f3\">[+] <\/a><\/div>\n","protected":false},"author":1,"featured_media":176239,"comment_status":"open","ping_status":"open","sticky":false,"template":"","format":"standard","meta":{"footnotes":""},"categories":[10898,10948,10894,10904,10912,11007,10947,10896,10974],"tags":[11071,10914],"class_list":["post-176241","post","type-post","status-publish","format-standard","has-post-thumbnail","category-ventana-ca","category-infraestructuras-ca","category-la-comarca-ca","category-sin-categorizar-ca","category-la-hoya-ca","category-ocio-y-cultura-ca","category-politica","category-seccion-ca","category-cheste-ca","tag-cheste","tag-la-hoya-de-bunol-chiva-ca"],"_links":{"self":[{"href":"https:\/\/tucomarca.whitekongsoftware.com\/ca\/wp-json\/wp\/v2\/posts\/176241","targetHints":{"allow":["GET"]}}],"collection":[{"href":"https:\/\/tucomarca.whitekongsoftware.com\/ca\/wp-json\/wp\/v2\/posts"}],"about":[{"href":"https:\/\/tucomarca.whitekongsoftware.com\/ca\/wp-json\/wp\/v2\/types\/post"}],"author":[{"embeddable":true,"href":"https:\/\/tucomarca.whitekongsoftware.com\/ca\/wp-json\/wp\/v2\/users\/1"}],"replies":[{"embeddable":true,"href":"https:\/\/tucomarca.whitekongsoftware.com\/ca\/wp-json\/wp\/v2\/comments?post=176241"}],"version-history":[{"count":0,"href":"https:\/\/tucomarca.whitekongsoftware.com\/ca\/wp-json\/wp\/v2\/posts\/176241\/revisions"}],"wp:featuredmedia":[{"embeddable":true,"href":"https:\/\/tucomarca.whitekongsoftware.com\/ca\/wp-json\/wp\/v2\/media\/176239"}],"wp:attachment":[{"href":"https:\/\/tucomarca.whitekongsoftware.com\/ca\/wp-json\/wp\/v2\/media?parent=176241"}],"wp:term":[{"taxonomy":"category","embeddable":true,"href":"https:\/\/tucomarca.whitekongsoftware.com\/ca\/wp-json\/wp\/v2\/categories?post=176241"},{"taxonomy":"post_tag","embeddable":true,"href":"https:\/\/tucomarca.whitekongsoftware.com\/ca\/wp-json\/wp\/v2\/tags?post=176241"}],"curies":[{"name":"wp","href":"https:\/\/api.w.org\/{rel}","templated":true}]}}