{"id":176182,"date":"2023-01-18T12:45:00","date_gmt":"2023-01-18T10:45:00","guid":{"rendered":"https:\/\/www.tucomarca.com\/wordpress\/segunda\/?p=176182"},"modified":"2023-01-18T14:45:43","modified_gmt":"2023-01-18T12:45:43","slug":"la-falla-las-ventas-i-els-hateros-celebren-junts-la-foguera-de-sant-anton-aquest-dissabte-en-la-placa-de-las-ventas-de-bunyol","status":"publish","type":"post","link":"https:\/\/tucomarca.whitekongsoftware.com\/ca\/la-falla-las-ventas-i-els-hateros-celebren-junts-la-foguera-de-sant-anton-aquest-dissabte-en-la-placa-de-las-ventas-de-bunyol\/","title":{"rendered":"La falla Las Ventas i els hateros celebren junts la foguera de Sant Ant\u00f3n aquest dissabte en la Pla\u00e7a de Las Ventas de Bunyol"},"content":{"rendered":"\n<p class=\"wp-block-paragraph\">Dissabte que ve 21 de gener, la falla Les Vendes encendr\u00e0 una gran foguera en la pla\u00e7a de Las Ventas de Bunyol, a partir de les 18,30 h., durant la vesprada hi haur\u00e0 exhibici\u00f3 de hateros amb cinqu\u00e9 i tapa.<\/p>\n\n\n\n<p class=\"wp-block-paragraph\">Per a sopar hi haur\u00e0 una torr\u00e1 per a tot aquell que es vulga apuntar. Des de l&#8217;organitzaci\u00f3 recorden que les&nbsp; places s\u00f3n limitades. El preu \u00e9s de 4\u20ac per tiquet, i inclou torr\u00e1 i beguda.<\/p>\n\n\n\n<p class=\"wp-block-paragraph\">Els que vulguen participar hauran de comprar el seu tiquet en el bar La Martica, en la ferreteria Fercom o en el propi barrac\u00f3 de la falla (de 19,30 a 21 h.), fins al dijous 19 de gener.<\/p>\n\n\n\n<p class=\"wp-block-paragraph\">El sopar ser\u00e0 a les 21,00 h. en la carpa instal\u00b7lada per a l&#8217;ocasi\u00f3 en la Pla\u00e7a Las Ventas. Despr\u00e9s hi haur\u00e0 discom\u00f3vil a c\u00e0rrec d&#8217;Albert Garc\u00eda i Bruno Velert.<\/p>\n\n\n\n<p class=\"wp-block-paragraph\"><\/p>\n","protected":false},"excerpt":{"rendered":"<div class=\"mh-excerpt\">Dissabte que ve 21 de gener, la falla Les Vendes encendr\u00e0 una gran foguera en la pla\u00e7a de Las Ventas de Bunyol, a partir de les 18,30 h., durant la vesprada hi haur\u00e0 exhibici\u00f3 de <a class=\"mh-excerpt-more\" href=\"https:\/\/tucomarca.whitekongsoftware.com\/ca\/la-falla-las-ventas-i-els-hateros-celebren-junts-la-foguera-de-sant-anton-aquest-dissabte-en-la-placa-de-las-ventas-de-bunyol\/\" title=\"La falla Las Ventas i els hateros celebren junts la foguera de Sant Ant\u00f3n aquest dissabte en la Pla\u00e7a de Las Ventas de Bunyol\">[+] <\/a><\/div>\n","protected":false},"author":12,"featured_media":176179,"comment_status":"open","ping_status":"open","sticky":false,"template":"","format":"standard","meta":{"footnotes":""},"categories":[11019,10911,10894,10912,10896],"tags":[10913,17319,10914],"class_list":["post-176182","post","type-post","status-publish","format-standard","has-post-thumbnail","category-agenda-ca","category-bunol-ca","category-la-comarca-ca","category-la-hoya-ca","category-seccion-ca","tag-bunol-ca","tag-falla-las-ventas-ca","tag-la-hoya-de-bunol-chiva-ca"],"_links":{"self":[{"href":"https:\/\/tucomarca.whitekongsoftware.com\/ca\/wp-json\/wp\/v2\/posts\/176182","targetHints":{"allow":["GET"]}}],"collection":[{"href":"https:\/\/tucomarca.whitekongsoftware.com\/ca\/wp-json\/wp\/v2\/posts"}],"about":[{"href":"https:\/\/tucomarca.whitekongsoftware.com\/ca\/wp-json\/wp\/v2\/types\/post"}],"author":[{"embeddable":true,"href":"https:\/\/tucomarca.whitekongsoftware.com\/ca\/wp-json\/wp\/v2\/users\/12"}],"replies":[{"embeddable":true,"href":"https:\/\/tucomarca.whitekongsoftware.com\/ca\/wp-json\/wp\/v2\/comments?post=176182"}],"version-history":[{"count":0,"href":"https:\/\/tucomarca.whitekongsoftware.com\/ca\/wp-json\/wp\/v2\/posts\/176182\/revisions"}],"wp:featuredmedia":[{"embeddable":true,"href":"https:\/\/tucomarca.whitekongsoftware.com\/ca\/wp-json\/wp\/v2\/media\/176179"}],"wp:attachment":[{"href":"https:\/\/tucomarca.whitekongsoftware.com\/ca\/wp-json\/wp\/v2\/media?parent=176182"}],"wp:term":[{"taxonomy":"category","embeddable":true,"href":"https:\/\/tucomarca.whitekongsoftware.com\/ca\/wp-json\/wp\/v2\/categories?post=176182"},{"taxonomy":"post_tag","embeddable":true,"href":"https:\/\/tucomarca.whitekongsoftware.com\/ca\/wp-json\/wp\/v2\/tags?post=176182"}],"curies":[{"name":"wp","href":"https:\/\/api.w.org\/{rel}","templated":true}]}}