{"id":176169,"date":"2023-01-18T14:00:00","date_gmt":"2023-01-18T12:00:00","guid":{"rendered":"https:\/\/www.tucomarca.com\/wordpress\/segunda\/?p=176169"},"modified":"2023-01-18T15:44:20","modified_gmt":"2023-01-18T13:44:20","slug":"cortes-de-pallas-festejara-sant-anton-aquest-dissabte-amb-les-tradicionals-fogueres-i-activitats-per-a-tots-els-publics","status":"publish","type":"post","link":"https:\/\/tucomarca.whitekongsoftware.com\/ca\/cortes-de-pallas-festejara-sant-anton-aquest-dissabte-amb-les-tradicionals-fogueres-i-activitats-per-a-tots-els-publics\/","title":{"rendered":"Cortes de Pall\u00e1s festejar\u00e0 Sant Ant\u00f3n aquest dissabte amb les tradicionals fogueres i activitats per a tots els p\u00fablics"},"content":{"rendered":"\n<p class=\"wp-block-paragraph\">Aquest dissabte, 21 de gener, la pla\u00e7a de Cortes de Pall\u00e1s, acollir\u00e0 la festivitat de Sant Ant\u00f3n que a m\u00e9s de gaudir de les fogueres tradicionals, es realitzar\u00e0 una activitat especial per a tots els p\u00fablics.<\/p>\n\n\n\n<p class=\"wp-block-paragraph\">A les 11 del mat\u00ed del dissabte, cada persona que s&#8217;anime a participar, podr\u00e0 fer la seua pr\u00f2pia coca, de la m\u00e0 de Pepe Cotaina expert en coques t\u00edpiques, a m\u00e9s es realitzar\u00e0 un Showcooking en la pla\u00e7a, per a xiquets i adults, despr\u00e9s de la finalitzaci\u00f3 del taller hi haur\u00e0 una degustaci\u00f3 de coques per a totes les persones que es troben en la pla\u00e7a.<\/p>\n\n\n\n<p class=\"wp-block-paragraph\"><\/p>\n","protected":false},"excerpt":{"rendered":"<div class=\"mh-excerpt\">Aquest dissabte, 21 de gener, la pla\u00e7a de Cortes de Pall\u00e1s, acollir\u00e0 la festivitat de Sant Ant\u00f3n que a m\u00e9s de gaudir de les fogueres tradicionals, es realitzar\u00e0 una activitat especial per a tots els <a class=\"mh-excerpt-more\" href=\"https:\/\/tucomarca.whitekongsoftware.com\/ca\/cortes-de-pallas-festejara-sant-anton-aquest-dissabte-amb-les-tradicionals-fogueres-i-activitats-per-a-tots-els-publics\/\" title=\"Cortes de Pall\u00e1s festejar\u00e0 Sant Ant\u00f3n aquest dissabte amb les tradicionals fogueres i activitats per a tots els p\u00fablics\">[+] <\/a><\/div>\n","protected":false},"author":12,"featured_media":176166,"comment_status":"open","ping_status":"open","sticky":false,"template":"","format":"standard","meta":{"footnotes":""},"categories":[11019,10951,10953,10894,11007,10896],"tags":[11230,11934,16200],"class_list":["post-176169","post","type-post","status-publish","format-standard","has-post-thumbnail","category-agenda-ca","category-ayora-cofrentes-ca","category-cortes-de-pallas-ca","category-la-comarca-ca","category-ocio-y-cultura-ca","category-seccion-ca","tag-cortes-de-pallas-ca","tag-el-valle-de-ayora-cofrentes-ca","tag-san-anton-ca"],"_links":{"self":[{"href":"https:\/\/tucomarca.whitekongsoftware.com\/ca\/wp-json\/wp\/v2\/posts\/176169","targetHints":{"allow":["GET"]}}],"collection":[{"href":"https:\/\/tucomarca.whitekongsoftware.com\/ca\/wp-json\/wp\/v2\/posts"}],"about":[{"href":"https:\/\/tucomarca.whitekongsoftware.com\/ca\/wp-json\/wp\/v2\/types\/post"}],"author":[{"embeddable":true,"href":"https:\/\/tucomarca.whitekongsoftware.com\/ca\/wp-json\/wp\/v2\/users\/12"}],"replies":[{"embeddable":true,"href":"https:\/\/tucomarca.whitekongsoftware.com\/ca\/wp-json\/wp\/v2\/comments?post=176169"}],"version-history":[{"count":0,"href":"https:\/\/tucomarca.whitekongsoftware.com\/ca\/wp-json\/wp\/v2\/posts\/176169\/revisions"}],"wp:featuredmedia":[{"embeddable":true,"href":"https:\/\/tucomarca.whitekongsoftware.com\/ca\/wp-json\/wp\/v2\/media\/176166"}],"wp:attachment":[{"href":"https:\/\/tucomarca.whitekongsoftware.com\/ca\/wp-json\/wp\/v2\/media?parent=176169"}],"wp:term":[{"taxonomy":"category","embeddable":true,"href":"https:\/\/tucomarca.whitekongsoftware.com\/ca\/wp-json\/wp\/v2\/categories?post=176169"},{"taxonomy":"post_tag","embeddable":true,"href":"https:\/\/tucomarca.whitekongsoftware.com\/ca\/wp-json\/wp\/v2\/tags?post=176169"}],"curies":[{"name":"wp","href":"https:\/\/api.w.org\/{rel}","templated":true}]}}