{"id":176127,"date":"2023-01-17T14:00:00","date_gmt":"2023-01-17T12:00:00","guid":{"rendered":"https:\/\/www.tucomarca.com\/wordpress\/segunda\/?p=176127"},"modified":"2023-01-17T22:17:17","modified_gmt":"2023-01-17T20:17:17","slug":"la-guardia-civil-desarticula-una-banda-que-robaba-a-personas-de-avanzada-edad-y-que-ha-operado-en-bunol-betera-y-valencia","status":"publish","type":"post","link":"https:\/\/tucomarca.whitekongsoftware.com\/ca\/la-guardia-civil-desarticula-una-banda-que-robaba-a-personas-de-avanzada-edad-y-que-ha-operado-en-bunol-betera-y-valencia\/","title":{"rendered":"Desarticulen una banda que robava a persones d&#8217;avan\u00e7ada edat i que ha operat a Bunyol, B\u00e9tera i Val\u00e8ncia, entre altres localitats"},"content":{"rendered":"\n<h3 class=\"wp-block-heading\"><strong>Dos dels integrants han sigut detinguts i sobre altres 2 pes una ordre detenci\u00f3 judicial<\/strong><\/h3>\n\n\n\n<h3 class=\"wp-block-heading\"><strong>Els autors utilitzaven el m\u00e8tode \u201cdel descuit\u201d en sucursals banc\u00e0ries amb persones d&#8217;avan\u00e7ada d&#8217;edat que retiraven importants sumes de diners despr\u00e9s del cobrament de les pensions<\/strong><\/h3>\n\n\n\n<p class=\"wp-block-paragraph\">La Gu\u00e0rdia Civil de Val\u00e8ncia ha desarticulat un grup criminal, provinent d&#8217;Am\u00e8rica del Sud, que robava a persones d&#8217;avan\u00e7ada edat a l&#8217;eixida de les sucursals banc\u00e0ries.<\/p>\n\n\n\n<p class=\"wp-block-paragraph\">L&#8217;Operaci\u00f3 \u2018MUGGER\u2019 va donar principi despr\u00e9s d&#8217;una den\u00fancia rebuda en l&#8217;aquarterament de B\u00e9tera per un robatori amb viol\u00e8ncia a una persona d&#8217;avan\u00e7ada edat a l&#8217;eixida de l&#8217;entitat banc\u00e0ria. Despr\u00e9s d&#8217;una \u00e0rdua i llarga investigaci\u00f3, es va aconseguir descobrir que aquest grup criminal havia operat a Bunyol, B\u00e9tera, Borriana (Castell\u00f3), Riola, San Pedro del Pinatar (M\u00farcia), Val\u00e8ncia i Iecla (M\u00farcia) cometent furts a clients d&#8217;entitats banc\u00e0ries pel m\u00e8tode del \u201cdescuit\u201d. Les v\u00edctimes eren persones d&#8217;avan\u00e7ada edat que realitzaven grans operacions de retirada de diners en efectiu en les seues sucursals banc\u00e0ries. S&#8217;ha detectat un augment considerable d&#8217;aquesta mena de fets en els \u00faltims anys, utilitzant diferents m\u00e8todes com \u201cla burxada\u201d, \u201cel cogotazo\u201d o la \u201ctaca\u201d. En tots aquests m\u00e8todes, els autors tracten de distraure a la persona per a, posteriorment, sostraure-li els diners que pr\u00e8viament havien guardat entre les seues pertinences.<br>Pr\u00e8via a la comissi\u00f3 d&#8217;aquests actes delictius, existia una fase de vigil\u00e0ncia i selecci\u00f3 dels objectius per part del grup criminal. En els dies de cobrament de les pensions, un o diversos components del grup, prestaven especial atenci\u00f3 a les zones pr\u00f2ximes a les entitats banc\u00e0ries, amb la intenci\u00f3 d&#8217;identificar a una persona que efectuara importants retirades de diners en efectiu.\u00a0<br>Aquests grups actuaven de manera itinerant sent nacionals de pa\u00efsos d&#8217;Am\u00e8rica del Sud. Utilitzen identitats amb documentaci\u00f3 falsificada dels seus pa\u00efsos d&#8217;origen, dificultant molt les labors policials d&#8217;identificaci\u00f3 i localitzaci\u00f3. Els grups que executaven els fets delictius estaven compostos entre homes i dones, els quals empren pinganillos per a comunicar-se i complements en la seua vestimenta.<br>Finalment, els suposats autors, despr\u00e9s d&#8217;accedir per separat a una entitat banc\u00e0ria de la localitat de B\u00e9tera, en actitud sospitosa, deixant c\u00f3rrer el seu torn, portant gorra per a dificultar la seua identitat i auriculars per a comunicar-se entre ells, amb la intenci\u00f3 de tornar a cometre un nou robatori, un agent del Cos de la Policia Local de B\u00e9tera, a trav\u00e9s de les c\u00e0meres de seguretat del municipi, va detectar la temptativa i va alertar a la Gu\u00e0rdia Civil de Val\u00e8ncia de l&#8217;adre\u00e7a que van prendre els suposats autors. Aquests van intentar canviar d&#8217;aparen\u00e7a sobre la marxa: es van mudar de roba, es lleven abillaments com ara gorra, ulleres i m\u00e0scares i es dirigeixen al metre, on es dificulta la seua localitzaci\u00f3 per l&#8217;aflu\u00e8ncia de persones en el lloc. En aqueixos moments, s\u00f3n interceptats i traslladats a depend\u00e8ncies policials, on despr\u00e9s d&#8217;una s\u00e8rie de comprovacions, s\u00f3n detinguts i llocs a disposici\u00f3 judicial.<br>Els detinguts s\u00f3n 2 homes de 32 i 57 anys, tots dos de nacionalitat colombiana. Els altres 2 integrants del grup criminal sobre els quals pesa una ordre de detenci\u00f3 judicial, s\u00f3n: 1 home de 21 anys i 1 dona de 50, tots dos de nacionalitat colombiana. Se&#8217;ls imputen els seg\u00fcents delictes: delicte de pertinen\u00e7a a grup criminal, delicte d&#8217;usurpaci\u00f3 d&#8217;estat civil, delicte de robatori amb viol\u00e8ncia i delictes de furt.<br>Les dilig\u00e8ncies han sigut entregades en el Jutjat de Primera Inst\u00e0ncia i Instrucci\u00f3 N\u00famero 3 de Lliria.<\/p>\n","protected":false},"excerpt":{"rendered":"<div class=\"mh-excerpt\">Dos dels integrants han sigut detinguts i sobre altres 2 pes una ordre detenci\u00f3 judicial Els autors utilitzaven el m\u00e8tode \u201cdel descuit\u201d en sucursals banc\u00e0ries amb persones d&#8217;avan\u00e7ada d&#8217;edat que retiraven importants sumes de diners <a class=\"mh-excerpt-more\" href=\"https:\/\/tucomarca.whitekongsoftware.com\/ca\/la-guardia-civil-desarticula-una-banda-que-robaba-a-personas-de-avanzada-edad-y-que-ha-operado-en-bunol-betera-y-valencia\/\" title=\"Desarticulen una banda que robava a persones d&#8217;avan\u00e7ada edat i que ha operat a Bunyol, B\u00e9tera i Val\u00e8ncia, entre altres localitats\">[+] <\/a><\/div>\n","protected":false},"author":1,"featured_media":176125,"comment_status":"open","ping_status":"open","sticky":false,"template":"","format":"standard","meta":{"footnotes":""},"categories":[10937,10911,10892,10898,10948,10894,10904,10912,10928,10896,10897],"tags":[11202,10899,11118],"class_list":["post-176127","post","type-post","status-publish","format-standard","has-post-thumbnail","category-betera-ca","category-bunol-ca","category-camp-de-turia-ca","category-ventana-ca","category-infraestructuras-ca","category-la-comarca-ca","category-sin-categorizar-ca","category-la-hoya-ca","category-lliria-ca","category-seccion-ca","category-sucesos-la-comarca-ca","tag-betera-ca","tag-camp-de-turia-ca","tag-guardia-civil-ca"],"_links":{"self":[{"href":"https:\/\/tucomarca.whitekongsoftware.com\/ca\/wp-json\/wp\/v2\/posts\/176127","targetHints":{"allow":["GET"]}}],"collection":[{"href":"https:\/\/tucomarca.whitekongsoftware.com\/ca\/wp-json\/wp\/v2\/posts"}],"about":[{"href":"https:\/\/tucomarca.whitekongsoftware.com\/ca\/wp-json\/wp\/v2\/types\/post"}],"author":[{"embeddable":true,"href":"https:\/\/tucomarca.whitekongsoftware.com\/ca\/wp-json\/wp\/v2\/users\/1"}],"replies":[{"embeddable":true,"href":"https:\/\/tucomarca.whitekongsoftware.com\/ca\/wp-json\/wp\/v2\/comments?post=176127"}],"version-history":[{"count":0,"href":"https:\/\/tucomarca.whitekongsoftware.com\/ca\/wp-json\/wp\/v2\/posts\/176127\/revisions"}],"wp:featuredmedia":[{"embeddable":true,"href":"https:\/\/tucomarca.whitekongsoftware.com\/ca\/wp-json\/wp\/v2\/media\/176125"}],"wp:attachment":[{"href":"https:\/\/tucomarca.whitekongsoftware.com\/ca\/wp-json\/wp\/v2\/media?parent=176127"}],"wp:term":[{"taxonomy":"category","embeddable":true,"href":"https:\/\/tucomarca.whitekongsoftware.com\/ca\/wp-json\/wp\/v2\/categories?post=176127"},{"taxonomy":"post_tag","embeddable":true,"href":"https:\/\/tucomarca.whitekongsoftware.com\/ca\/wp-json\/wp\/v2\/tags?post=176127"}],"curies":[{"name":"wp","href":"https:\/\/api.w.org\/{rel}","templated":true}]}}