{"id":175914,"date":"2023-01-13T12:00:00","date_gmt":"2023-01-13T10:00:00","guid":{"rendered":"https:\/\/www.tucomarca.com\/wordpress\/segunda\/?p=175914"},"modified":"2023-01-13T16:41:40","modified_gmt":"2023-01-13T14:41:40","slug":"el-pp-de-la-pobla-de-vallbona-exigeix-un-milio-per-al-drenatge-de-les-urbanitzacions-enfront-dels-10-000-euros-pressupostats-per-la-generalitat","status":"publish","type":"post","link":"https:\/\/tucomarca.whitekongsoftware.com\/ca\/el-pp-de-la-pobla-de-vallbona-exigeix-un-milio-per-al-drenatge-de-les-urbanitzacions-enfront-dels-10-000-euros-pressupostats-per-la-generalitat\/","title":{"rendered":"El PP de la Pobla de Vallbona exigeix un mili\u00f3 per al drenatge de les urbanitzacions enfront dels 10.000 euros pressupostats per la Generalitat"},"content":{"rendered":"\n<h4 class=\"wp-block-heading\">Rosana Mar\u00edn explica que \u201cel PP en les Corts Valencianes va presentar una esmena als Pressupostos de la Generalitat per a ampliar a un mili\u00f3 d&#8217;euros la dotaci\u00f3 econ\u00f2mica prevista en 2023, per\u00f2 el PSOE, Comprom\u00eds i Unides Podem van votar en contra i va quedar rebutjada\u201d<\/h4>\n\n\n\n<h4 class=\"wp-block-heading\">La regidora del PP lamenta que l&#8217;alcalde Josep Vicent Garcia i Tamarit \u201cfia tot a les bones intencions en futurs anys en lloc d&#8217;exigir ja un comprom\u00eds real amb les obres de drenatge a trav\u00e9s dels pressupostos\u201d<\/h4>\n\n\n\n<h4 class=\"wp-block-heading\">\u201cPotser tenen por d&#8217;al\u00e7ar la veu davant els seus dirigents? Tan poca influ\u00e8ncia t\u00e9 en el seu partit l&#8217;alcalde la Pobla de Vallbona\u201d, s&#8217;ha preguntat l&#8217;edil del PP<\/h4>\n\n\n\n<p class=\"wp-block-paragraph\">La regidora del Partit Popular a l&#8217;Ajuntament de la Pobla de Vallbona, Rosana Mar\u00edn, ha exigit que el projecte i les obres de drenatge de les aig\u00fces de les urbanitzacions Sant Mart\u00ed, Les Penyes i Montesano en la zona de la Malladeta incloga \u201cun mili\u00f3 d&#8217;euros de pressupost i no sols els 10.000 que contempla la Generalitat per a aquest any 2023\u201d.&nbsp;<br>La regidora popular s&#8217;ha expressat en el Ple de l&#8217;Ajuntament, que havia d&#8217;aprovar el projecte de construcci\u00f3 del drenatge de les aig\u00fces pluvials a les urbanitzacions, a favor d&#8217;aquest, per\u00f2 ha lamentat que sobre el paper nom\u00e9s hi ha 10.000 euros, \u201cuna xifra completament escass\u00edssima\u201d i que els altres 1,9 milions restants previstos per a executar les obres \u201ces fien a la bona intenci\u00f3 de la conselleria d&#8217;Agricultura en els pr\u00f2xims anys\u201d.&nbsp;<br>En aquest sentit, Rosana Mar\u00edn ha explicat que des del grup parlamentari del PP en les Corts Valencianes \u201ces va presentar una esmena als Pressupostos de la Generalitat per a ampliar a un mili\u00f3 d&#8217;euros la dotaci\u00f3 econ\u00f2mica prevista per a les obres de drenatge de les urbanitzacions de la Pobla de Vallbona en 2023, per\u00f2 el PSOE, Comprom\u00eds i Unides Podem van votar en contra i per tant va quedar rebutjada\u201d.&nbsp;<br>\u201cDavant aquesta situaci\u00f3, l&#8217;alcalde de la Pobla de Vallbona, Josep Vicent Garcia i Tamarit, s&#8217;encomana a les bones intencions en futurs anys en lloc d&#8217;exigir ja un comprom\u00eds real amb les obres de drenatge a trav\u00e9s dels pressupostos, que \u00e9s on ha de figurar els diners, per\u00f2 una vegada m\u00e9s calla davant les ordres que li arriben de dalt del seu partit, Comprom\u00eds, en lloc de ser el defensor dels interessos dels poblanos\u201d, ha considerat l&#8217;edil popular.&nbsp;<br>Rosana Mar\u00edn ha ressaltat que \u201cels mateixos partits que governen a la Pobla de Vallbona, Comprom\u00eds i PSOE, s\u00f3n els que gestionen la Generalitat Valenciana i els que van tombar en les Corts Valencianes que s&#8217;incloguera m\u00e9s pressupost per al projecte i les obres de drenatge en 2023, per la qual cosa l&#8217;alcalde i els seus regidors s\u00f3n c\u00f2mplices que nom\u00e9s anem a comptar amb 10.000 euros enguany i en els pr\u00f2xims ja veurem\u201d.&nbsp;<br>A m\u00e9s, l&#8217;edil del PP ha relatat que en el Ple de l&#8217;Ajuntament \u201cl&#8217;alcalde Josep Vicent Garcia i Tamarit va fer el que sempre ens t\u00e9 acostumats, esc\u00f3rrer l&#8217;embalum, tirant la culpa del retards en les obres a l&#8217;Ajuntament de Sant Antoni de Benaixeve en lloc d&#8217;assumir la seua part de responsabilitat\u201d.&nbsp;<br>Per a la regidora popular, \u201cles obres de drenatge s\u00f3n una reivindicaci\u00f3 que la Pobla de Vallbona ve arrossegant des de fa anys, i ara que per fi podem desembossar-la, no compartim que des del govern municipal de Josep Vicent Garcia i Tamarit no es reclame de forma m\u00e9s fefaent major pressupost en 2023 i es conformen amb veure que passa en els pr\u00f2xims anys, si la Generalitat compleix o no amb els 1,9 milions restants\u201d. \u201cPotser tenen por d&#8217;al\u00e7ar la veu davant els seus dirigents? Tan poca influ\u00e8ncia t\u00e9 en el seu partit l&#8217;alcalde la Pobla de Vallbona\u201d, s&#8217;ha preguntat l&#8217;edil del PP.&nbsp;<br>Per a finalitzar, Rosana Mar\u00edn ha insistit que l&#8217;assumpte de les obres de drenatge a les urbanitzacions de la Pobla de Vallbona, \u201c\u00e9s un tema que afecta directament la seguretat de les persones, que porten anys suportant inundacions quan hi ha pluges torrencials, per la qual cosa considerem que aprovar el projecte \u00e9s molt positiu, per\u00f2 que s&#8217;ha desaprofitat una oportunitat molt bona de dotar ja de m\u00e9s diners a les obres i no postergar-ho a futurs anys\u201d.<\/p>\n\n\n\n<p class=\"wp-block-paragraph\"><\/p>\n","protected":false},"excerpt":{"rendered":"<div class=\"mh-excerpt\">Rosana Mar\u00edn explica que \u201cel PP en les Corts Valencianes va presentar una esmena als Pressupostos de la Generalitat per a ampliar a un mili\u00f3 d&#8217;euros la dotaci\u00f3 econ\u00f2mica prevista en 2023, per\u00f2 el PSOE, <a class=\"mh-excerpt-more\" href=\"https:\/\/tucomarca.whitekongsoftware.com\/ca\/el-pp-de-la-pobla-de-vallbona-exigeix-un-milio-per-al-drenatge-de-les-urbanitzacions-enfront-dels-10-000-euros-pressupostats-per-la-generalitat\/\" title=\"El PP de la Pobla de Vallbona exigeix un mili\u00f3 per al drenatge de les urbanitzacions enfront dels 10.000 euros pressupostats per la Generalitat\">[+] <\/a><\/div>\n","protected":false},"author":12,"featured_media":169832,"comment_status":"open","ping_status":"open","sticky":false,"template":"","format":"standard","meta":{"footnotes":""},"categories":[10892,10948,10894,10915,10947,10896],"tags":[10899,11274],"class_list":["post-175914","post","type-post","status-publish","format-standard","has-post-thumbnail","category-camp-de-turia-ca","category-infraestructuras-ca","category-la-comarca-ca","category-la-pobla-ca","category-politica","category-seccion-ca","tag-camp-de-turia-ca","tag-pp-pobla-de-vallbona-ca"],"_links":{"self":[{"href":"https:\/\/tucomarca.whitekongsoftware.com\/ca\/wp-json\/wp\/v2\/posts\/175914","targetHints":{"allow":["GET"]}}],"collection":[{"href":"https:\/\/tucomarca.whitekongsoftware.com\/ca\/wp-json\/wp\/v2\/posts"}],"about":[{"href":"https:\/\/tucomarca.whitekongsoftware.com\/ca\/wp-json\/wp\/v2\/types\/post"}],"author":[{"embeddable":true,"href":"https:\/\/tucomarca.whitekongsoftware.com\/ca\/wp-json\/wp\/v2\/users\/12"}],"replies":[{"embeddable":true,"href":"https:\/\/tucomarca.whitekongsoftware.com\/ca\/wp-json\/wp\/v2\/comments?post=175914"}],"version-history":[{"count":0,"href":"https:\/\/tucomarca.whitekongsoftware.com\/ca\/wp-json\/wp\/v2\/posts\/175914\/revisions"}],"wp:featuredmedia":[{"embeddable":true,"href":"https:\/\/tucomarca.whitekongsoftware.com\/ca\/wp-json\/wp\/v2\/media\/169832"}],"wp:attachment":[{"href":"https:\/\/tucomarca.whitekongsoftware.com\/ca\/wp-json\/wp\/v2\/media?parent=175914"}],"wp:term":[{"taxonomy":"category","embeddable":true,"href":"https:\/\/tucomarca.whitekongsoftware.com\/ca\/wp-json\/wp\/v2\/categories?post=175914"},{"taxonomy":"post_tag","embeddable":true,"href":"https:\/\/tucomarca.whitekongsoftware.com\/ca\/wp-json\/wp\/v2\/tags?post=175914"}],"curies":[{"name":"wp","href":"https:\/\/api.w.org\/{rel}","templated":true}]}}