{"id":175835,"date":"2023-01-12T08:56:00","date_gmt":"2023-01-12T06:56:00","guid":{"rendered":"https:\/\/www.tucomarca.com\/wordpress\/segunda\/?p=175835"},"modified":"2023-01-12T21:06:23","modified_gmt":"2023-01-12T19:06:23","slug":"ava-asaja-mostra-al-ministeri-les-iniciatives-de-la-finca-sinyent-que-fomenten-la-biodiversitat","status":"publish","type":"post","link":"https:\/\/tucomarca.whitekongsoftware.com\/ca\/ava-asaja-mostra-al-ministeri-les-iniciatives-de-la-finca-sinyent-que-fomenten-la-biodiversitat\/","title":{"rendered":"AVA-Asaja mostra al Ministeri les iniciatives de la Finca Sinyent que fomenten la biodiversitat"},"content":{"rendered":"\n<p class=\"wp-block-paragraph\">La directora general de Biodiversitat del Ministeri per a la Transici\u00f3 Ecol\u00f2gica i el Repte Demogr\u00e0fic, Mar\u00eda Jes\u00fas Rodr\u00edguez, acompanyada del seu equip, ha conegut hui sobre el terreny les nombroses actuacions que l&#8217;Associaci\u00f3 Valenciana d&#8217;Agricultors (AVA-ASAJA) desenvolupa en la Finca Sinyent per al foment de la biodiversitat i el respecte del medi ambient. En la visita tamb\u00e9 han sigut presents el director general d&#8217;Agricultura de la Generalitat Valenciana, Toni Quintana, el director de AEPLA, Carlos Palomar, i empreses associades com Bayer Cropscience, Ascenza, Syngenta o BASF.<br>La delegaci\u00f3 de AVA-ASAJA encap\u00e7alada per Crist\u00f3bal Aguado ha subratllat que les experi\u00e8ncies impulsades en la Finca Sinyent busquen solucions m\u00e9s eficients i sostenibles perqu\u00e8 els agricultors les puguen aprendre, seguir i, si ho estimen oport\u00fa, aplicar en les seues explotacions.<br>Entre els assajos que posen l&#8217;accent en la biodiversitat, destaquen: la diversitat de cultius, paisatges heterogenis, un banc de llavors i cultiu de varietats tradicionals hort\u00edcoles, vegetaci\u00f3 refugie, corredors i illes de biodiversitat, hotels d&#8217;insectes, caixes niu d&#8217;ocells, caixes per a ratpenats, \u00fas de noves t\u00e8cniques respectuoses amb el medi ambient, cobertes vegetals funcionals i potenciaci\u00f3 de microorganismes de la rizosfera.<br>Pel que respecta a la protecci\u00f3 de cultius, la Finca Sinyent tamb\u00e9 es troba immersa en altres actuacions com un insectari de Cryptolaemus montrouzieri i altres insectes depredadors, la detecci\u00f3 preco\u00e7 i monitoratge de plagues i malalties, l&#8217;\u00fas de parany amb atraients de feromones espec\u00edfiques de plaga o digestors de restes de caldos fitosanitaris i neteja de la maquin\u00e0ria d&#8217;aplicaci\u00f3.<br>Aix\u00ed mateix, al llarg del recorregut les empreses del sector han exposat les l\u00ednies de treball que duen a terme en les parcel\u00b7les de la Finca Sinyent dirigides a aconseguir una agricultura m\u00e9s ecoeficient, mitjan\u00e7ant pr\u00e0ctiques que tenen per objecte compatibilitzar la lluita contra plagues i malalties amb la cura del medi ambient i la biodiversitat. Informa, <strong>Luis Ib\u00e1\u00f1ez<\/strong>.<\/p>\n\n\n\n<p class=\"wp-block-paragraph\"><\/p>\n","protected":false},"excerpt":{"rendered":"<div class=\"mh-excerpt\">La directora general de Biodiversitat del Ministeri per a la Transici\u00f3 Ecol\u00f2gica i el Repte Demogr\u00e0fic, Mar\u00eda Jes\u00fas Rodr\u00edguez, acompanyada del seu equip, ha conegut hui sobre el terreny les nombroses actuacions que l&#8217;Associaci\u00f3 Valenciana <a class=\"mh-excerpt-more\" href=\"https:\/\/tucomarca.whitekongsoftware.com\/ca\/ava-asaja-mostra-al-ministeri-les-iniciatives-de-la-finca-sinyent-que-fomenten-la-biodiversitat\/\" title=\"AVA-Asaja mostra al Ministeri les iniciatives de la Finca Sinyent que fomenten la biodiversitat\">[+] <\/a><\/div>\n","protected":false},"author":12,"featured_media":175834,"comment_status":"open","ping_status":"open","sticky":false,"template":"","format":"standard","meta":{"footnotes":""},"categories":[10905,10948,10894,10904,10903,10947,10896],"tags":[11924,18655,15227,18656],"class_list":["post-175835","post","type-post","status-publish","format-standard","has-post-thumbnail","category-agricultura-la-comarca-ca","category-infraestructuras-ca","category-la-comarca-ca","category-sin-categorizar-ca","category-medio-ambiente-la-comarca-ca","category-politica","category-seccion-ca","tag-ava-asaja-ca","tag-biodiversidad-ca","tag-ministerio-de-agricultura-ca","tag-ministerio-para-la-transicion-ecologica-y-el-reto-demografico-ca"],"_links":{"self":[{"href":"https:\/\/tucomarca.whitekongsoftware.com\/ca\/wp-json\/wp\/v2\/posts\/175835","targetHints":{"allow":["GET"]}}],"collection":[{"href":"https:\/\/tucomarca.whitekongsoftware.com\/ca\/wp-json\/wp\/v2\/posts"}],"about":[{"href":"https:\/\/tucomarca.whitekongsoftware.com\/ca\/wp-json\/wp\/v2\/types\/post"}],"author":[{"embeddable":true,"href":"https:\/\/tucomarca.whitekongsoftware.com\/ca\/wp-json\/wp\/v2\/users\/12"}],"replies":[{"embeddable":true,"href":"https:\/\/tucomarca.whitekongsoftware.com\/ca\/wp-json\/wp\/v2\/comments?post=175835"}],"version-history":[{"count":0,"href":"https:\/\/tucomarca.whitekongsoftware.com\/ca\/wp-json\/wp\/v2\/posts\/175835\/revisions"}],"wp:featuredmedia":[{"embeddable":true,"href":"https:\/\/tucomarca.whitekongsoftware.com\/ca\/wp-json\/wp\/v2\/media\/175834"}],"wp:attachment":[{"href":"https:\/\/tucomarca.whitekongsoftware.com\/ca\/wp-json\/wp\/v2\/media?parent=175835"}],"wp:term":[{"taxonomy":"category","embeddable":true,"href":"https:\/\/tucomarca.whitekongsoftware.com\/ca\/wp-json\/wp\/v2\/categories?post=175835"},{"taxonomy":"post_tag","embeddable":true,"href":"https:\/\/tucomarca.whitekongsoftware.com\/ca\/wp-json\/wp\/v2\/tags?post=175835"}],"curies":[{"name":"wp","href":"https:\/\/api.w.org\/{rel}","templated":true}]}}