{"id":175789,"date":"2023-01-12T12:30:00","date_gmt":"2023-01-12T10:30:00","guid":{"rendered":"https:\/\/www.tucomarca.com\/wordpress\/segunda\/?p=175789"},"modified":"2023-01-12T20:06:45","modified_gmt":"2023-01-12T18:06:45","slug":"la-guardia-civil-dete-al-responsable-del-robatori-de-coure-a-xiva-per-valor-de-mes-de-5-000-euros","status":"publish","type":"post","link":"https:\/\/tucomarca.whitekongsoftware.com\/ca\/la-guardia-civil-dete-al-responsable-del-robatori-de-coure-a-xiva-per-valor-de-mes-de-5-000-euros\/","title":{"rendered":"La Gu\u00e0rdia Civil det\u00e9 al responsable del robatori de coure a Xiva per valor de m\u00e9s de 5.000 euros"},"content":{"rendered":"\n<h3 class=\"wp-block-heading\"><strong>S&#8217;ha posat fi a uns fets delictius que es venien cometent en la localitat valenciana des del mes d&#8217;agost<\/strong><\/h3>\n\n\n\n<h3 class=\"wp-block-heading\"><strong>L&#8217;autor ha sostret cables de coure per valor de 5.000 euros de diversos punts del nucli urb\u00e0 i urbanitzacions\u00a0<\/strong><\/h3>\n\n\n\n<p class=\"wp-block-paragraph\">La Gu\u00e0rdia Civil de Val\u00e8ncia det\u00e9 al responsable del robatori de coure, per un valor de 5.000 euros, que es venia patint des del mes d&#8217;agost en la localitat de Xiva.<\/p>\n\n\n\n<p class=\"wp-block-paragraph\">L&#8217;Operaci\u00f3 \u2018FUNIS\u2019 va tindre el seu inici a mitjan mes d&#8217;octubre, quan un representant de l&#8217;Ajuntament de Xiva, va denunciar els fets en l&#8217;aquarterament despr\u00e9s del malestar generat entre els ve\u00efns per les queixes i incid\u00e8ncies patides causades pel tall del subministrament el\u00e8ctric. Els fets van afectar fins a 9 punts diferents del nucli urb\u00e0 i d&#8217;urbanitzacions del municipi.<br>Despr\u00e9s de nombroses perquisicions, agents de la Gu\u00e0rdia Civil van aconseguir identificar a l&#8217;autor dels fets i el modus operandi que seguia per a la comissi\u00f3 del delicte: l&#8217;autor estacionava el seu vehicle en un carrer de la localitat fingint estar patint una avaria en aquest, per a aix\u00f2 fins i tot obria el cap\u00f3 i fingia cridar a una grua per al despla\u00e7ament del cotxe a un taller. Era en aqueix moment en el qual s&#8217;assegurava de no tindre pres\u00e8ncia de testimonis en els voltants abans de la comissi\u00f3 del robatori. Quan aix\u00f2 ocorria, aprofitava per a tallar el cablejat de la via p\u00fablica, extraure-ho de les arquetes i carregar-ho en el vehicle, fugint r\u00e0pidament del lloc.\u00a0<br>Agents de la Gu\u00e0rdia Civil de Val\u00e8ncia van aconseguir evidenciar la vinculaci\u00f3 d&#8217;aquest vehicle amb altres fets delictius comesos amb anterioritat, obtenint tamb\u00e9 informaci\u00f3 de la implicaci\u00f3 del detingut en anteriors fets delictius per sostracci\u00f3 de cablejat de coure.<br>El valor del cablejat de coure sostret ascendeix a m\u00e9s de 5.000 euros. L&#8217;autor, un home de 24 anys i de nacionalitat espanyola, ha sigut detingut en la localitat de Xiva i se li atribueixen diversos delictes de robatori amb for\u00e7a en les coses.\u00a0<br>Les dilig\u00e8ncies han sigut entregades en el Jutjat de Primera Inst\u00e0ncia i Instrucci\u00f3 N\u00famero 3 de Requena.<\/p>\n","protected":false},"excerpt":{"rendered":"<div class=\"mh-excerpt\">S&#8217;ha posat fi a uns fets delictius que es venien cometent en la localitat valenciana des del mes d&#8217;agost L&#8217;autor ha sostret cables de coure per valor de 5.000 euros de diversos punts del nucli <a class=\"mh-excerpt-more\" href=\"https:\/\/tucomarca.whitekongsoftware.com\/ca\/la-guardia-civil-dete-al-responsable-del-robatori-de-coure-a-xiva-per-valor-de-mes-de-5-000-euros\/\" title=\"La Gu\u00e0rdia Civil det\u00e9 al responsable del robatori de coure a Xiva per valor de m\u00e9s de 5.000 euros\">[+] <\/a><\/div>\n","protected":false},"author":1,"featured_media":175785,"comment_status":"open","ping_status":"open","sticky":false,"template":"","format":"standard","meta":{"footnotes":""},"categories":[10898,10894,10904,10912,10896,10897,10975],"tags":[16189,11195,16190,11118,10914,12611],"class_list":["post-175789","post","type-post","status-publish","format-standard","has-post-thumbnail","category-ventana-ca","category-la-comarca-ca","category-sin-categorizar-ca","category-la-hoya-ca","category-seccion-ca","category-sucesos-la-comarca-ca","category-chiva-ca","tag-cable-cobre-ca","tag-chiva-ca","tag-cobre-ca","tag-guardia-civil-ca","tag-la-hoya-de-bunol-chiva-ca","tag-robo-ca"],"_links":{"self":[{"href":"https:\/\/tucomarca.whitekongsoftware.com\/ca\/wp-json\/wp\/v2\/posts\/175789","targetHints":{"allow":["GET"]}}],"collection":[{"href":"https:\/\/tucomarca.whitekongsoftware.com\/ca\/wp-json\/wp\/v2\/posts"}],"about":[{"href":"https:\/\/tucomarca.whitekongsoftware.com\/ca\/wp-json\/wp\/v2\/types\/post"}],"author":[{"embeddable":true,"href":"https:\/\/tucomarca.whitekongsoftware.com\/ca\/wp-json\/wp\/v2\/users\/1"}],"replies":[{"embeddable":true,"href":"https:\/\/tucomarca.whitekongsoftware.com\/ca\/wp-json\/wp\/v2\/comments?post=175789"}],"version-history":[{"count":0,"href":"https:\/\/tucomarca.whitekongsoftware.com\/ca\/wp-json\/wp\/v2\/posts\/175789\/revisions"}],"wp:featuredmedia":[{"embeddable":true,"href":"https:\/\/tucomarca.whitekongsoftware.com\/ca\/wp-json\/wp\/v2\/media\/175785"}],"wp:attachment":[{"href":"https:\/\/tucomarca.whitekongsoftware.com\/ca\/wp-json\/wp\/v2\/media?parent=175789"}],"wp:term":[{"taxonomy":"category","embeddable":true,"href":"https:\/\/tucomarca.whitekongsoftware.com\/ca\/wp-json\/wp\/v2\/categories?post=175789"},{"taxonomy":"post_tag","embeddable":true,"href":"https:\/\/tucomarca.whitekongsoftware.com\/ca\/wp-json\/wp\/v2\/tags?post=175789"}],"curies":[{"name":"wp","href":"https:\/\/api.w.org\/{rel}","templated":true}]}}