{"id":175741,"date":"2023-01-11T12:00:00","date_gmt":"2023-01-11T10:00:00","guid":{"rendered":"https:\/\/www.tucomarca.com\/wordpress\/segunda\/?p=175741"},"modified":"2023-01-12T16:18:51","modified_gmt":"2023-01-12T14:18:51","slug":"la-llibreria-de-donya-leo-a-bunyol-ja-es-el-somni-complit-del-periodista-i-escriptor-maximo-huerta","status":"publish","type":"post","link":"https:\/\/tucomarca.whitekongsoftware.com\/ca\/la-llibreria-de-donya-leo-a-bunyol-ja-es-el-somni-complit-del-periodista-i-escriptor-maximo-huerta\/","title":{"rendered":"La llibreria de Donya Leo, a Bunyol, ja \u00e9s el somni complit del periodista i escriptor M\u00e0ximo Huerta"},"content":{"rendered":"\n<p class=\"wp-block-paragraph\">El somni de tindre una llibreria rondava des de xicotet al cap del periodista i escriptor M\u00e0xim Huerta, La llibreria de Donya Leo ha vist la llum aquest dimarts, 10 de gener, al carrer Cid de Bunyol, com ell mateix va dir durant la inauguraci\u00f3 &#8220;al meu poble, enfront de l&#8217;ajuntament, a un costat &#8220;Els Lletjos&#8221; i a l&#8217;altre costat &#8220;El Litre&#8221; i la casa de D\u00e9u&#8230; no es pot demanar m\u00e9s&#8221;.<\/p>\n\n\n\n<p class=\"wp-block-paragraph\">L&#8217;escriptor afirma que \u00e9s una doble satisfacci\u00f3 ja que obri un negoci cultural &#8220;al seu poble, a la seua casa i a l&#8217;origen. \u00c9s com tancar un cercle, \u00e9s on he nascut, on he estudiat, on m&#8217;he perdut, on vaig comen\u00e7ar a escriure i ara, en arribar al mig segle, m&#8217;abelleix passar la vida gaudint ac\u00ed&#8221;.<\/p>\n\n\n\n<p class=\"wp-block-paragraph\">Una bonica llibreria, molt parisenca, encara que tamb\u00e9 podria estar al acolorit barri londinenc de Notting Hill o en Portobello que, segons el seu propietari, es convertir\u00e0 en un punt de trobada per a escriptors valencians i de tota Espanya. Horta ja ha anunciat que les primeres que s&#8217;han apuntat a aquestes tert\u00falies liter\u00e0ries s\u00f3n Dolores Red\u00f3 i Luz Gab\u00e1s. La llista prosseguir\u00e0 amb altres destacades figures del panorama literari, com Elvira Lindo.<\/p>\n\n\n\n<p class=\"wp-block-paragraph\">A aquesta inauguraci\u00f3 a m\u00e9s de nombrosos ve\u00efns, associacions del municipi i entitats culturals, no han faltat personalitats de la pol\u00edtica valenciana com l&#8217;alcaldessa de Bunyol, Juncal Carrascosa; el primer Tinent d&#8217;Alcalde, Rafa P\u00e9rez; la regidora de Govern Interior, Mar\u00eda Vall\u00e9s; i la de Cultura, Mireia Parla, aix\u00ed com el Director Territorial de Presid\u00e8ncia de la GVA, el socialista Francisco Molina; el president de la Diputaci\u00f3 de Val\u00e8ncia, Toni Gaspar; la directora general de Cultura i Patrimoni i escriptora, Carmen Amoraga; i la directora general de Promoci\u00f3 Institucional de la Generalitat, Mar\u00eda Fernanda Escribano.<\/p>\n\n\n\n<figure class=\"wp-block-gallery has-nested-images columns-2 is-cropped wp-block-gallery-1 is-layout-flex wp-block-gallery-is-layout-flex\">\n<figure class=\"wp-block-image size-large\"><img loading=\"lazy\" decoding=\"async\" width=\"1181\" height=\"665\" data-id=\"175676\" src=\"http:\/\/www.tucomarca.com\/wordpress\/segunda\/wp-content\/uploads\/2023\/01\/DonaLeo02.jpg\" alt=\"\" class=\"wp-image-175676\" srcset=\"https:\/\/tucomarca.whitekongsoftware.com\/wp-content\/uploads\/2023\/01\/DonaLeo02.jpg 1181w, https:\/\/tucomarca.whitekongsoftware.com\/wp-content\/uploads\/2023\/01\/DonaLeo02-300x169.jpg 300w, https:\/\/tucomarca.whitekongsoftware.com\/wp-content\/uploads\/2023\/01\/DonaLeo02-1024x577.jpg 1024w, https:\/\/tucomarca.whitekongsoftware.com\/wp-content\/uploads\/2023\/01\/DonaLeo02-768x432.jpg 768w, https:\/\/tucomarca.whitekongsoftware.com\/wp-content\/uploads\/2023\/01\/DonaLeo02-678x381.jpg 678w\" sizes=\"auto, (max-width: 1181px) 100vw, 1181px\" \/><\/figure>\n\n\n\n<figure class=\"wp-block-image size-large\"><img loading=\"lazy\" decoding=\"async\" width=\"1181\" height=\"665\" data-id=\"175678\" src=\"http:\/\/www.tucomarca.com\/wordpress\/segunda\/wp-content\/uploads\/2023\/01\/DonaLeo03.jpg\" alt=\"\" class=\"wp-image-175678\" srcset=\"https:\/\/tucomarca.whitekongsoftware.com\/wp-content\/uploads\/2023\/01\/DonaLeo03.jpg 1181w, https:\/\/tucomarca.whitekongsoftware.com\/wp-content\/uploads\/2023\/01\/DonaLeo03-300x169.jpg 300w, https:\/\/tucomarca.whitekongsoftware.com\/wp-content\/uploads\/2023\/01\/DonaLeo03-1024x577.jpg 1024w, https:\/\/tucomarca.whitekongsoftware.com\/wp-content\/uploads\/2023\/01\/DonaLeo03-768x432.jpg 768w, https:\/\/tucomarca.whitekongsoftware.com\/wp-content\/uploads\/2023\/01\/DonaLeo03-678x381.jpg 678w\" sizes=\"auto, (max-width: 1181px) 100vw, 1181px\" \/><\/figure>\n\n\n\n<figure class=\"wp-block-image size-large\"><img loading=\"lazy\" decoding=\"async\" width=\"1181\" height=\"665\" data-id=\"175680\" src=\"http:\/\/www.tucomarca.com\/wordpress\/segunda\/wp-content\/uploads\/2023\/01\/DonaLeo04.jpg\" alt=\"\" class=\"wp-image-175680\" srcset=\"https:\/\/tucomarca.whitekongsoftware.com\/wp-content\/uploads\/2023\/01\/DonaLeo04.jpg 1181w, https:\/\/tucomarca.whitekongsoftware.com\/wp-content\/uploads\/2023\/01\/DonaLeo04-300x169.jpg 300w, https:\/\/tucomarca.whitekongsoftware.com\/wp-content\/uploads\/2023\/01\/DonaLeo04-1024x577.jpg 1024w, https:\/\/tucomarca.whitekongsoftware.com\/wp-content\/uploads\/2023\/01\/DonaLeo04-768x432.jpg 768w, https:\/\/tucomarca.whitekongsoftware.com\/wp-content\/uploads\/2023\/01\/DonaLeo04-678x381.jpg 678w\" sizes=\"auto, (max-width: 1181px) 100vw, 1181px\" \/><\/figure>\n\n\n\n<figure class=\"wp-block-image size-large\"><img loading=\"lazy\" decoding=\"async\" width=\"1181\" height=\"665\" data-id=\"175682\" src=\"http:\/\/www.tucomarca.com\/wordpress\/segunda\/wp-content\/uploads\/2023\/01\/DonaLeo05.jpg\" alt=\"\" class=\"wp-image-175682\" srcset=\"https:\/\/tucomarca.whitekongsoftware.com\/wp-content\/uploads\/2023\/01\/DonaLeo05.jpg 1181w, https:\/\/tucomarca.whitekongsoftware.com\/wp-content\/uploads\/2023\/01\/DonaLeo05-300x169.jpg 300w, https:\/\/tucomarca.whitekongsoftware.com\/wp-content\/uploads\/2023\/01\/DonaLeo05-1024x577.jpg 1024w, https:\/\/tucomarca.whitekongsoftware.com\/wp-content\/uploads\/2023\/01\/DonaLeo05-768x432.jpg 768w, https:\/\/tucomarca.whitekongsoftware.com\/wp-content\/uploads\/2023\/01\/DonaLeo05-678x381.jpg 678w\" sizes=\"auto, (max-width: 1181px) 100vw, 1181px\" \/><\/figure>\n\n\n\n<figure class=\"wp-block-image size-large\"><img loading=\"lazy\" decoding=\"async\" width=\"1181\" height=\"665\" data-id=\"175684\" src=\"http:\/\/www.tucomarca.com\/wordpress\/segunda\/wp-content\/uploads\/2023\/01\/DonaLeo06.jpg\" alt=\"\" class=\"wp-image-175684\" srcset=\"https:\/\/tucomarca.whitekongsoftware.com\/wp-content\/uploads\/2023\/01\/DonaLeo06.jpg 1181w, https:\/\/tucomarca.whitekongsoftware.com\/wp-content\/uploads\/2023\/01\/DonaLeo06-300x169.jpg 300w, https:\/\/tucomarca.whitekongsoftware.com\/wp-content\/uploads\/2023\/01\/DonaLeo06-1024x577.jpg 1024w, https:\/\/tucomarca.whitekongsoftware.com\/wp-content\/uploads\/2023\/01\/DonaLeo06-768x432.jpg 768w, https:\/\/tucomarca.whitekongsoftware.com\/wp-content\/uploads\/2023\/01\/DonaLeo06-678x381.jpg 678w\" sizes=\"auto, (max-width: 1181px) 100vw, 1181px\" \/><\/figure>\n\n\n\n<figure class=\"wp-block-image size-large\"><img loading=\"lazy\" decoding=\"async\" width=\"1181\" height=\"665\" data-id=\"175686\" src=\"http:\/\/www.tucomarca.com\/wordpress\/segunda\/wp-content\/uploads\/2023\/01\/DonaLeo07.jpg\" alt=\"\" class=\"wp-image-175686\" srcset=\"https:\/\/tucomarca.whitekongsoftware.com\/wp-content\/uploads\/2023\/01\/DonaLeo07.jpg 1181w, https:\/\/tucomarca.whitekongsoftware.com\/wp-content\/uploads\/2023\/01\/DonaLeo07-300x169.jpg 300w, https:\/\/tucomarca.whitekongsoftware.com\/wp-content\/uploads\/2023\/01\/DonaLeo07-1024x577.jpg 1024w, https:\/\/tucomarca.whitekongsoftware.com\/wp-content\/uploads\/2023\/01\/DonaLeo07-768x432.jpg 768w, https:\/\/tucomarca.whitekongsoftware.com\/wp-content\/uploads\/2023\/01\/DonaLeo07-678x381.jpg 678w\" sizes=\"auto, (max-width: 1181px) 100vw, 1181px\" \/><\/figure>\n\n\n\n<figure class=\"wp-block-image size-large\"><img loading=\"lazy\" decoding=\"async\" width=\"1181\" height=\"665\" data-id=\"175688\" src=\"http:\/\/www.tucomarca.com\/wordpress\/segunda\/wp-content\/uploads\/2023\/01\/DonaLeo08.jpg\" alt=\"\" class=\"wp-image-175688\" srcset=\"https:\/\/tucomarca.whitekongsoftware.com\/wp-content\/uploads\/2023\/01\/DonaLeo08.jpg 1181w, https:\/\/tucomarca.whitekongsoftware.com\/wp-content\/uploads\/2023\/01\/DonaLeo08-300x169.jpg 300w, https:\/\/tucomarca.whitekongsoftware.com\/wp-content\/uploads\/2023\/01\/DonaLeo08-1024x577.jpg 1024w, https:\/\/tucomarca.whitekongsoftware.com\/wp-content\/uploads\/2023\/01\/DonaLeo08-768x432.jpg 768w, https:\/\/tucomarca.whitekongsoftware.com\/wp-content\/uploads\/2023\/01\/DonaLeo08-678x381.jpg 678w\" sizes=\"auto, (max-width: 1181px) 100vw, 1181px\" \/><\/figure>\n\n\n\n<figure class=\"wp-block-image size-large\"><img loading=\"lazy\" decoding=\"async\" width=\"1181\" height=\"665\" data-id=\"175690\" src=\"http:\/\/www.tucomarca.com\/wordpress\/segunda\/wp-content\/uploads\/2023\/01\/DonaLeo09.jpg\" alt=\"\" class=\"wp-image-175690\" srcset=\"https:\/\/tucomarca.whitekongsoftware.com\/wp-content\/uploads\/2023\/01\/DonaLeo09.jpg 1181w, https:\/\/tucomarca.whitekongsoftware.com\/wp-content\/uploads\/2023\/01\/DonaLeo09-300x169.jpg 300w, https:\/\/tucomarca.whitekongsoftware.com\/wp-content\/uploads\/2023\/01\/DonaLeo09-1024x577.jpg 1024w, https:\/\/tucomarca.whitekongsoftware.com\/wp-content\/uploads\/2023\/01\/DonaLeo09-768x432.jpg 768w, https:\/\/tucomarca.whitekongsoftware.com\/wp-content\/uploads\/2023\/01\/DonaLeo09-678x381.jpg 678w\" sizes=\"auto, (max-width: 1181px) 100vw, 1181px\" \/><\/figure>\n<\/figure>\n","protected":false},"excerpt":{"rendered":"<div class=\"mh-excerpt\">El somni de tindre una llibreria rondava des de xicotet al cap del periodista i escriptor M\u00e0xim Huerta, La llibreria de Donya Leo ha vist la llum aquest dimarts, 10 de gener, al carrer Cid <a class=\"mh-excerpt-more\" href=\"https:\/\/tucomarca.whitekongsoftware.com\/ca\/la-llibreria-de-donya-leo-a-bunyol-ja-es-el-somni-complit-del-periodista-i-escriptor-maximo-huerta\/\" title=\"La llibreria de Donya Leo, a Bunyol, ja \u00e9s el somni complit del periodista i escriptor M\u00e0ximo Huerta\">[+] <\/a><\/div>\n","protected":false},"author":12,"featured_media":175693,"comment_status":"open","ping_status":"open","sticky":false,"template":"","format":"gallery","meta":{"footnotes":""},"categories":[10911,10894,10912,11007,10896],"tags":[10913,10914,18648,13312],"class_list":["post-175741","post","type-post","status-publish","format-gallery","has-post-thumbnail","category-bunol-ca","category-la-comarca-ca","category-la-hoya-ca","category-ocio-y-cultura-ca","category-seccion-ca","tag-bunol-ca","tag-la-hoya-de-bunol-chiva-ca","tag-la-libreria-de-dona-leo-ca","tag-maximo-huerta-ca","post_format-post-format-gallery"],"_links":{"self":[{"href":"https:\/\/tucomarca.whitekongsoftware.com\/ca\/wp-json\/wp\/v2\/posts\/175741","targetHints":{"allow":["GET"]}}],"collection":[{"href":"https:\/\/tucomarca.whitekongsoftware.com\/ca\/wp-json\/wp\/v2\/posts"}],"about":[{"href":"https:\/\/tucomarca.whitekongsoftware.com\/ca\/wp-json\/wp\/v2\/types\/post"}],"author":[{"embeddable":true,"href":"https:\/\/tucomarca.whitekongsoftware.com\/ca\/wp-json\/wp\/v2\/users\/12"}],"replies":[{"embeddable":true,"href":"https:\/\/tucomarca.whitekongsoftware.com\/ca\/wp-json\/wp\/v2\/comments?post=175741"}],"version-history":[{"count":0,"href":"https:\/\/tucomarca.whitekongsoftware.com\/ca\/wp-json\/wp\/v2\/posts\/175741\/revisions"}],"wp:featuredmedia":[{"embeddable":true,"href":"https:\/\/tucomarca.whitekongsoftware.com\/ca\/wp-json\/wp\/v2\/media\/175693"}],"wp:attachment":[{"href":"https:\/\/tucomarca.whitekongsoftware.com\/ca\/wp-json\/wp\/v2\/media?parent=175741"}],"wp:term":[{"taxonomy":"category","embeddable":true,"href":"https:\/\/tucomarca.whitekongsoftware.com\/ca\/wp-json\/wp\/v2\/categories?post=175741"},{"taxonomy":"post_tag","embeddable":true,"href":"https:\/\/tucomarca.whitekongsoftware.com\/ca\/wp-json\/wp\/v2\/tags?post=175741"}],"curies":[{"name":"wp","href":"https:\/\/api.w.org\/{rel}","templated":true}]}}