{"id":175528,"date":"2023-01-10T10:00:00","date_gmt":"2023-01-10T08:00:00","guid":{"rendered":"https:\/\/www.tucomarca.com\/wordpress\/segunda\/?p=175528"},"modified":"2023-01-10T22:10:46","modified_gmt":"2023-01-10T20:10:46","slug":"la-guardia-civil-dete-al-suposat-autor-que-va-assestar-3-punyalades-a-un-jove-a-benifaio","status":"publish","type":"post","link":"https:\/\/tucomarca.whitekongsoftware.com\/ca\/la-guardia-civil-dete-al-suposat-autor-que-va-assestar-3-punyalades-a-un-jove-a-benifaio\/","title":{"rendered":"La Gu\u00e0rdia Civil det\u00e9 al suposat autor que va assestar 3 punyalades a un jove a Benifai\u00f3&nbsp;"},"content":{"rendered":"\n<h4 class=\"wp-block-heading\">Un jove ve\u00ed de la localitat, despr\u00e9s de mantindre una acalorada discussi\u00f3 amb un conegut, va patir, per part d&#8217;aquest, tres punyalades a l&#8217;esquena amb un ganivet de grans dimensions<\/h4>\n\n\n\n<h4 class=\"wp-block-heading\">La v\u00edctima va ser assistida, en primera inst\u00e0ncia, per agents de la Gu\u00e0rdia Civil i de la Policia Local de Benifai\u00f3<\/h4>\n\n\n\n<h4 class=\"wp-block-heading\">La Gu\u00e0rdia Civil de Val\u00e8ncia va procedir a la detenci\u00f3, en la localitat d&#8217;Almussafes, d&#8217;un home de 25 anys d&#8217;edat, de nacionalitat espanyola, per un delicte de lesions<\/h4>\n\n\n\n<p class=\"wp-block-paragraph\">La Gu\u00e0rdia Civil de Val\u00e8ncia, en el marc de l&#8217;operaci\u00f3 \u201cBELDUQUE\u201d, ha detingut a un home que va apunyalar a l&#8217;esquena a un altre jove en la localitat de Benifai\u00f3.<\/p>\n\n\n\n<p class=\"wp-block-paragraph\">Els fets van succeir el passat 25 de desembre de 2022, en les proximitats d&#8217;una local d&#8217;oci del municipi de Benifai\u00f3. Un jove ve\u00ed de la localitat, despr\u00e9s de mantindre una acalorada discussi\u00f3 amb un conegut, va patir, per part d&#8217;aquest, tres punyalades a l&#8217;esquena amb un ganivet de grans dimensions.<\/p>\n\n\n\n<p class=\"wp-block-paragraph\">La v\u00edctima va ser assistida, en primera inst\u00e0ncia, per agents de la Gu\u00e0rdia Civil i de la Policia Local de Benifai\u00f3. Minuts despr\u00e9s, va arribar al lloc dels fets un equip de SAMU que va traslladar al jove a l&#8217;Hospital de la Ribera de la localitat d&#8217;Alzira.<\/p>\n\n\n\n<p class=\"wp-block-paragraph\">La Gu\u00e0rdia Civil va desplegar un dispositiu de cerca per a procedir a la detenci\u00f3 de l&#8217;autor dels fets, ja que els indicis indicaven que era molt possible que haguera fugit del municipi.<\/p>\n\n\n\n<p class=\"wp-block-paragraph\">Finalment, el 3 de gener de 2023, la Gu\u00e0rdia Civil de Val\u00e8ncia va procedir a la detenci\u00f3, en la localitat d&#8217;Almussafes, d&#8217;un home de 25 anys d&#8217;edat, de nacionalitat espanyola, per un delicte de lesions.<\/p>\n\n\n\n<p class=\"wp-block-paragraph\">Les dilig\u00e8ncies i el detingut han sigut posats a la disposici\u00f3 del Jutjat de Primera Inst\u00e0ncia i Instrucci\u00f3 N\u00famero 2 de Carlet.<\/p>\n\n\n\n<p class=\"wp-block-paragraph\"><\/p>\n","protected":false},"excerpt":{"rendered":"<div class=\"mh-excerpt\">Un jove ve\u00ed de la localitat, despr\u00e9s de mantindre una acalorada discussi\u00f3 amb un conegut, va patir, per part d&#8217;aquest, tres punyalades a l&#8217;esquena amb un ganivet de grans dimensions La v\u00edctima va ser assistida, <a class=\"mh-excerpt-more\" href=\"https:\/\/tucomarca.whitekongsoftware.com\/ca\/la-guardia-civil-dete-al-suposat-autor-que-va-assestar-3-punyalades-a-un-jove-a-benifaio\/\" title=\"La Gu\u00e0rdia Civil det\u00e9 al suposat autor que va assestar 3 punyalades a un jove a Benifai\u00f3&nbsp;\">[+] <\/a><\/div>\n","protected":false},"author":12,"featured_media":156456,"comment_status":"open","ping_status":"open","sticky":false,"template":"","format":"standard","meta":{"footnotes":""},"categories":[10987,10898,10894,10902,10896,10897],"tags":[12046,12176,11356],"class_list":["post-175528","post","type-post","status-publish","format-standard","has-post-thumbnail","category-benifaio-ca","category-ventana-ca","category-la-comarca-ca","category-la-ribera-ca","category-seccion-ca","category-sucesos-la-comarca-ca","tag-benifaio-ca","tag-guardia-civil-de-valencia-ca","tag-ribera-alta-ca"],"_links":{"self":[{"href":"https:\/\/tucomarca.whitekongsoftware.com\/ca\/wp-json\/wp\/v2\/posts\/175528","targetHints":{"allow":["GET"]}}],"collection":[{"href":"https:\/\/tucomarca.whitekongsoftware.com\/ca\/wp-json\/wp\/v2\/posts"}],"about":[{"href":"https:\/\/tucomarca.whitekongsoftware.com\/ca\/wp-json\/wp\/v2\/types\/post"}],"author":[{"embeddable":true,"href":"https:\/\/tucomarca.whitekongsoftware.com\/ca\/wp-json\/wp\/v2\/users\/12"}],"replies":[{"embeddable":true,"href":"https:\/\/tucomarca.whitekongsoftware.com\/ca\/wp-json\/wp\/v2\/comments?post=175528"}],"version-history":[{"count":0,"href":"https:\/\/tucomarca.whitekongsoftware.com\/ca\/wp-json\/wp\/v2\/posts\/175528\/revisions"}],"wp:featuredmedia":[{"embeddable":true,"href":"https:\/\/tucomarca.whitekongsoftware.com\/ca\/wp-json\/wp\/v2\/media\/156456"}],"wp:attachment":[{"href":"https:\/\/tucomarca.whitekongsoftware.com\/ca\/wp-json\/wp\/v2\/media?parent=175528"}],"wp:term":[{"taxonomy":"category","embeddable":true,"href":"https:\/\/tucomarca.whitekongsoftware.com\/ca\/wp-json\/wp\/v2\/categories?post=175528"},{"taxonomy":"post_tag","embeddable":true,"href":"https:\/\/tucomarca.whitekongsoftware.com\/ca\/wp-json\/wp\/v2\/tags?post=175528"}],"curies":[{"name":"wp","href":"https:\/\/api.w.org\/{rel}","templated":true}]}}