{"id":175218,"date":"2023-01-05T16:00:00","date_gmt":"2023-01-05T14:00:00","guid":{"rendered":"https:\/\/www.tucomarca.com\/wordpress\/segunda\/?p=175218"},"modified":"2023-01-05T19:28:53","modified_gmt":"2023-01-05T17:28:53","slug":"lajuntament-dalboraig-anima-a-utilitzar-un-sistema-en-el-mobil-per-a-separar-els-residus","status":"publish","type":"post","link":"https:\/\/tucomarca.whitekongsoftware.com\/ca\/lajuntament-dalboraig-anima-a-utilitzar-un-sistema-en-el-mobil-per-a-separar-els-residus\/","title":{"rendered":"L&#8217;Ajuntament d&#8217;Alboraig anima a utilitzar un sistema en el m\u00f2bil per a separar els residus"},"content":{"rendered":"\n<h4 class=\"wp-block-heading\">FichAlborache s&#8217;estrena el 10 de gener, data en la qual el ve\u00efnat podr\u00e0 comen\u00e7ar a utilitzar el sistema i apostar per un municipi net<\/h4>\n\n\n\n<p class=\"wp-block-paragraph\">Sota el lema &#8220;Tu i jo fitxem per reciclar Alboraig&#8221; m\u00e9s de 30 ve\u00efns i ve\u00efnes han participat en la realitzaci\u00f3 d&#8217;un espot dedicat als qui vulguen participar volunt\u00e0riament a separar el fem i apostar per un municipi net. L&#8217;espot s&#8217;estrenar\u00e0 el 10 de gener, data en la qual el ve\u00efnat podr\u00e0 comen\u00e7ar a utilitzar el sistema FichAlborache. Un projecte posat en marxa pel consistori i&nbsp; subvencionat per la Conselleria de Participaci\u00f3, Transpar\u00e8ncia, Cooperaci\u00f3 i Qualitat Democr\u00e0tica.&nbsp;<\/p>\n\n\n\n<p class=\"wp-block-paragraph\">A partir del 10 de gener i fins al 10 de febrer, si s&#8217;\u00e9s el titular d&#8217;un habitatge d&#8217;Alboraig o s&#8217;est\u00e0 en lloguer en aquesta, i a m\u00e9s s&#8217;est\u00e0 al corrent en la taxa de fems, es podr\u00e0 entrar en el portal FichAlborache (a trav\u00e9s de la Web o xarxes socials municipals i en el propi ajuntament).&nbsp;<\/p>\n\n\n\n<p class=\"wp-block-paragraph\">\u00c9s un sistema de senzilla utilitzaci\u00f3 amb assistents que informaran personalment a l&#8217;Ajuntament de 10.00 h a 13.00 h tots els dies i de 17.00 h a 19.30 h els dilluns i dimecres. Tamb\u00e9 regalarem bosses compostables i m\u00e9s detalls.<\/p>\n\n\n\n<p class=\"wp-block-paragraph\">Aquesta iniciativa t\u00e9 doble premi. Per a participar haur\u00e0s de fitxar en tu m\u00f2bil quan deposites el fem separat entre 20.00 h-22.00 h si \u00e9s hivern, i a l&#8217;estiu de 21.00-23.00 h. A m\u00e9s, s&#8217;haur\u00e0 d&#8217;indicar el contenidor utilitzat; aix\u00f2 donar\u00e0 punts. Si de gener a maig s&#8217;aconsegueixen els 100 punts es recollir\u00e0 a l&#8217;Ajuntament el xec verd ciudadane per valor de 30\u20ac.<\/p>\n\n\n\n<p class=\"wp-block-paragraph\">A m\u00e9s, el mes d&#8217;abril s&#8217;estrenar\u00e0 el v\u00eddeo &#8220;Tu, Jo, Tod@s. Fitxem per Reciclar&#8221;. Qualsevol persona podr\u00e0 compartir-ho en xarxes socials i si t\u00e9 m\u00e9s de 1200 visualitzacions es repartiran 100 xecs verd + ciudadane entre tota la poblaci\u00f3.<\/p>\n\n\n\n<p class=\"wp-block-paragraph\">En aquesta ocasi\u00f3, l&#8217;espot busca conscienciar sobre els avantatges econ\u00f2mics, socials i de salut, de separar els residus per a tota la ciutadania i convida a la responsabilitat de tots per la qualitat de vida a Alboraig.<\/p>\n\n\n\n<p class=\"wp-block-paragraph\"><\/p>\n","protected":false},"excerpt":{"rendered":"<div class=\"mh-excerpt\">FichAlborache s&#8217;estrena el 10 de gener, data en la qual el ve\u00efnat podr\u00e0 comen\u00e7ar a utilitzar el sistema i apostar per un municipi net Sota el lema &#8220;Tu i jo fitxem per reciclar Alboraig&#8221; m\u00e9s <a class=\"mh-excerpt-more\" href=\"https:\/\/tucomarca.whitekongsoftware.com\/ca\/lajuntament-dalboraig-anima-a-utilitzar-un-sistema-en-el-mobil-per-a-separar-els-residus\/\" title=\"L&#8217;Ajuntament d&#8217;Alboraig anima a utilitzar un sistema en el m\u00f2bil per a separar els residus\">[+] <\/a><\/div>\n","protected":false},"author":12,"featured_media":175217,"comment_status":"open","ping_status":"open","sticky":false,"template":"","format":"standard","meta":{"footnotes":""},"categories":[10973,10948,10894,10912,10903,10947,10896],"tags":[11224,18623,10914],"class_list":["post-175218","post","type-post","status-publish","format-standard","has-post-thumbnail","category-alborache-ca","category-infraestructuras-ca","category-la-comarca-ca","category-la-hoya-ca","category-medio-ambiente-la-comarca-ca","category-politica","category-seccion-ca","tag-alborache-ca","tag-fichalborache-ca","tag-la-hoya-de-bunol-chiva-ca"],"_links":{"self":[{"href":"https:\/\/tucomarca.whitekongsoftware.com\/ca\/wp-json\/wp\/v2\/posts\/175218","targetHints":{"allow":["GET"]}}],"collection":[{"href":"https:\/\/tucomarca.whitekongsoftware.com\/ca\/wp-json\/wp\/v2\/posts"}],"about":[{"href":"https:\/\/tucomarca.whitekongsoftware.com\/ca\/wp-json\/wp\/v2\/types\/post"}],"author":[{"embeddable":true,"href":"https:\/\/tucomarca.whitekongsoftware.com\/ca\/wp-json\/wp\/v2\/users\/12"}],"replies":[{"embeddable":true,"href":"https:\/\/tucomarca.whitekongsoftware.com\/ca\/wp-json\/wp\/v2\/comments?post=175218"}],"version-history":[{"count":0,"href":"https:\/\/tucomarca.whitekongsoftware.com\/ca\/wp-json\/wp\/v2\/posts\/175218\/revisions"}],"wp:featuredmedia":[{"embeddable":true,"href":"https:\/\/tucomarca.whitekongsoftware.com\/ca\/wp-json\/wp\/v2\/media\/175217"}],"wp:attachment":[{"href":"https:\/\/tucomarca.whitekongsoftware.com\/ca\/wp-json\/wp\/v2\/media?parent=175218"}],"wp:term":[{"taxonomy":"category","embeddable":true,"href":"https:\/\/tucomarca.whitekongsoftware.com\/ca\/wp-json\/wp\/v2\/categories?post=175218"},{"taxonomy":"post_tag","embeddable":true,"href":"https:\/\/tucomarca.whitekongsoftware.com\/ca\/wp-json\/wp\/v2\/tags?post=175218"}],"curies":[{"name":"wp","href":"https:\/\/api.w.org\/{rel}","templated":true}]}}