{"id":175182,"date":"2023-01-03T13:00:00","date_gmt":"2023-01-03T11:00:00","guid":{"rendered":"https:\/\/www.tucomarca.com\/wordpress\/segunda\/?p=175182"},"modified":"2023-01-03T22:35:02","modified_gmt":"2023-01-03T20:35:02","slug":"la-regidoria-de-cultura-popular-de-bunyol-organitza-un-altre-taller-masterchef-junior-despres-de-lexit-del-celebrat-el-passat-29-de-desembre","status":"publish","type":"post","link":"https:\/\/tucomarca.whitekongsoftware.com\/ca\/la-regidoria-de-cultura-popular-de-bunyol-organitza-un-altre-taller-masterchef-junior-despres-de-lexit-del-celebrat-el-passat-29-de-desembre\/","title":{"rendered":"La regidoria de Cultura Popular de Bunyol organitza un altre taller MasterChef j\u00fanior despr\u00e9s de l&#8217;\u00e8xit del celebrat el passat 29 de desembre&nbsp;"},"content":{"rendered":"\n<p class=\"wp-block-paragraph\">La Regidoria de Cultura Popular de l&#8217;Ajuntament de Bunyol ha programat una \u00e0mplia agenda d&#8217;activitats nadalenques per a tots i totes en la localitat. A m\u00e9s de les nombroses festes que s&#8217;estan organitzant des de divendres passat 16 de desembre tots els caps de setmana en la Carpa del Planell, els m\u00e9s xicotets han gaudit de la visita de Pap\u00e0 Noel els dies 22 i 23 de desembre, un recinte firal tots els dies d&#8217;aquestes festes i un taller de cuina MasterChef per a xiquets de fins a 10 anys, que hui torna a repetir-se.&nbsp;<\/p>\n\n\n\n<p class=\"wp-block-paragraph\">Aquesta vesprada, a la Sala El Mercat, de 18 a 20h torna a organitzar-se un altre taller de cuina per a xiquets i xiquetes de fins a 10 anys i amb un aforament de fins a 100 xiquets. L&#8217;\u00e8xit va ser tal que aquesta vesprada torna a repetir-se.&nbsp;<\/p>\n\n\n\n<p class=\"wp-block-paragraph\"><\/p>\n","protected":false},"excerpt":{"rendered":"<div class=\"mh-excerpt\">La Regidoria de Cultura Popular de l&#8217;Ajuntament de Bunyol ha programat una \u00e0mplia agenda d&#8217;activitats nadalenques per a tots i totes en la localitat. A m\u00e9s de les nombroses festes que s&#8217;estan organitzant des de <a class=\"mh-excerpt-more\" href=\"https:\/\/tucomarca.whitekongsoftware.com\/ca\/la-regidoria-de-cultura-popular-de-bunyol-organitza-un-altre-taller-masterchef-junior-despres-de-lexit-del-celebrat-el-passat-29-de-desembre\/\" title=\"La regidoria de Cultura Popular de Bunyol organitza un altre taller MasterChef j\u00fanior despr\u00e9s de l&#8217;\u00e8xit del celebrat el passat 29 de desembre&nbsp;\">[+] <\/a><\/div>\n","protected":false},"author":12,"featured_media":175181,"comment_status":"open","ping_status":"open","sticky":false,"template":"","format":"standard","meta":{"footnotes":""},"categories":[11019,10911,10894,10912,10896],"tags":[10913,10914,18618],"class_list":["post-175182","post","type-post","status-publish","format-standard","has-post-thumbnail","category-agenda-ca","category-bunol-ca","category-la-comarca-ca","category-la-hoya-ca","category-seccion-ca","tag-bunol-ca","tag-la-hoya-de-bunol-chiva-ca","tag-masterchef-ca"],"_links":{"self":[{"href":"https:\/\/tucomarca.whitekongsoftware.com\/ca\/wp-json\/wp\/v2\/posts\/175182","targetHints":{"allow":["GET"]}}],"collection":[{"href":"https:\/\/tucomarca.whitekongsoftware.com\/ca\/wp-json\/wp\/v2\/posts"}],"about":[{"href":"https:\/\/tucomarca.whitekongsoftware.com\/ca\/wp-json\/wp\/v2\/types\/post"}],"author":[{"embeddable":true,"href":"https:\/\/tucomarca.whitekongsoftware.com\/ca\/wp-json\/wp\/v2\/users\/12"}],"replies":[{"embeddable":true,"href":"https:\/\/tucomarca.whitekongsoftware.com\/ca\/wp-json\/wp\/v2\/comments?post=175182"}],"version-history":[{"count":0,"href":"https:\/\/tucomarca.whitekongsoftware.com\/ca\/wp-json\/wp\/v2\/posts\/175182\/revisions"}],"wp:featuredmedia":[{"embeddable":true,"href":"https:\/\/tucomarca.whitekongsoftware.com\/ca\/wp-json\/wp\/v2\/media\/175181"}],"wp:attachment":[{"href":"https:\/\/tucomarca.whitekongsoftware.com\/ca\/wp-json\/wp\/v2\/media?parent=175182"}],"wp:term":[{"taxonomy":"category","embeddable":true,"href":"https:\/\/tucomarca.whitekongsoftware.com\/ca\/wp-json\/wp\/v2\/categories?post=175182"},{"taxonomy":"post_tag","embeddable":true,"href":"https:\/\/tucomarca.whitekongsoftware.com\/ca\/wp-json\/wp\/v2\/tags?post=175182"}],"curies":[{"name":"wp","href":"https:\/\/api.w.org\/{rel}","templated":true}]}}