{"id":175167,"date":"2023-01-03T09:30:00","date_gmt":"2023-01-03T07:30:00","guid":{"rendered":"https:\/\/www.tucomarca.com\/wordpress\/segunda\/?p=175167"},"modified":"2023-01-03T22:40:24","modified_gmt":"2023-01-03T20:40:24","slug":"els-ajuntaments-de-xest-i-xiva-reben-subvencions-per-a-redactar-i-executar-el-projecte-carril-de-ciclovianants-xest-xiva","status":"publish","type":"post","link":"https:\/\/tucomarca.whitekongsoftware.com\/ca\/els-ajuntaments-de-xest-i-xiva-reben-subvencions-per-a-redactar-i-executar-el-projecte-carril-de-ciclovianants-xest-xiva\/","title":{"rendered":"Els ajuntaments de Xest i Xiva reben subvencions per a redactar i executar el projecte Carril de ciclovianants Xest-Xiva"},"content":{"rendered":"\n<p class=\"wp-block-paragraph\">Els ajuntaments de Xest i Xiva han rebut dues subvencions del Pla REACCIONA de la Diputaci\u00f3 de Val\u00e8ncia per a redactar i executar el projecte Carril de ciclovianants Xest-Xiva, dotades de 8.000 i 90.000 euros respectivament.<\/p>\n\n\n\n<p class=\"wp-block-paragraph\">Tal com ha informat el regidor de Medi Ambient, David Pujals, el primer pas ser\u00e0 la construcci\u00f3 d&#8217;una passarel\u00b7la d&#8217;enlla\u00e7 al nou carril que connectar\u00e0 els dos municipis a peu i amb bicicleta.<\/p>\n\n\n\n<p class=\"wp-block-paragraph\">\u201cAquesta proposta ve vinculada a altres presentades per les regidories de Medi Ambient i Serveis que contemplen connectar Xest amb el pol\u00edgon Castella i amb Pi Blay, amb accessos a Saba i al IVAS, acabant en el pol\u00edgon. El passat 20 de maig de 2022 Xest va signar un conveni amb Xiva i es va formular la sol\u00b7licitud de subvenci\u00f3 al Pla REACCIONA per a l&#8217;execuci\u00f3 de vies de ciclovianants. Les diverses gestions dutes a terme per les regidories de Medi Ambient i la de Serveis han tingut com a resultat la concessi\u00f3 d&#8217;aquestes dues subvencions: una per a la redacci\u00f3 del projecte, dotada de 8.000 euros, i una altra per a l&#8217;execuci\u00f3 del projecte, dotada de 90.000 euros. La resta de l&#8217;import total del projecte ser\u00e0 a c\u00e0rrec de tots dos municipis, proporcionalment als quil\u00f2metres que disc\u00f3rreguen per cada terme municipal\u201d, ha explicat Pujals. \u201cEstic molt satisfet que, a poc a poc, aquestes mesures es facen realitat, igual que un dels trams de l&#8217;anell verd ciclopeatonal que va des de la biblioteca a l&#8217;IES Ricardo Mar\u00edn, impulsat des d&#8217;aquesta regidoria\u201d.<\/p>\n\n\n\n<p class=\"wp-block-paragraph\">Per part seua, el regidor de Serveis, Jos\u00e9 Vicente Guijarro, ha afegit que, a m\u00e9s de millorar la mobilitat i l&#8217;accessibilitat, aquesta nova infraestructura facilitar\u00e0 la reducci\u00f3 d&#8217;emissions de CO\u2082 a l&#8217;atmosfera, en prescindir de vehicles de motor per a realitzar despla\u00e7aments de curt recorregut. \u201cMillorarem la qualitat de l&#8217;aire, al mateix temps es generen h\u00e0bits de vida m\u00e9s saludables entre la poblaci\u00f3. Amb la construcci\u00f3 d&#8217;aquest carril de ciclovianants es millora la connexi\u00f3 de les poblacions adjacents i s&#8217;afavoreix el despla\u00e7ament als pol\u00edgons industrials, al Complex Educatiu de Xest i al Circuit\u201d, apunta.<\/p>\n\n\n\n<p class=\"wp-block-paragraph\"><\/p>\n","protected":false},"excerpt":{"rendered":"<div class=\"mh-excerpt\">Els ajuntaments de Xest i Xiva han rebut dues subvencions del Pla REACCIONA de la Diputaci\u00f3 de Val\u00e8ncia per a redactar i executar el projecte Carril de ciclovianants Xest-Xiva, dotades de 8.000 i 90.000 euros <a class=\"mh-excerpt-more\" href=\"https:\/\/tucomarca.whitekongsoftware.com\/ca\/els-ajuntaments-de-xest-i-xiva-reben-subvencions-per-a-redactar-i-executar-el-projecte-carril-de-ciclovianants-xest-xiva\/\" title=\"Els ajuntaments de Xest i Xiva reben subvencions per a redactar i executar el projecte Carril de ciclovianants Xest-Xiva\">[+] <\/a><\/div>\n","protected":false},"author":12,"featured_media":175166,"comment_status":"open","ping_status":"open","sticky":false,"template":"","format":"standard","meta":{"footnotes":""},"categories":[10948,10894,10912,10903,10947,10896,10974,10975],"tags":[18616,11071,11195,10914],"class_list":["post-175167","post","type-post","status-publish","format-standard","has-post-thumbnail","category-infraestructuras-ca","category-la-comarca-ca","category-la-hoya-ca","category-medio-ambiente-la-comarca-ca","category-politica","category-seccion-ca","category-cheste-ca","category-chiva-ca","tag-carril-ciclopeatonal-ca","tag-cheste","tag-chiva-ca","tag-la-hoya-de-bunol-chiva-ca"],"_links":{"self":[{"href":"https:\/\/tucomarca.whitekongsoftware.com\/ca\/wp-json\/wp\/v2\/posts\/175167","targetHints":{"allow":["GET"]}}],"collection":[{"href":"https:\/\/tucomarca.whitekongsoftware.com\/ca\/wp-json\/wp\/v2\/posts"}],"about":[{"href":"https:\/\/tucomarca.whitekongsoftware.com\/ca\/wp-json\/wp\/v2\/types\/post"}],"author":[{"embeddable":true,"href":"https:\/\/tucomarca.whitekongsoftware.com\/ca\/wp-json\/wp\/v2\/users\/12"}],"replies":[{"embeddable":true,"href":"https:\/\/tucomarca.whitekongsoftware.com\/ca\/wp-json\/wp\/v2\/comments?post=175167"}],"version-history":[{"count":0,"href":"https:\/\/tucomarca.whitekongsoftware.com\/ca\/wp-json\/wp\/v2\/posts\/175167\/revisions"}],"wp:featuredmedia":[{"embeddable":true,"href":"https:\/\/tucomarca.whitekongsoftware.com\/ca\/wp-json\/wp\/v2\/media\/175166"}],"wp:attachment":[{"href":"https:\/\/tucomarca.whitekongsoftware.com\/ca\/wp-json\/wp\/v2\/media?parent=175167"}],"wp:term":[{"taxonomy":"category","embeddable":true,"href":"https:\/\/tucomarca.whitekongsoftware.com\/ca\/wp-json\/wp\/v2\/categories?post=175167"},{"taxonomy":"post_tag","embeddable":true,"href":"https:\/\/tucomarca.whitekongsoftware.com\/ca\/wp-json\/wp\/v2\/tags?post=175167"}],"curies":[{"name":"wp","href":"https:\/\/api.w.org\/{rel}","templated":true}]}}