{"id":175160,"date":"2023-01-03T13:13:00","date_gmt":"2023-01-03T11:13:00","guid":{"rendered":"https:\/\/www.tucomarca.com\/wordpress\/segunda\/?p=175160"},"modified":"2023-01-03T22:42:10","modified_gmt":"2023-01-03T20:42:10","slug":"el-complex-educatiu-de-xest-acollira-durant-tres-dies-lii-campament-multiesport-que-organitza-lajuntament-al-costat-de-stopgoal","status":"publish","type":"post","link":"https:\/\/tucomarca.whitekongsoftware.com\/ca\/el-complex-educatiu-de-xest-acollira-durant-tres-dies-lii-campament-multiesport-que-organitza-lajuntament-al-costat-de-stopgoal\/","title":{"rendered":"El Complex Educatiu de Xest acollir\u00e0 durant tres dies l&#8217;II Campament multiesport que organitza l&#8217;Ajuntament al costat de StopGoal"},"content":{"rendered":"\n<p class=\"wp-block-paragraph\">Ahir va comen\u00e7ar en el Complex Educatiu de Xest la segona edici\u00f3 del Campament multiesport organitzat per la regidoria d&#8217;Esports i dirigit per l&#8217;empresa StopGoal.<\/p>\n\n\n\n<p class=\"wp-block-paragraph\">Aquest esdeveniment presenta una \u00e0mplia oferta esportiva en instal\u00b7lacions professionals per als xiquets i les xiquetes participants, que estaran allotjats en el complex durant tres dies i practicaran diferents esports, com a beisbol, nataci\u00f3, o atletisme, entre altres.<\/p>\n\n\n\n<p class=\"wp-block-paragraph\">Abans que s&#8217;iniciara el Campament, ahir, 2 de gener, el regidor d&#8217;Esports, Francisco Llorens i el gerent del centre, Lucas Ferrando, van rebre als i les participants i a les seues fam\u00edlies en la Sala d&#8217;actes del recinte per a donar-los la benvinguda. \u201cDes de la regidoria d&#8217;Esports continuarem apostant per la realitzaci\u00f3 de tota mena d&#8217;activitats en el Complex Educatiu de Xest. Aquest centre \u00e9s un orgull per als valencians i en particular per als chestanos i compta amb moltes instal\u00b7lacions esportives. Gr\u00e0cies a la ger\u00e8ncia de Lucas Ferrando tenim un suport i una relaci\u00f3 de col\u00b7laboraci\u00f3 m\u00e0xima amb el que des de la regidoria continuarem treballant en aquesta l\u00ednia\u201d, apuntava Llorens.<\/p>\n\n\n\n<p class=\"wp-block-paragraph\">Per part seua, el gerent del centre va posar en valor les seues instal\u00b7lacions i va manifestar que el Complex Educatiu est\u00e0 a la disposici\u00f3 de la poblaci\u00f3 de Xest. \u201cDurant molts anys Xest ha viscut d&#8217;esquena al CEI de Xest; gr\u00e0cies a l&#8217;Ajuntament de Xest aix\u00f2 est\u00e0 canviant. El CEI \u00e9s una infraestructura pensada per a l&#8217;ensenyament i la pr\u00e0ctica esportiva i \u00e9s p\u00fablic, d&#8217;aqu\u00ed ve que els ve\u00efns de Xest han de con\u00e9ixer i gaudir d&#8217;aquestes instal\u00b7lacions que tenen molt a prop\u201d, manifestava Ferrando.<\/p>\n\n\n\n<p class=\"wp-block-paragraph\">En concloure l&#8217;acte inaugural, xiquets i xiquetes van pujar a les resid\u00e8ncies per a visitar el lloc on passaran les nits durant el desenvolupament del campus. Una vegada all\u00ed, es va repartir el material esportiu necessari i va comen\u00e7ar la primera activitat, nataci\u00f3.<\/p>\n\n\n\n<p class=\"wp-block-paragraph\"><\/p>\n","protected":false},"excerpt":{"rendered":"<div class=\"mh-excerpt\">Ahir va comen\u00e7ar en el Complex Educatiu de Xest la segona edici\u00f3 del Campament multiesport organitzat per la regidoria d&#8217;Esports i dirigit per l&#8217;empresa StopGoal. Aquest esdeveniment presenta una \u00e0mplia oferta esportiva en instal\u00b7lacions professionals <a class=\"mh-excerpt-more\" href=\"https:\/\/tucomarca.whitekongsoftware.com\/ca\/el-complex-educatiu-de-xest-acollira-durant-tres-dies-lii-campament-multiesport-que-organitza-lajuntament-al-costat-de-stopgoal\/\" title=\"El Complex Educatiu de Xest acollir\u00e0 durant tres dies l&#8217;II Campament multiesport que organitza l&#8217;Ajuntament al costat de StopGoal\">[+] <\/a><\/div>\n","protected":false},"author":12,"featured_media":175159,"comment_status":"open","ping_status":"open","sticky":false,"template":"","format":"standard","meta":{"footnotes":""},"categories":[11019,11003,10948,10894,10912,11009,10896,10974],"tags":[12680,11071,12663,18277,10914],"class_list":["post-175160","post","type-post","status-publish","format-standard","has-post-thumbnail","category-agenda-ca","category-sports","category-infraestructuras-ca","category-la-comarca-ca","category-la-hoya-ca","category-polideportivo-ca","category-seccion-ca","category-cheste-ca","tag-ce-cheste-ca","tag-cheste","tag-complejo-educativo-de-cheste-ca","tag-ii-campamento-multideporte-ca","tag-la-hoya-de-bunol-chiva-ca"],"_links":{"self":[{"href":"https:\/\/tucomarca.whitekongsoftware.com\/ca\/wp-json\/wp\/v2\/posts\/175160","targetHints":{"allow":["GET"]}}],"collection":[{"href":"https:\/\/tucomarca.whitekongsoftware.com\/ca\/wp-json\/wp\/v2\/posts"}],"about":[{"href":"https:\/\/tucomarca.whitekongsoftware.com\/ca\/wp-json\/wp\/v2\/types\/post"}],"author":[{"embeddable":true,"href":"https:\/\/tucomarca.whitekongsoftware.com\/ca\/wp-json\/wp\/v2\/users\/12"}],"replies":[{"embeddable":true,"href":"https:\/\/tucomarca.whitekongsoftware.com\/ca\/wp-json\/wp\/v2\/comments?post=175160"}],"version-history":[{"count":0,"href":"https:\/\/tucomarca.whitekongsoftware.com\/ca\/wp-json\/wp\/v2\/posts\/175160\/revisions"}],"wp:featuredmedia":[{"embeddable":true,"href":"https:\/\/tucomarca.whitekongsoftware.com\/ca\/wp-json\/wp\/v2\/media\/175159"}],"wp:attachment":[{"href":"https:\/\/tucomarca.whitekongsoftware.com\/ca\/wp-json\/wp\/v2\/media?parent=175160"}],"wp:term":[{"taxonomy":"category","embeddable":true,"href":"https:\/\/tucomarca.whitekongsoftware.com\/ca\/wp-json\/wp\/v2\/categories?post=175160"},{"taxonomy":"post_tag","embeddable":true,"href":"https:\/\/tucomarca.whitekongsoftware.com\/ca\/wp-json\/wp\/v2\/tags?post=175160"}],"curies":[{"name":"wp","href":"https:\/\/api.w.org\/{rel}","templated":true}]}}