{"id":175143,"date":"2023-01-04T08:00:00","date_gmt":"2023-01-04T06:00:00","guid":{"rendered":"https:\/\/www.tucomarca.com\/wordpress\/segunda\/?p=175143"},"modified":"2023-01-04T12:01:57","modified_gmt":"2023-01-04T10:01:57","slug":"lajuntament-ja-compta-amb-un-tecnic-de-captacio-i-gestio-de-fons-europeus","status":"publish","type":"post","link":"https:\/\/tucomarca.whitekongsoftware.com\/ca\/lajuntament-ja-compta-amb-un-tecnic-de-captacio-i-gestio-de-fons-europeus\/","title":{"rendered":"L&#8217;Ajuntament ja compta amb un t\u00e8cnic de captaci\u00f3 i gesti\u00f3 de fons europeus"},"content":{"rendered":"\n<p class=\"wp-block-paragraph\">L&#8217;Ajuntament de Xest ha rebut una subvenci\u00f3 per part del Servei Valenci\u00e0 d&#8217;Ocupaci\u00f3 i Formaci\u00f3 &#8211; Labora de 33.261,54 euros per a la contractaci\u00f3 d&#8217;un t\u00e8cnic de captaci\u00f3 i gesti\u00f3 de fons europeus -fons Next Generation i fons estructurals-, en el marc del Pla de Recuperaci\u00f3, Transformaci\u00f3 i Resili\u00e8ncia (ERTEFE 2022).<\/p>\n\n\n\n<p class=\"wp-block-paragraph\">La contractaci\u00f3 va comen\u00e7ar ahir, 28 de desembre, i tindr\u00e0 una duraci\u00f3 d&#8217;un any, amb finalitzaci\u00f3 el 31 de desembre de 2023. Entre les funcions que desenvolupar\u00e0 el nou t\u00e8cnic figura la de dur a terme l&#8217;assessorament del teixit empresarial de Pimes locals en la captaci\u00f3 de fons europeus de manera coordinada amb l&#8217;Agent d&#8217;Ocupaci\u00f3 i Desenvolupament Local, aix\u00ed com gestionar els Pactes territorials d&#8217;Ocupaci\u00f3 i les seccions territorials de la CEV. A m\u00e9s, s&#8217;encarregar\u00e0 d&#8217;impulsar projectes que puguen ser finan\u00e7ats per fons Next Generation i estructurals per a l&#8217;Ajuntament de Xest. Un 20% de les actuacions hauran d&#8217;estar relacionades amb projectes verds i digitals, dirigits a l&#8217;economia verda i economia digital.<\/p>\n\n\n\n<p class=\"wp-block-paragraph\">\u201c\u00c9s una ocasi\u00f3 d&#8217;amplitud i transcend\u00e8ncia per a fer front al repte hist\u00f2ric que tenim des de la perspectiva econ\u00f2mic i social. En aquest sentit \u00e9s important el paper que els consistoris, com l&#8217;administraci\u00f3 m\u00e9s pr\u00f2xima a la ciutadania, tenim i hem de treballar des de la col\u00b7laboraci\u00f3, la contribuci\u00f3 i la lleialtat corporativa per a aconseguir aquest repte. En aqueix sentit, hem de continuar apostant per aconseguir els objectius que puguen plantejar-se mitjan\u00e7ant un pla estrat\u00e8gic i de treball que puga ajudar a superar aquesta crisi, sense deixar a ning\u00fa arrere\u201d, ha declarat el regidor d&#8217;Ocupaci\u00f3, Personal, Transpar\u00e8ncia i Serveis Municipals, Jos\u00e9 Vicente Guijarro.&nbsp;<\/p>\n\n\n\n<p class=\"wp-block-paragraph\">Aix\u00ed mateix, el regidor ha enumerat una s\u00e8rie de plans que podrien iniciar-se sota l&#8217;empara de fons europeus i que encaixarien en les actuacions relacionades amb projectes verds i digitals que contempla la subvenci\u00f3 que Labora ha concedit a l&#8217;Ajuntament per a contractar el nou t\u00e8cnic. \u201cCom a exemple de propostes en les quals treballar des d&#8217;aquest nou lloc de captaci\u00f3 i gesti\u00f3 de fons europeus hauria de figurar el plantejament d&#8217;una infraestructura verda que contribu\u00efsca a l&#8217;absorci\u00f3 de CO\u2082, a la restauraci\u00f3 ecol\u00f2gica i paisatg\u00edstica de zones degradades i que incremente l&#8217;oferta d&#8217;itineraris per als vianants i ciclistes. D&#8217;altra banda, seria necessari desenvolupar l&#8217;estrat\u00e8gia \u2018Xest Circular\u2019, de manera que s&#8217;afavorisca el desenvolupament d&#8217;un cl\u00faster d&#8217;economia circular que contemple l&#8217;augment de la capacitat de reciclatge i valoritzaci\u00f3 de residus minimitzant els impactes d&#8217;aquests processos. Un altre exemple de proposta en la qual treballar seria la rehabilitaci\u00f3 del pla \u2018Energia Xest\u2019 per a millorar la qualitat de l&#8217;aire a Xest reduint el consum d&#8217;energia en el sector residencial i a fer front a la pobresa energ\u00e8tica, prioritzant la salut; o desenvolupar el pla \u2018Xest renovable i eficient\u2019, amb l&#8217;objectiu satisfer abans de 2030 el 100% de la demanda d&#8217;electricitat, impulsat la substituci\u00f3 de llumin\u00e0ries d&#8217;enllumenat p\u00fablic urb\u00e0 cap a tecnologia Led i il\u00b7luminaci\u00f3 intel\u00b7ligent\u201d.<\/p>\n\n\n\n<p class=\"wp-block-paragraph\"><\/p>\n","protected":false},"excerpt":{"rendered":"<div class=\"mh-excerpt\">L&#8217;Ajuntament de Xest ha rebut una subvenci\u00f3 per part del Servei Valenci\u00e0 d&#8217;Ocupaci\u00f3 i Formaci\u00f3 &#8211; Labora de 33.261,54 euros per a la contractaci\u00f3 d&#8217;un t\u00e8cnic de captaci\u00f3 i gesti\u00f3 de fons europeus -fons Next <a class=\"mh-excerpt-more\" href=\"https:\/\/tucomarca.whitekongsoftware.com\/ca\/lajuntament-ja-compta-amb-un-tecnic-de-captacio-i-gestio-de-fons-europeus\/\" title=\"L&#8217;Ajuntament ja compta amb un t\u00e8cnic de captaci\u00f3 i gesti\u00f3 de fons europeus\">[+] <\/a><\/div>\n","protected":false},"author":12,"featured_media":89187,"comment_status":"open","ping_status":"open","sticky":false,"template":"","format":"standard","meta":{"footnotes":""},"categories":[10948,10894,10912,10947,10896,10974],"tags":[11071,18614,10914],"class_list":["post-175143","post","type-post","status-publish","format-standard","has-post-thumbnail","category-infraestructuras-ca","category-la-comarca-ca","category-la-hoya-ca","category-politica","category-seccion-ca","category-cheste-ca","tag-cheste","tag-fondos-europeos-ca","tag-la-hoya-de-bunol-chiva-ca"],"_links":{"self":[{"href":"https:\/\/tucomarca.whitekongsoftware.com\/ca\/wp-json\/wp\/v2\/posts\/175143","targetHints":{"allow":["GET"]}}],"collection":[{"href":"https:\/\/tucomarca.whitekongsoftware.com\/ca\/wp-json\/wp\/v2\/posts"}],"about":[{"href":"https:\/\/tucomarca.whitekongsoftware.com\/ca\/wp-json\/wp\/v2\/types\/post"}],"author":[{"embeddable":true,"href":"https:\/\/tucomarca.whitekongsoftware.com\/ca\/wp-json\/wp\/v2\/users\/12"}],"replies":[{"embeddable":true,"href":"https:\/\/tucomarca.whitekongsoftware.com\/ca\/wp-json\/wp\/v2\/comments?post=175143"}],"version-history":[{"count":0,"href":"https:\/\/tucomarca.whitekongsoftware.com\/ca\/wp-json\/wp\/v2\/posts\/175143\/revisions"}],"wp:featuredmedia":[{"embeddable":true,"href":"https:\/\/tucomarca.whitekongsoftware.com\/ca\/wp-json\/wp\/v2\/media\/89187"}],"wp:attachment":[{"href":"https:\/\/tucomarca.whitekongsoftware.com\/ca\/wp-json\/wp\/v2\/media?parent=175143"}],"wp:term":[{"taxonomy":"category","embeddable":true,"href":"https:\/\/tucomarca.whitekongsoftware.com\/ca\/wp-json\/wp\/v2\/categories?post=175143"},{"taxonomy":"post_tag","embeddable":true,"href":"https:\/\/tucomarca.whitekongsoftware.com\/ca\/wp-json\/wp\/v2\/tags?post=175143"}],"curies":[{"name":"wp","href":"https:\/\/api.w.org\/{rel}","templated":true}]}}