{"id":174772,"date":"2022-12-25T12:00:00","date_gmt":"2022-12-25T10:00:00","guid":{"rendered":"https:\/\/www.tucomarca.com\/wordpress\/segunda\/?p=174772"},"modified":"2022-12-26T23:29:41","modified_gmt":"2022-12-26T21:29:41","slug":"riba-roja-adjudica-per-12-milions-deuros-el-servei-de-servei-dapats-social-per-als-proxims-3-anys-de-dilluns-a-diumenge-gratuit-per-a-les-rendes-economiques-de-fins-a-900-euros-mensuals","status":"publish","type":"post","link":"https:\/\/tucomarca.whitekongsoftware.com\/ca\/riba-roja-adjudica-per-12-milions-deuros-el-servei-de-servei-dapats-social-per-als-proxims-3-anys-de-dilluns-a-diumenge-gratuit-per-a-les-rendes-economiques-de-fins-a-900-euros-mensuals\/","title":{"rendered":"Riba-roja adjudica per 1\u20192 milions d&#8217;euros el servei de servei d&#8217;\u00e0pats social per als pr\u00f2xims 3 anys de dilluns a diumenge, gratu\u00eft per a les rendes econ\u00f2miques de fins a 900 euros mensuals\u00a0"},"content":{"rendered":"\n<h4 class=\"wp-block-heading\">L&#8217;Ajuntament contracta el servei per a afavorir a les persones majors que no es valen per si mateixos per a elaborar el menjar que s&#8217;oferir\u00e0 tots els dies, tamb\u00e9 els festius i diumenges&nbsp;<\/h4>\n\n\n\n<p class=\"wp-block-paragraph\">L&#8217;Ajuntament de Riba-roja de T\u00faria ha adjudicat per 1\u20192 milions d&#8217;euros el servei de servei d&#8217;\u00e0pats social municipal per un per\u00edode de tres anys, des de finals d&#8217;enguany fins a l&#8217;exercici de 2025. El servei p\u00fablic es prestar\u00e0, a partir d&#8217;ara, tots els dies, diumenges i festius inclosos amb el nou contracte que s&#8217;ha formalitzat per part del govern local ja que fins ara s&#8217;oferia de dilluns a dissabte.&nbsp;<\/p>\n\n\n\n<p class=\"wp-block-paragraph\">El servei d&#8217;\u00e0pats social de Riba-roja de T\u00faria est\u00e0 enfocat a les persones majors, persones amb depend\u00e8ncia i\/o diversitat funcional de la localitat als quals se&#8217;ls ofereix un men\u00fa per a millorar la qualitat de vida i contribuir, d&#8217;aquesta manera, a proporcionar una alimentaci\u00f3 adequada al mateix temps que es prevenen trastorns de salut derivats, precisament, d&#8217;una alimentaci\u00f3 deficient. El programa inclou la garantia dels drets socials com la inclusi\u00f3 social, l&#8217;autonomia i el desenvolupament personal, la conviv\u00e8ncia, la igualtat d&#8217;oportunitats i la participaci\u00f3 social.&nbsp;<\/p>\n\n\n\n<p class=\"wp-block-paragraph\">Les persones destinat\u00e0ries d&#8217;aquest servei s\u00f3n aquelles persones o unitats de conviv\u00e8ncia de Riba-roja de T\u00faria amb resid\u00e8ncia efectiva en el municipi d&#8217;almenys sis mesos anteriors a la sol\u00b7licitud, que presenten dificultats per a satisfer, per si mateixes, activitats relacionades amb la seua alimentaci\u00f3 di\u00e0ria i que complisquen una s\u00e8rie de requisits. Entre ells, les raons d&#8217;edat o altres circumst\u00e0ncies, no ser persona benefici\u00e0ria d&#8217;altres ajudes, trobar-se al corrent de les obligacions tribut\u00e0ries i satisfer l&#8217;abonament del servei estipulat.&nbsp;<\/p>\n\n\n\n<p class=\"wp-block-paragraph\">La freq\u00fc\u00e8ncia del servei tindr\u00e0 un car\u00e0cter ordinari quan el repartiment es fa\u00e7a de dilluns a dissabte de 13 a 15 hores i del servei extraordinari els diumenges i festius, a la mateixa hora. Els t\u00e8cnics municipals podran concedir el servei als usuaris en funci\u00f3 dels dies de serveis setmanals, la periodicitat del mateix i l&#8217;aportaci\u00f3 econ\u00f2mica de la persona usu\u00e0ria. A m\u00e9s, podr\u00e0 denegar-ho per no complir els requisits estipulats, no tindre la resid\u00e8ncia en la localitat, no haver presentat la documentaci\u00f3 requerida i no acceptar les condicions del servei. Es podr\u00e0 tramitar la baixa temporal en cas d&#8217;hospitalitzaci\u00f3 de l&#8217;usuari, l&#8217;incompliment puntual d&#8217;algun deure, l&#8217;acolliment familiar, ingressos temporals d&#8217;altres centres, abs\u00e8ncies temporals o per criteri professional, entre altres.&nbsp;<br>El cost econ\u00f2mic efectiu del servei per als usuaris que resulten beneficiaris del mateix dependr\u00e0 dels ingressos anuals de la unitat de conviv\u00e8ncia, el nombre de persones que formen part de la mateixa i del temps de prestaci\u00f3. Les bases reguladores preveuen que resultar\u00e0 gratu\u00eft en aquells casos en els quals els ingressos siguen de menors de 900 euros mensuals, es pagaran 3 euros el men\u00fa quan el barem oscil\u00b7le entre els 900 i els 1.200 euros, altres 4 euros quan estiguen compresos entre els 1.200 i els 1.500 i costar\u00e0 6\u201975 euros en els casos d&#8217;ingressos de m\u00e9s de 1.800 euros al mes.&nbsp;<\/p>\n\n\n\n<p class=\"wp-block-paragraph\">L&#8217;adjudicaci\u00f3 del servei de servei d&#8217;\u00e0pats ha tingut en compte criteris de tipus social de l&#8217;empresa com la seguretat i protecci\u00f3 en el treball i el pagament de salaris i costos laborals als treballadors, aix\u00ed com les quotes a la Seguretat Social, criteris ambientals com la recollida selectiva de les deixalles, una gesti\u00f3 correcta dels residus especials, a m\u00e9s d&#8217;altres criteris t\u00e8cnic\/espec\u00edfic en l&#8217;alimentaci\u00f3 com l&#8217;\u00fas de productes de temporada en els men\u00fas, cultivats a l&#8217;aire lliure, aix\u00ed com l&#8217;\u00fas del 10% d&#8217;ingredients procedents de l&#8217;agricultura ecol\u00f2gica.&nbsp;<\/p>\n\n\n\n<p class=\"wp-block-paragraph\">El plec de condicions preveia, tamb\u00e9, criteris d&#8217;innovaci\u00f3 com l&#8217;\u00fas d&#8217;una eina d&#8217;optimitzaci\u00f3 de les rutes, la presentaci\u00f3 d&#8217;una auditoria ambiental sobre la qualitat del servei, disponibilitat d&#8217;instal\u00b7lacions i equipaments suficients, organitzaci\u00f3 de plans de formaci\u00f3 per als treballadors o un pla nutricional amb periodicitat trimestral, a m\u00e9s s&#8217;ha tingut en compte els criteris de comer\u00e7os just i proximitat, sobre la utilitzaci\u00f3 d&#8217;aquesta mena de productes.&nbsp;<\/p>\n\n\n\n<p class=\"wp-block-paragraph\">L&#8217;alcalde de Riba-roja de T\u00faria, Robert Raga, ha qualificat de \u201cmolt ambici\u00f3s\u201d el projecte del nou servei d&#8217;\u00e0pats social que ha entrat ja en funcionament \u201cpuix que suposa una actualitzaci\u00f3 i una adaptaci\u00f3 de les condicions a les necessitats dels usuaris actuals, amb un gran \u00e8xit en l&#8217;acolliment per part de les persones que l&#8217;utilitzen, amb una ampliaci\u00f3 dels dies que es presta i amb preus molt bons per a afavorir a les persones m\u00e9s vulnerables\u201d.<\/p>\n\n\n\n<p class=\"wp-block-paragraph\"><\/p>\n","protected":false},"excerpt":{"rendered":"<div class=\"mh-excerpt\">L&#8217;Ajuntament contracta el servei per a afavorir a les persones majors que no es valen per si mateixos per a elaborar el menjar que s&#8217;oferir\u00e0 tots els dies, tamb\u00e9 els festius i diumenges&nbsp; L&#8217;Ajuntament de <a class=\"mh-excerpt-more\" href=\"https:\/\/tucomarca.whitekongsoftware.com\/ca\/riba-roja-adjudica-per-12-milions-deuros-el-servei-de-servei-dapats-social-per-als-proxims-3-anys-de-dilluns-a-diumenge-gratuit-per-a-les-rendes-economiques-de-fins-a-900-euros-mensuals\/\" title=\"Riba-roja adjudica per 1\u20192 milions d&#8217;euros el servei de servei d&#8217;\u00e0pats social per als pr\u00f2xims 3 anys de dilluns a diumenge, gratu\u00eft per a les rendes econ\u00f2miques de fins a 900 euros mensuals\u00a0\">[+] <\/a><\/div>\n","protected":false},"author":12,"featured_media":92810,"comment_status":"open","ping_status":"open","sticky":false,"template":"","format":"standard","meta":{"footnotes":""},"categories":[10892,10948,10894,10947,10906,10896],"tags":[10899,18581,15024],"class_list":["post-174772","post","type-post","status-publish","format-standard","has-post-thumbnail","category-camp-de-turia-ca","category-infraestructuras-ca","category-la-comarca-ca","category-politica","category-riba-roja-ca","category-seccion-ca","tag-camp-de-turia-ca","tag-catering-social","tag-riba-roja-de-turia-ca"],"_links":{"self":[{"href":"https:\/\/tucomarca.whitekongsoftware.com\/ca\/wp-json\/wp\/v2\/posts\/174772","targetHints":{"allow":["GET"]}}],"collection":[{"href":"https:\/\/tucomarca.whitekongsoftware.com\/ca\/wp-json\/wp\/v2\/posts"}],"about":[{"href":"https:\/\/tucomarca.whitekongsoftware.com\/ca\/wp-json\/wp\/v2\/types\/post"}],"author":[{"embeddable":true,"href":"https:\/\/tucomarca.whitekongsoftware.com\/ca\/wp-json\/wp\/v2\/users\/12"}],"replies":[{"embeddable":true,"href":"https:\/\/tucomarca.whitekongsoftware.com\/ca\/wp-json\/wp\/v2\/comments?post=174772"}],"version-history":[{"count":0,"href":"https:\/\/tucomarca.whitekongsoftware.com\/ca\/wp-json\/wp\/v2\/posts\/174772\/revisions"}],"wp:featuredmedia":[{"embeddable":true,"href":"https:\/\/tucomarca.whitekongsoftware.com\/ca\/wp-json\/wp\/v2\/media\/92810"}],"wp:attachment":[{"href":"https:\/\/tucomarca.whitekongsoftware.com\/ca\/wp-json\/wp\/v2\/media?parent=174772"}],"wp:term":[{"taxonomy":"category","embeddable":true,"href":"https:\/\/tucomarca.whitekongsoftware.com\/ca\/wp-json\/wp\/v2\/categories?post=174772"},{"taxonomy":"post_tag","embeddable":true,"href":"https:\/\/tucomarca.whitekongsoftware.com\/ca\/wp-json\/wp\/v2\/tags?post=174772"}],"curies":[{"name":"wp","href":"https:\/\/api.w.org\/{rel}","templated":true}]}}