{"id":174698,"date":"2022-12-23T15:00:00","date_gmt":"2022-12-23T13:00:00","guid":{"rendered":"https:\/\/www.tucomarca.com\/wordpress\/segunda\/?p=174698"},"modified":"2022-12-24T00:08:43","modified_gmt":"2022-12-23T22:08:43","slug":"riba-roja-concedeix-198-972-euros-en-ajudes-i-subvencions-economiques-per-a-rehabilitar-les-facanes-dedificis-plurifamiliars-i-habitatges","status":"publish","type":"post","link":"https:\/\/tucomarca.whitekongsoftware.com\/ca\/riba-roja-concedeix-198-972-euros-en-ajudes-i-subvencions-economiques-per-a-rehabilitar-les-facanes-dedificis-plurifamiliars-i-habitatges\/","title":{"rendered":"Riba-roja concedeix 198.972 euros en ajudes i subvencions econ\u00f2miques per a rehabilitar les fa\u00e7anes d&#8217;edificis plurifamiliars i habitatges\u00a0"},"content":{"rendered":"\n<h4 class=\"wp-block-heading\">L&#8217;ajuntament dona llum verda a la tramitaci\u00f3 de la concessi\u00f3 de 87 expedients favorables amb ajudes de fins a 8.000 euros per a millorar l&#8217;aspecte dels habitatges i edificis de la localitat&nbsp;<\/h4>\n\n\n\n<p class=\"wp-block-paragraph\">L&#8217;Ajuntament de Riba-roja de T\u00faria ha aprovat la concessi\u00f3 d&#8217;ajudes a la rehabilitaci\u00f3 de fa\u00e7anes per valor de 198.972 euros en total despr\u00e9s de confirmar un total de 87 sol\u00b7licituds rebudes sobre habitatges particulars i edificis plurifamiliars. La quantia de les subvencions econ\u00f2miques oscil\u00b7la entre els 2.000 i els 8.000 euros en funci\u00f3 de la tipologia dels immobles objecte de l&#8217;actuaci\u00f3 urban\u00edstica.&nbsp;<\/p>\n\n\n\n<p class=\"wp-block-paragraph\">L&#8217;objectiu d&#8217;aquestes ajudes econ\u00f2miques \u00e9s finan\u00e7ar la millora i rehabilitaci\u00f3 de les fa\u00e7anes dels edificis l&#8217;antiguitat dels quals siga superior als 20 anys des del certificat final d&#8217;obra o, en defecte d&#8217;aix\u00f2, des de la data de construcci\u00f3 que fixa el cadastre. En aquesta modalitat s&#8217;inclouen tant les persones propiet\u00e0ries d&#8217;habitatges, aix\u00ed com les comunitats de propietaris, a m\u00e9s dels arrendataris d&#8217;immobles que compten amb la corresponent autoritzaci\u00f3.&nbsp;<\/p>\n\n\n\n<p class=\"wp-block-paragraph\">L&#8217;Ajuntament de Riba-roja de T\u00faria ha resolt les concessions econ\u00f2miques dels 87 expedients referits tant a edificis plurifamiliars, aix\u00ed com els habitatges unifamiliars situats en el terme municipal la finalitat del qual passa per la millora de les fa\u00e7anes dels citats edificis i cases particulars a m\u00e9s de col\u00b7laborar en el foment de l&#8217;economia local a trav\u00e9s de les actuacions urban\u00edstiques que es duen a terme en aquests.&nbsp;<\/p>\n\n\n\n<p class=\"wp-block-paragraph\">Les actuacions finan\u00e7ades abasten la reparaci\u00f3 i execuci\u00f3 de les fa\u00e7anes com els esquerdejats, aix\u00ed com els guardinos i semblants, els revestiments de pedra en zones com el s\u00f2col o el contorn dels buits, la pintura en fa\u00e7ana i els seus elements de fusteria i reixes, els elements ornamentals per a ocultar les canalitzacions i els cablejats que discorren per la fa\u00e7ana i elements com els escopidors o les rematades.&nbsp;<\/p>\n\n\n\n<p class=\"wp-block-paragraph\">Les bases reguladores de l&#8217;Ajuntament de Riba-roja de T\u00farai inclouen, a m\u00e9s, la reparaci\u00f3 del revestiment dels par\u00e0metres verticals situats a un metre de l&#8217;alineaci\u00f3 del vial en el cas dels balcons i les terrasses obertes, aix\u00ed com la rehabilitaci\u00f3 dels tancaments de la parcel\u00b7la que dona al vial en el cas dels habitatges a\u00efllats, si b\u00e9 s&#8217;exclou l&#8217;opci\u00f3 de les fa\u00e7anes que donen a l&#8217;interior de les parcel\u00b7les determinades en la sol\u00b7licitud. El color dels materials de la fa\u00e7ana i la seua composici\u00f3 s&#8217;ha d&#8217;adaptar a l&#8217;harmonia de l&#8217;entorn i ha de seguir el compliment de les directrius marcades pels serveis t\u00e8cnics municipals.&nbsp;<br>La quantia de cadascuna de les subvencions concedides recull el cost de les obres que es calcula a partir del pressupost d&#8217;execuci\u00f3 d&#8217;aquestes, que no ha de superar els establits en la base reguladora de les ajudes econ\u00f2miques o els que apliquen els serveis t\u00e8cnics a trav\u00e9s de l&#8217;avaluaci\u00f3 dels edificis. En el preu fixat s&#8217;inclour\u00e0, a m\u00e9s, l&#8217;execuci\u00f3 material, les despeses generals i el benefici industrial previst, exclosos l&#8217;IVA, les taxes municipals i el ICIO.&nbsp;<\/p>\n\n\n\n<p class=\"wp-block-paragraph\">D&#8217;aquesta manera, les bases reguladores marquen una quantitat econ\u00f2mica del 50% del pressupost protegit de l&#8217;actuaci\u00f3, amb un m\u00e0xim de 2.000 euros per habitatge familiar, aix\u00ed com de fins a 8.000 euros en els edificis plurifamiliars. En el cas que el cost total de les obres executades fora inferior al cost aprovat l&#8217;import de la subvenci\u00f3 es recalcular\u00e0 de manera proporcional a cost de les obres executades finalment. Si s&#8217;executen m\u00e9s obres de les previstes no variar\u00e0 l&#8217;import de la subvenci\u00f3.&nbsp;<\/p>\n\n\n\n<p class=\"wp-block-paragraph\">Els criteris que es tenen en compte a l&#8217;hora de decidir la quantitat de cadascuna de les subvencions aprovades es regeixen per la concurr\u00e8ncia competitiva i estan determinats per l&#8217;estat de conservaci\u00f3 de les fa\u00e7anes amb fins a 35 punts en total, mentre que l&#8217;antiguitat de l&#8217;edifici o habitatge suposa un m\u00e0xim de 15 punts, altres 10 punts si les actuacions les duen a terme una empresa local i altres punts per les fa\u00e7anes que donen a espais p\u00fablics, a m\u00e9s de 20 punts si els immobles estan situats en sectors gestionats i completament urbanitzats, els mateixos que en cas de disposar de l&#8217;informe d&#8217;avaluaci\u00f3 de l&#8217;edifici.&nbsp;<\/p>\n\n\n\n<p class=\"wp-block-paragraph\">L&#8217;alcalde de Riba-roja de T\u00faria, Robert Raga, ha subratllat la \u201cimport\u00e0ncia d&#8217;aquestes ajudes per a fomentar la modernitzaci\u00f3 i millora de les fa\u00e7anes dels edificis i habitatges per a aconseguir una localitat m\u00e9s harm\u00f2nica i m\u00e9s segura des del punt de vista urban\u00edstic, a m\u00e9s de que al mateix temps ajudem a incentivar el desenvolupament econ\u00f2mic en fomentar la contractaci\u00f3 de les obres que executen les empreses petites i mitjanes (pimes) de la localitat\u201d.<\/p>\n\n\n\n<p class=\"wp-block-paragraph\"><\/p>\n","protected":false},"excerpt":{"rendered":"<div class=\"mh-excerpt\">L&#8217;ajuntament dona llum verda a la tramitaci\u00f3 de la concessi\u00f3 de 87 expedients favorables amb ajudes de fins a 8.000 euros per a millorar l&#8217;aspecte dels habitatges i edificis de la localitat&nbsp; L&#8217;Ajuntament de Riba-roja <a class=\"mh-excerpt-more\" href=\"https:\/\/tucomarca.whitekongsoftware.com\/ca\/riba-roja-concedeix-198-972-euros-en-ajudes-i-subvencions-economiques-per-a-rehabilitar-les-facanes-dedificis-plurifamiliars-i-habitatges\/\" title=\"Riba-roja concedeix 198.972 euros en ajudes i subvencions econ\u00f2miques per a rehabilitar les fa\u00e7anes d&#8217;edificis plurifamiliars i habitatges\u00a0\">[+] <\/a><\/div>\n","protected":false},"author":12,"featured_media":170971,"comment_status":"open","ping_status":"open","sticky":false,"template":"","format":"standard","meta":{"footnotes":""},"categories":[10892,10948,10894,10947,10906,10896],"tags":[13821,10899,14454,15024],"class_list":["post-174698","post","type-post","status-publish","format-standard","has-post-thumbnail","category-camp-de-turia-ca","category-infraestructuras-ca","category-la-comarca-ca","category-politica","category-riba-roja-ca","category-seccion-ca","tag-ayudas-ca","tag-camp-de-turia-ca","tag-rehabilitacion-de-fachadas-ca","tag-riba-roja-de-turia-ca"],"_links":{"self":[{"href":"https:\/\/tucomarca.whitekongsoftware.com\/ca\/wp-json\/wp\/v2\/posts\/174698","targetHints":{"allow":["GET"]}}],"collection":[{"href":"https:\/\/tucomarca.whitekongsoftware.com\/ca\/wp-json\/wp\/v2\/posts"}],"about":[{"href":"https:\/\/tucomarca.whitekongsoftware.com\/ca\/wp-json\/wp\/v2\/types\/post"}],"author":[{"embeddable":true,"href":"https:\/\/tucomarca.whitekongsoftware.com\/ca\/wp-json\/wp\/v2\/users\/12"}],"replies":[{"embeddable":true,"href":"https:\/\/tucomarca.whitekongsoftware.com\/ca\/wp-json\/wp\/v2\/comments?post=174698"}],"version-history":[{"count":0,"href":"https:\/\/tucomarca.whitekongsoftware.com\/ca\/wp-json\/wp\/v2\/posts\/174698\/revisions"}],"wp:featuredmedia":[{"embeddable":true,"href":"https:\/\/tucomarca.whitekongsoftware.com\/ca\/wp-json\/wp\/v2\/media\/170971"}],"wp:attachment":[{"href":"https:\/\/tucomarca.whitekongsoftware.com\/ca\/wp-json\/wp\/v2\/media?parent=174698"}],"wp:term":[{"taxonomy":"category","embeddable":true,"href":"https:\/\/tucomarca.whitekongsoftware.com\/ca\/wp-json\/wp\/v2\/categories?post=174698"},{"taxonomy":"post_tag","embeddable":true,"href":"https:\/\/tucomarca.whitekongsoftware.com\/ca\/wp-json\/wp\/v2\/tags?post=174698"}],"curies":[{"name":"wp","href":"https:\/\/api.w.org\/{rel}","templated":true}]}}