{"id":174617,"date":"2022-12-23T10:00:00","date_gmt":"2022-12-23T08:00:00","guid":{"rendered":"https:\/\/www.tucomarca.com\/wordpress\/segunda\/?p=174617"},"modified":"2022-12-23T14:07:18","modified_gmt":"2022-12-23T12:07:18","slug":"el-prya-denuncia-les-males-condicions-del-teatre-principal-de-requena","status":"publish","type":"post","link":"https:\/\/tucomarca.whitekongsoftware.com\/ca\/el-prya-denuncia-les-males-condicions-del-teatre-principal-de-requena\/","title":{"rendered":"El PRyA den\u00fancia les males condicions del Teatre Principal de Requena"},"content":{"rendered":"\n<h4 class=\"wp-block-heading\"><em>\u201cEl PRyA rep multitud de queixes sobre el fred, les butaques i tarima de l&#8217;edifici\u201d<\/em><\/h4>\n\n\n\n<p class=\"wp-block-paragraph\">Des del Partit de Requena i Llogarets expressen que s\u00f3n nombroses les queixes que estan arribant per part dels familiars dels xiquets que ahir tenien el seu festival de Nadal del col\u00b7legi en el Teatre Principal de Requena.&nbsp;<\/p>\n\n\n\n<p class=\"wp-block-paragraph\">\u201cSegons ens diuen les fam\u00edlies, en el Teatre Principal feia molt de fred, una cosa intolerable en qualsevol cas, per\u00f2 m\u00e9s fins i tot tractant-se d&#8217;un festival infantil amb xiquets. Des de la nostra formaci\u00f3 no podem entendre com des del govern socialista no hi ha una previsi\u00f3 d&#8217;encesa de la calefacci\u00f3 amb antelaci\u00f3 per a dies que, com el d&#8217;ahir, s\u00f3n especialment freds.&nbsp;<\/p>\n\n\n\n<p class=\"wp-block-paragraph\">A m\u00e9s del fred que feia dins de l&#8217;edifici, tamb\u00e9 les queixes anaven enfocades al fet que tant les butaques com la tarima del s\u00f2l estan en molt mal estat.&nbsp;<\/p>\n\n\n\n<p class=\"wp-block-paragraph\">Des del PRyA hem denunciat en diverses ocasions el mal estat del Teatre Principal de Requena, centrant-nos sempre en els tres mateixos aspectes dels quals es van queixar els ve\u00efns en el dia d&#8217;ahir : climatitzaci\u00f3, butaques i tarima de l&#8217;edifici.&nbsp;<\/p>\n\n\n\n<p class=\"wp-block-paragraph\">\u00c9s intolerable que l&#8217;alcalde socialista Mario S\u00e1nchez no haja rehabilitat el Teatre Principal despr\u00e9s d&#8217;haver tingut un super\u00e0vit amb el qual pagar l&#8217;obra, diners que els socialistes ja s&#8217;han gastat en altres coses per a intentar guanyar les pr\u00f2ximes eleccions municipals.<\/p>\n\n\n\n<p class=\"wp-block-paragraph\">Cal recordar que, tenint el Teatre Principal en unes condicions lamentables, l&#8217;alcalde Mario S\u00e1nchez porta gastat en el Cinema Astoria 752.286 \u20ac. Xifres corresponents a la compra de l&#8217;edifici (653.679\u20ac), una casa annexa (39.962\u20ac), la redacci\u00f3 del projecte (55.714\u20ac) i l&#8217;estudi geot\u00e8cnic (2.931\u20ac). Amb tot aix\u00f2, encara pretenen gastar-se els socialistes m\u00e9s&nbsp; d&#8217;un mili\u00f3 d&#8217;euros en la rehabilitaci\u00f3 (que ser\u00e0 molt m\u00e9s veient el mal estat de l&#8217;edifici).<\/p>\n\n\n\n<p class=\"wp-block-paragraph\">Per al PRyA, aquestes enormes quantitats de diners destinades per al Cinema Astoria s\u00f3n una cosa totalment incompressible, veient les males condicions en les quals est\u00e0 el Teatre Principal de Requena.&nbsp;<\/p>\n\n\n\n<p class=\"wp-block-paragraph\">Des del PRyA demanem al govern socialista de Mario S\u00e1nchez que, situacions com la viscuda ahir en el Teatre Principal, no es tornen a repetir, perqu\u00e8 \u00e9s la seua obligaci\u00f3 tindre els edificis p\u00fablics en bones condicions d&#8217;\u00fas per als ve\u00efns, que s\u00f3n qui li paguen.\u201d<\/p>\n\n\n\n<p class=\"wp-block-paragraph\"><\/p>\n","protected":false},"excerpt":{"rendered":"<div class=\"mh-excerpt\">\u201cEl PRyA rep multitud de queixes sobre el fred, les butaques i tarima de l&#8217;edifici\u201d Des del Partit de Requena i Llogarets expressen que s\u00f3n nombroses les queixes que estan arribant per part dels familiars <a class=\"mh-excerpt-more\" href=\"https:\/\/tucomarca.whitekongsoftware.com\/ca\/el-prya-denuncia-les-males-condicions-del-teatre-principal-de-requena\/\" title=\"El PRyA den\u00fancia les males condicions del Teatre Principal de Requena\">[+] <\/a><\/div>\n","protected":false},"author":12,"featured_media":174619,"comment_status":"open","ping_status":"open","sticky":false,"template":"","format":"standard","meta":{"footnotes":""},"categories":[10948,10894,10947,10908,10909,10896],"tags":[],"class_list":["post-174617","post","type-post","status-publish","format-standard","has-post-thumbnail","category-infraestructuras-ca","category-la-comarca-ca","category-politica","category-requena-ca","category-requena-utiel-ca","category-seccion-ca"],"_links":{"self":[{"href":"https:\/\/tucomarca.whitekongsoftware.com\/ca\/wp-json\/wp\/v2\/posts\/174617","targetHints":{"allow":["GET"]}}],"collection":[{"href":"https:\/\/tucomarca.whitekongsoftware.com\/ca\/wp-json\/wp\/v2\/posts"}],"about":[{"href":"https:\/\/tucomarca.whitekongsoftware.com\/ca\/wp-json\/wp\/v2\/types\/post"}],"author":[{"embeddable":true,"href":"https:\/\/tucomarca.whitekongsoftware.com\/ca\/wp-json\/wp\/v2\/users\/12"}],"replies":[{"embeddable":true,"href":"https:\/\/tucomarca.whitekongsoftware.com\/ca\/wp-json\/wp\/v2\/comments?post=174617"}],"version-history":[{"count":0,"href":"https:\/\/tucomarca.whitekongsoftware.com\/ca\/wp-json\/wp\/v2\/posts\/174617\/revisions"}],"wp:featuredmedia":[{"embeddable":true,"href":"https:\/\/tucomarca.whitekongsoftware.com\/ca\/wp-json\/wp\/v2\/media\/174619"}],"wp:attachment":[{"href":"https:\/\/tucomarca.whitekongsoftware.com\/ca\/wp-json\/wp\/v2\/media?parent=174617"}],"wp:term":[{"taxonomy":"category","embeddable":true,"href":"https:\/\/tucomarca.whitekongsoftware.com\/ca\/wp-json\/wp\/v2\/categories?post=174617"},{"taxonomy":"post_tag","embeddable":true,"href":"https:\/\/tucomarca.whitekongsoftware.com\/ca\/wp-json\/wp\/v2\/tags?post=174617"}],"curies":[{"name":"wp","href":"https:\/\/api.w.org\/{rel}","templated":true}]}}