{"id":174612,"date":"2022-12-22T14:14:00","date_gmt":"2022-12-22T12:14:00","guid":{"rendered":"https:\/\/www.tucomarca.com\/wordpress\/segunda\/?p=174612"},"modified":"2022-12-22T23:29:16","modified_gmt":"2022-12-22T21:29:16","slug":"hui-i-dema-papa-noel-visita-bunyol-per-a-rebre-les-cartes-dels-mes-xicotets-i-ofereix-gofres-gratuits-per-a-tots","status":"publish","type":"post","link":"https:\/\/tucomarca.whitekongsoftware.com\/ca\/hui-i-dema-papa-noel-visita-bunyol-per-a-rebre-les-cartes-dels-mes-xicotets-i-ofereix-gofres-gratuits-per-a-tots\/","title":{"rendered":"Hui i dem\u00e0 Pap\u00e0 Noel visita Bunyol per a rebre les cartes dels m\u00e9s xicotets i ofereix gofres gratu\u00efts per a tots"},"content":{"rendered":"\n<h4 class=\"wp-block-heading\">Aquesta vesprada, de 17 a 20h, estar\u00e0 Pap\u00e0 Noel en la Pla\u00e7a de les Vendes, i dem\u00e0, en la Pla\u00e7a del Poble de Bunyol.<\/h4>\n\n\n\n<p class=\"wp-block-paragraph\">Arranque ja la programaci\u00f3 especial de Nadal organitzat per l&#8217;Ajuntament de Bunyol, a trav\u00e9s de la Regidoria de Cultura Popular, com \u00e9s la visita de Pap\u00e0 Noel.\u00a0<br>Els m\u00e9s xicotets podran estar amb ell, fer-se una foto i entregar-li les seues cartes, aquesta vesprada en la Pla\u00e7a de les Vendes, i dem\u00e0 en la Pla\u00e7a del Poble. L&#8217;horari \u00e9s de 17 a 20h i tamb\u00e9 hi haur\u00e0 una m\u00e0quina de gofres, que seran oferits gratu\u00eftament a tots els que s&#8217;acosten a estar amb ell.<br>Una incre\u00efble manera de comen\u00e7ar aquest Nadal sense restriccions i amb moltes ganes de gaudir del nostre poble, els nostres amics i els nostres ve\u00efns.\u00a0<br>L&#8217;edil, Rafa P\u00e9rez, confia que enguany siguen molts els xiquets i les seues fam\u00edlies que s&#8217;acosten a gaudir de Pap\u00e0 Noel en les dues places del municipi. A m\u00e9s, tamb\u00e9 anima que isquen al carrer i participen de totes les activitats proposades per l&#8217;Ajuntament i l&#8217;Associaci\u00f3 d&#8217;Empresaris i Comerciants de Bunyol.<\/p>\n\n\n\n<p class=\"wp-block-paragraph\"><\/p>\n","protected":false},"excerpt":{"rendered":"<div class=\"mh-excerpt\">Aquesta vesprada, de 17 a 20h, estar\u00e0 Pap\u00e0 Noel en la Pla\u00e7a de les Vendes, i dem\u00e0, en la Pla\u00e7a del Poble de Bunyol. Arranque ja la programaci\u00f3 especial de Nadal organitzat per l&#8217;Ajuntament de <a class=\"mh-excerpt-more\" href=\"https:\/\/tucomarca.whitekongsoftware.com\/ca\/hui-i-dema-papa-noel-visita-bunyol-per-a-rebre-les-cartes-dels-mes-xicotets-i-ofereix-gofres-gratuits-per-a-tots\/\" title=\"Hui i dem\u00e0 Pap\u00e0 Noel visita Bunyol per a rebre les cartes dels m\u00e9s xicotets i ofereix gofres gratu\u00efts per a tots\">[+] <\/a><\/div>\n","protected":false},"author":12,"featured_media":173706,"comment_status":"open","ping_status":"open","sticky":false,"template":"","format":"standard","meta":{"footnotes":""},"categories":[11019,10911,10894,10912,10896],"tags":[10913,10914,18562],"class_list":["post-174612","post","type-post","status-publish","format-standard","has-post-thumbnail","category-agenda-ca","category-bunol-ca","category-la-comarca-ca","category-la-hoya-ca","category-seccion-ca","tag-bunol-ca","tag-la-hoya-de-bunol-chiva-ca","tag-papa-noel-ca"],"_links":{"self":[{"href":"https:\/\/tucomarca.whitekongsoftware.com\/ca\/wp-json\/wp\/v2\/posts\/174612","targetHints":{"allow":["GET"]}}],"collection":[{"href":"https:\/\/tucomarca.whitekongsoftware.com\/ca\/wp-json\/wp\/v2\/posts"}],"about":[{"href":"https:\/\/tucomarca.whitekongsoftware.com\/ca\/wp-json\/wp\/v2\/types\/post"}],"author":[{"embeddable":true,"href":"https:\/\/tucomarca.whitekongsoftware.com\/ca\/wp-json\/wp\/v2\/users\/12"}],"replies":[{"embeddable":true,"href":"https:\/\/tucomarca.whitekongsoftware.com\/ca\/wp-json\/wp\/v2\/comments?post=174612"}],"version-history":[{"count":0,"href":"https:\/\/tucomarca.whitekongsoftware.com\/ca\/wp-json\/wp\/v2\/posts\/174612\/revisions"}],"wp:featuredmedia":[{"embeddable":true,"href":"https:\/\/tucomarca.whitekongsoftware.com\/ca\/wp-json\/wp\/v2\/media\/173706"}],"wp:attachment":[{"href":"https:\/\/tucomarca.whitekongsoftware.com\/ca\/wp-json\/wp\/v2\/media?parent=174612"}],"wp:term":[{"taxonomy":"category","embeddable":true,"href":"https:\/\/tucomarca.whitekongsoftware.com\/ca\/wp-json\/wp\/v2\/categories?post=174612"},{"taxonomy":"post_tag","embeddable":true,"href":"https:\/\/tucomarca.whitekongsoftware.com\/ca\/wp-json\/wp\/v2\/tags?post=174612"}],"curies":[{"name":"wp","href":"https:\/\/api.w.org\/{rel}","templated":true}]}}