{"id":174606,"date":"2022-12-23T08:00:00","date_gmt":"2022-12-23T06:00:00","guid":{"rendered":"https:\/\/www.tucomarca.com\/wordpress\/segunda\/?p=174606"},"modified":"2022-12-23T15:21:05","modified_gmt":"2022-12-23T13:21:05","slug":"lies-la-foia-de-bunyol-celebra-la-iv-trobada-xarxa-mai-mes-ies-per-la-memoria","status":"publish","type":"post","link":"https:\/\/tucomarca.whitekongsoftware.com\/ca\/lies-la-foia-de-bunyol-celebra-la-iv-trobada-xarxa-mai-mes-ies-per-la-memoria\/","title":{"rendered":"L&#8217;IES La Foia de Bunyol celebra la IV Trobada Xarxa \u201cMai m\u00e9s\u201d IES per la Mem\u00f2ria"},"content":{"rendered":"\n<p class=\"wp-block-paragraph\">La jornada que ha compartit l&#8217;IES La Foia ha comen\u00e7at a les 08,30 h amb l&#8217;arribada i recepci\u00f3 de l&#8217;alumnat i del professorat en la pla\u00e7a Layana, realitzant les primeres parades de la Ruta Intercomarcal: Pont de la Rep\u00fablica i Plaza del Poble.<br>A partir de les 09,30 en el Palau de la M\u00fasica s&#8217;ha comen\u00e7at amb una actuaci\u00f3 musical a c\u00e0rrec de l&#8217;alumnat del Conservatori de Bunyol. Recitatiu Front a la Palma de Foc d&#8217;Antonio Machado.<br>Tampoc han faltat les institucions que han donat la benvinguda, per part de l&#8217;Ajuntament de Bunyol ha sigut Juncal Carrascosa, alcaldessa de Bunyol i Carles Xerri, regidor d&#8217;Educaci\u00f3; Gabriel Corach\u00e1n, director de l&#8217;IES La Foia de Bunyol; \u00c1ngel Gonz\u00e1lez, president de la Coordinadora d&#8217;Associacions per la Mem\u00f2ria Democr\u00e0tica del Pa\u00eds Valenci\u00e0; Eugeni de Manuel, coordinador de la Federaci\u00f3 Valenciana de Municipis i Prov\u00edncies; Joan Calvo, president de l&#8217;Amist\u00f3s de Mauthausen; Adri\u00e1n Blas M\u00ednguez, delegat de l&#8217;Amist\u00f3s a la Comunitat Valenciana i Ramiro Rivera, Diputaci\u00f3 de Val\u00e8ncia.<\/p>\n\n\n\n<p class=\"wp-block-paragraph\">Despr\u00e9s d&#8217;aquest moment de parlaments s&#8217;ha iniciat la presentaci\u00f3 de projectes:<br>10,15 Testimoni de familiars de deportats: LOURDES VIDRIER. <\/p>\n\n\n\n<p class=\"wp-block-paragraph\">10.45 Presentaci\u00f3 de projectes dels centres educatius:<\/p>\n\n\n\n<ul class=\"wp-block-list\"><li>IES REQUENA Projecte \u201cMem\u00f2ria hist\u00f2rica i democr\u00e0tica Adela Gil Crespo\u201d.<\/li><li>IES ELX i iES TEULADA. Projecte intercentre: \u201cUna hist\u00f2ria inc\u00f2moda. Mem\u00f2ria dels Ven\u00e7uts: els deportats valencians de la Marina Alta a Mauthausen i Gusen\u201d.<\/li><li>IES PEGUE Projecte \u201cMauthausen 1.20\u201d<\/li><\/ul>\n\n\n\n<p class=\"wp-block-paragraph\">11,15 Descans<br>11,45 Actuaci\u00f3 musical a c\u00e0rrec de l&#8217;alumnat del Conservatori Mari\u00e0 P\u00e9rez S\u00e1nchez de Requena La pell de brau. Poema de Salvador Espriu i m\u00fasica de Elies Monchol\u00ed.<\/p>\n\n\n\n<p class=\"wp-block-paragraph\">12,00 Presentaci\u00f3 de projectes dels centres educatius:<\/p>\n\n\n\n<ul class=\"wp-block-list\"><li>IES RIBA-ROJA Projecte \u201cGimcana de la Mem\u00f2ria\u201d<\/li><li>IES QUART DE POBLET Projecte \u201cLli\u00e7ons dels nostres avis\u201d<\/li><li>IES FOIA DE BUNYOL Projecte \u201cXarxes de la Mem\u00f2ria: anys 50 i 60\u201d.<\/li><\/ul>\n\n\n\n<p class=\"wp-block-paragraph\">12,30 V\u00eddeo documental: \u201cMauthausen: Vides trencades\u201d&nbsp;<\/p>\n\n\n\n<p class=\"wp-block-paragraph\">12.40 Presentaci\u00f3 de projectes dels centres educatius IES ALCOI Projecte Buchenwald.<br>12,50 Taula Redona composta per: Paco Mu\u00f1oz, \u00c1ngel Gonz\u00e1lez, Joan Calvo, Rosa Tar\u00edn i Eugeni de Manuel. Mesa moderada per Maria S\u00e1nchez Guinda, exalumna de l&#8217;IES de Bunyol.<br>14,15 Lliurament de Diploma de participaci\u00f3 en els IES presents<br>14,20 Conclusi\u00f3 musical a c\u00e0rrec de \u201cLa Banda del Pati\u201d, banda formada<br>per alumnat i professorat de l&#8217;IES La Foia de Bunyol.<br>14,50 Conclusi\u00f3 a c\u00e0rrec d&#8217;I\u00f1aki P\u00e9rez: Director General de Qualitat Democr\u00e0tica i To\u00f1i Serna: Secret\u00e0ria Auton\u00f2mica.<\/p>\n\n\n\n<figure class=\"wp-block-gallery has-nested-images columns-2 is-cropped wp-block-gallery-1 is-layout-flex wp-block-gallery-is-layout-flex\">\n<figure class=\"wp-block-image size-large\"><img loading=\"lazy\" decoding=\"async\" width=\"886\" height=\"1106\" data-id=\"174603\" src=\"http:\/\/www.tucomarca.com\/wordpress\/segunda\/wp-content\/uploads\/2022\/12\/TrobadaMemoriaIES3-1.jpg\" alt=\"\" class=\"wp-image-174603\" srcset=\"https:\/\/tucomarca.whitekongsoftware.com\/wp-content\/uploads\/2022\/12\/TrobadaMemoriaIES3-1.jpg 886w, https:\/\/tucomarca.whitekongsoftware.com\/wp-content\/uploads\/2022\/12\/TrobadaMemoriaIES3-1-240x300.jpg 240w, https:\/\/tucomarca.whitekongsoftware.com\/wp-content\/uploads\/2022\/12\/TrobadaMemoriaIES3-1-820x1024.jpg 820w, https:\/\/tucomarca.whitekongsoftware.com\/wp-content\/uploads\/2022\/12\/TrobadaMemoriaIES3-1-768x959.jpg 768w\" sizes=\"auto, (max-width: 886px) 100vw, 886px\" \/><\/figure>\n\n\n\n<figure class=\"wp-block-image size-large\"><img loading=\"lazy\" decoding=\"async\" width=\"886\" height=\"665\" data-id=\"174597\" src=\"http:\/\/www.tucomarca.com\/wordpress\/segunda\/wp-content\/uploads\/2022\/12\/TrobadaMemoriaIES4.jpg\" alt=\"\" class=\"wp-image-174597\" srcset=\"https:\/\/tucomarca.whitekongsoftware.com\/wp-content\/uploads\/2022\/12\/TrobadaMemoriaIES4.jpg 886w, https:\/\/tucomarca.whitekongsoftware.com\/wp-content\/uploads\/2022\/12\/TrobadaMemoriaIES4-300x225.jpg 300w, https:\/\/tucomarca.whitekongsoftware.com\/wp-content\/uploads\/2022\/12\/TrobadaMemoriaIES4-768x576.jpg 768w, https:\/\/tucomarca.whitekongsoftware.com\/wp-content\/uploads\/2022\/12\/TrobadaMemoriaIES4-678x509.jpg 678w, https:\/\/tucomarca.whitekongsoftware.com\/wp-content\/uploads\/2022\/12\/TrobadaMemoriaIES4-326x245.jpg 326w, https:\/\/tucomarca.whitekongsoftware.com\/wp-content\/uploads\/2022\/12\/TrobadaMemoriaIES4-80x60.jpg 80w\" sizes=\"auto, (max-width: 886px) 100vw, 886px\" \/><\/figure>\n\n\n\n<figure class=\"wp-block-image size-large\"><img loading=\"lazy\" decoding=\"async\" width=\"886\" height=\"1181\" data-id=\"174601\" src=\"http:\/\/www.tucomarca.com\/wordpress\/segunda\/wp-content\/uploads\/2022\/12\/TrobadaMemoriaIES2.jpg\" alt=\"\" class=\"wp-image-174601\" srcset=\"https:\/\/tucomarca.whitekongsoftware.com\/wp-content\/uploads\/2022\/12\/TrobadaMemoriaIES2.jpg 886w, https:\/\/tucomarca.whitekongsoftware.com\/wp-content\/uploads\/2022\/12\/TrobadaMemoriaIES2-225x300.jpg 225w, https:\/\/tucomarca.whitekongsoftware.com\/wp-content\/uploads\/2022\/12\/TrobadaMemoriaIES2-768x1024.jpg 768w\" sizes=\"auto, (max-width: 886px) 100vw, 886px\" \/><\/figure>\n\n\n\n<figure class=\"wp-block-image size-large\"><img loading=\"lazy\" decoding=\"async\" width=\"886\" height=\"665\" data-id=\"174599\" src=\"http:\/\/www.tucomarca.com\/wordpress\/segunda\/wp-content\/uploads\/2022\/12\/TrobadaMemoriaIES5.jpg\" alt=\"\" class=\"wp-image-174599\" srcset=\"https:\/\/tucomarca.whitekongsoftware.com\/wp-content\/uploads\/2022\/12\/TrobadaMemoriaIES5.jpg 886w, https:\/\/tucomarca.whitekongsoftware.com\/wp-content\/uploads\/2022\/12\/TrobadaMemoriaIES5-300x225.jpg 300w, https:\/\/tucomarca.whitekongsoftware.com\/wp-content\/uploads\/2022\/12\/TrobadaMemoriaIES5-768x576.jpg 768w, https:\/\/tucomarca.whitekongsoftware.com\/wp-content\/uploads\/2022\/12\/TrobadaMemoriaIES5-678x509.jpg 678w, https:\/\/tucomarca.whitekongsoftware.com\/wp-content\/uploads\/2022\/12\/TrobadaMemoriaIES5-326x245.jpg 326w, https:\/\/tucomarca.whitekongsoftware.com\/wp-content\/uploads\/2022\/12\/TrobadaMemoriaIES5-80x60.jpg 80w\" sizes=\"auto, (max-width: 886px) 100vw, 886px\" \/><\/figure>\n<\/figure>\n","protected":false},"excerpt":{"rendered":"<div class=\"mh-excerpt\">La jornada que ha compartit l&#8217;IES La Foia ha comen\u00e7at a les 08,30 h amb l&#8217;arribada i recepci\u00f3 de l&#8217;alumnat i del professorat en la pla\u00e7a Layana, realitzant les primeres parades de la Ruta Intercomarcal: <a class=\"mh-excerpt-more\" href=\"https:\/\/tucomarca.whitekongsoftware.com\/ca\/lies-la-foia-de-bunyol-celebra-la-iv-trobada-xarxa-mai-mes-ies-per-la-memoria\/\" title=\"L&#8217;IES La Foia de Bunyol celebra la IV Trobada Xarxa \u201cMai m\u00e9s\u201d IES per la Mem\u00f2ria\">[+] <\/a><\/div>\n","protected":false},"author":12,"featured_media":174592,"comment_status":"open","ping_status":"open","sticky":false,"template":"","format":"gallery","meta":{"footnotes":""},"categories":[10973,10911,10892,10976,10977,10980,10948,10894,10912,10978,10947,10908,10909,10906,10896,10979,10974,10975],"tags":[10913,18559,18560,10914],"class_list":["post-174606","post","type-post","status-publish","format-gallery","has-post-thumbnail","category-alborache-ca","category-bunol-ca","category-camp-de-turia-ca","category-dos-aguas-ca","category-godelleta-ca","category-yatova-ca","category-infraestructuras-ca","category-la-comarca-ca","category-la-hoya-ca","category-macastre-ca","category-politica","category-requena-ca","category-requena-utiel-ca","category-riba-roja-ca","category-seccion-ca","category-siete-aguas-ca","category-cheste-ca","category-chiva-ca","tag-bunol-ca","tag-ies-la-hoya-ca","tag-iv-trobada-xarxa-mai-mes-ies-per-la-memoria-ca","tag-la-hoya-de-bunol-chiva-ca","post_format-post-format-gallery"],"_links":{"self":[{"href":"https:\/\/tucomarca.whitekongsoftware.com\/ca\/wp-json\/wp\/v2\/posts\/174606","targetHints":{"allow":["GET"]}}],"collection":[{"href":"https:\/\/tucomarca.whitekongsoftware.com\/ca\/wp-json\/wp\/v2\/posts"}],"about":[{"href":"https:\/\/tucomarca.whitekongsoftware.com\/ca\/wp-json\/wp\/v2\/types\/post"}],"author":[{"embeddable":true,"href":"https:\/\/tucomarca.whitekongsoftware.com\/ca\/wp-json\/wp\/v2\/users\/12"}],"replies":[{"embeddable":true,"href":"https:\/\/tucomarca.whitekongsoftware.com\/ca\/wp-json\/wp\/v2\/comments?post=174606"}],"version-history":[{"count":0,"href":"https:\/\/tucomarca.whitekongsoftware.com\/ca\/wp-json\/wp\/v2\/posts\/174606\/revisions"}],"wp:featuredmedia":[{"embeddable":true,"href":"https:\/\/tucomarca.whitekongsoftware.com\/ca\/wp-json\/wp\/v2\/media\/174592"}],"wp:attachment":[{"href":"https:\/\/tucomarca.whitekongsoftware.com\/ca\/wp-json\/wp\/v2\/media?parent=174606"}],"wp:term":[{"taxonomy":"category","embeddable":true,"href":"https:\/\/tucomarca.whitekongsoftware.com\/ca\/wp-json\/wp\/v2\/categories?post=174606"},{"taxonomy":"post_tag","embeddable":true,"href":"https:\/\/tucomarca.whitekongsoftware.com\/ca\/wp-json\/wp\/v2\/tags?post=174606"}],"curies":[{"name":"wp","href":"https:\/\/api.w.org\/{rel}","templated":true}]}}