{"id":174524,"date":"2022-12-22T09:09:00","date_gmt":"2022-12-22T07:09:00","guid":{"rendered":"https:\/\/www.tucomarca.com\/wordpress\/segunda\/?p=174524"},"modified":"2022-12-22T12:20:07","modified_gmt":"2022-12-22T10:20:07","slug":"turis-programa-un-nadal-ple-dactivitats-en-el-centre-de-joventut","status":"publish","type":"post","link":"https:\/\/tucomarca.whitekongsoftware.com\/ca\/turis-programa-un-nadal-ple-dactivitats-en-el-centre-de-joventut\/","title":{"rendered":"Tur\u00eds programa un Nadal ple d&#8217;activitats en el Centre de Joventut"},"content":{"rendered":"\n<p class=\"wp-block-paragraph\">Des de l&#8217;Ajuntament de Tur\u00eds volen que la seua joventut tinga opcions d&#8217;oci i entreteniment al poble durant les vacances nadalenques i que gaudisquen d&#8217;activitats esportives, culturals i saludables. Aix\u00ed que s&#8217;ha preparat una programaci\u00f3, en el Centre de Joventut, amb activitats per al p\u00fablic infantil i juvenil.<\/p>\n\n\n\n<p class=\"wp-block-paragraph\">Dijous, 22: Porta el teu berenar i gaudeix dels jocs interactius.<\/p>\n\n\n\n<p class=\"wp-block-paragraph\">Divendres, 23: Gimcana.<\/p>\n\n\n\n<p class=\"wp-block-paragraph\">Dimarts, 27: Taller de Manualitats.<\/p>\n\n\n\n<p class=\"wp-block-paragraph\">Dijous, 29: Cineflixt.<\/p>\n\n\n\n<p class=\"wp-block-paragraph\">Dimarts, 3: Torneig de jocs interactius.<\/p>\n\n\n\n<p class=\"wp-block-paragraph\">Dijous, 5: Karaoke.<\/p>\n\n\n\n<p class=\"wp-block-paragraph\">L&#8217;ajuntament, des de la regidoria de Joventut vol cuidar a la gent que \u00e9s present i futur de Tur\u00eds.<\/p>\n\n\n\n<p class=\"wp-block-paragraph\"><\/p>\n","protected":false},"excerpt":{"rendered":"<div class=\"mh-excerpt\">Des de l&#8217;Ajuntament de Tur\u00eds volen que la seua joventut tinga opcions d&#8217;oci i entreteniment al poble durant les vacances nadalenques i que gaudisquen d&#8217;activitats esportives, culturals i saludables. Aix\u00ed que s&#8217;ha preparat una programaci\u00f3, <a class=\"mh-excerpt-more\" href=\"https:\/\/tucomarca.whitekongsoftware.com\/ca\/turis-programa-un-nadal-ple-dactivitats-en-el-centre-de-joventut\/\" title=\"Tur\u00eds programa un Nadal ple d&#8217;activitats en el Centre de Joventut\">[+] <\/a><\/div>\n","protected":false},"author":12,"featured_media":174523,"comment_status":"open","ping_status":"open","sticky":false,"template":"","format":"standard","meta":{"footnotes":""},"categories":[11019,10894,10902,11007,10896,11047],"tags":[18544,18545,11356,11093],"class_list":["post-174524","post","type-post","status-publish","format-standard","has-post-thumbnail","category-agenda-ca","category-la-comarca-ca","category-la-ribera-ca","category-ocio-y-cultura-ca","category-seccion-ca","category-turis-ca","tag-actividades-para-navidad-ca","tag-centro-de-juventud-ca","tag-ribera-alta-ca","tag-turis-ca"],"_links":{"self":[{"href":"https:\/\/tucomarca.whitekongsoftware.com\/ca\/wp-json\/wp\/v2\/posts\/174524","targetHints":{"allow":["GET"]}}],"collection":[{"href":"https:\/\/tucomarca.whitekongsoftware.com\/ca\/wp-json\/wp\/v2\/posts"}],"about":[{"href":"https:\/\/tucomarca.whitekongsoftware.com\/ca\/wp-json\/wp\/v2\/types\/post"}],"author":[{"embeddable":true,"href":"https:\/\/tucomarca.whitekongsoftware.com\/ca\/wp-json\/wp\/v2\/users\/12"}],"replies":[{"embeddable":true,"href":"https:\/\/tucomarca.whitekongsoftware.com\/ca\/wp-json\/wp\/v2\/comments?post=174524"}],"version-history":[{"count":0,"href":"https:\/\/tucomarca.whitekongsoftware.com\/ca\/wp-json\/wp\/v2\/posts\/174524\/revisions"}],"wp:featuredmedia":[{"embeddable":true,"href":"https:\/\/tucomarca.whitekongsoftware.com\/ca\/wp-json\/wp\/v2\/media\/174523"}],"wp:attachment":[{"href":"https:\/\/tucomarca.whitekongsoftware.com\/ca\/wp-json\/wp\/v2\/media?parent=174524"}],"wp:term":[{"taxonomy":"category","embeddable":true,"href":"https:\/\/tucomarca.whitekongsoftware.com\/ca\/wp-json\/wp\/v2\/categories?post=174524"},{"taxonomy":"post_tag","embeddable":true,"href":"https:\/\/tucomarca.whitekongsoftware.com\/ca\/wp-json\/wp\/v2\/tags?post=174524"}],"curies":[{"name":"wp","href":"https:\/\/api.w.org\/{rel}","templated":true}]}}