{"id":174410,"date":"2022-12-21T09:00:00","date_gmt":"2022-12-21T07:00:00","guid":{"rendered":"https:\/\/www.tucomarca.com\/wordpress\/segunda\/?p=174410"},"modified":"2022-12-22T13:25:51","modified_gmt":"2022-12-22T11:25:51","slug":"la-diputacio-complementa-les-ajudes-del-consell-al-transport-rural-en-els-municipis-dinterior-de-la-provincia","status":"publish","type":"post","link":"https:\/\/tucomarca.whitekongsoftware.com\/ca\/la-diputacio-complementa-les-ajudes-del-consell-al-transport-rural-en-els-municipis-dinterior-de-la-provincia\/","title":{"rendered":"La Diputaci\u00f3 complementa les ajudes del Consell al transport rural en els municipis d&#8217;interior de la prov\u00edncia"},"content":{"rendered":"\n<h4 class=\"wp-block-heading\">L&#8217;\u00e0rea de Pol\u00edtiques contra la Despoblaci\u00f3 destina m\u00e9s de 300.000 euros perqu\u00e8 estos ajuntaments rurals puguen contractar serveis de transport a demanda en zones de feble tr\u00e0nsit<\/h4>\n\n\n\n<p class=\"wp-block-paragraph\">La Diputaci\u00f3 de Val\u00e8ncia, a trav\u00e9s de la seua delegaci\u00f3 de Desenvolupament Rural i Pol\u00edtiques contra la Despoblaci\u00f3, posa a la disposici\u00f3 de 140 municipis de l&#8217;interior de la prov\u00edncia, amb marcat car\u00e0cter rural o en risc de despoblaci\u00f3, una l\u00ednia d&#8217;ajudes amb una dotaci\u00f3 total superior als 300.000 euros perqu\u00e8 els ajuntaments puguen contractar serveis de transport a demanda, o fer-se c\u00e0rrec totalment o parcialment de l&#8217;import de bitllets de transport de l\u00ednies regulars, all\u00ed on es preste este servei.<\/p>\n\n\n\n<p class=\"wp-block-paragraph\">D&#8217;esta manera, despr\u00e9s de l&#8217;aprovaci\u00f3 en Junta de Govern que va tindre lloc el passat 15 de desembre, la instituci\u00f3 provincial suplementa les ajudes plantejades per la Generalitat Valenciana a trav\u00e9s del Decret llei 11\/2022 aprovat enguany. El diputat responsable de l&#8217;\u00e0rea, Ramiro Rivera, destaca \u201cl&#8217;aposta de la Diputaci\u00f3 per millorar el transport en zones rurals, alineant-se amb la iniciativa de la Generalitat\u201d, aix\u00ed com el fet de, a difer\u00e8ncia de les ajudes auton\u00f2miques, finan\u00e7ar abonaments de transport regular \u201cperqu\u00e8 en aquells municipis amb este servei, les persones empadronades puguen comptar amb el suport del qual s\u00ed que es beneficien els qui residixen en zones m\u00e9s poblades com l&#8217;\u00e0rea metropolitana per a serveis com a Rodalia, Metre o EMT\u201d.<\/p>\n\n\n\n<p class=\"wp-block-paragraph\">Els imports assignats per la Diputaci\u00f3 amb c\u00e0rrec al pressupost 2022 oscil\u00b7len entre els 1.200 i els 4.500 euros per beneficiari, per a contribuir a sufragar despeses realitzades fins al 31 de mar\u00e7 de 2023, estant previst abordar l&#8217;ampliaci\u00f3 de la dotaci\u00f3 en el pr\u00f2xim exercici en funci\u00f3 de l&#8217;evoluci\u00f3 del servei, les disponibilitats pressupost\u00e0ries i les necessitats expressades pels municipis.<\/p>\n\n\n\n<p class=\"wp-block-paragraph\">El transport i la mobilitat rural han sigut objecte d&#8217;atenci\u00f3 de la delegaci\u00f3 de Desenvolupament Rural durant la legislatura, tenint en compte el seu important paper a l&#8217;hora de vertebrar el territori facilitant despla\u00e7aments per motius acad\u00e8mics, laborals o particulars. En este sentit, en 2020 i 2021 es van dur a terme quatre estudis a les comarques del Rinc\u00f3n de Ademuz, la Serran\u00eda, la Canal de Navarr\u00e9s i el Valle de Ayora-Cofrentes per a con\u00e9ixer la percepci\u00f3 de la ciutadania sobre els serveis existents, aix\u00ed com identificar les seues necessitats de despla\u00e7ament.<\/p>\n\n\n\n<p class=\"wp-block-paragraph\">En el Rinc\u00f3n de Ademuz, a m\u00e9s, s&#8217;ha instal\u00b7lat sens\u00f2rica de detecci\u00f3 anonimitzada de mobilitat, per a refor\u00e7ar les dades de l&#8217;estudi amb informaci\u00f3 de despla\u00e7aments agregats entre els seus municipis, en un projecte pilot integrat en la iniciativa Smart City provincial Connecta Val\u00e8ncia.<\/p>\n\n\n\n<p class=\"wp-block-paragraph\">Els resultats d&#8217;estos estudis, d&#8217;on s&#8217;ha concl\u00f2s la necessitat de donar suport a iniciatives de transport a demanda i finan\u00e7ament de t\u00edtols i abonaments de transport almenys fins que es redefinisca per Estat i Generalitat el nou mapa de concessions de l\u00ednies regulars, han sigut analitzats individual i conjuntament per la Universitat de Val\u00e8ncia, i difosos en una s\u00e8rie de jornades que conclouran el pr\u00f2xim 20 de gener amb una sessi\u00f3 a Zarra sobre les dades relatives al Valle de Ayora-Cofrentes.<\/p>\n\n\n\n<p class=\"wp-block-paragraph\"><\/p>\n","protected":false},"excerpt":{"rendered":"<div class=\"mh-excerpt\">L&#8217;\u00e0rea de Pol\u00edtiques contra la Despoblaci\u00f3 destina m\u00e9s de 300.000 euros perqu\u00e8 estos ajuntaments rurals puguen contractar serveis de transport a demanda en zones de feble tr\u00e0nsit La Diputaci\u00f3 de Val\u00e8ncia, a trav\u00e9s de la <a class=\"mh-excerpt-more\" href=\"https:\/\/tucomarca.whitekongsoftware.com\/ca\/la-diputacio-complementa-les-ajudes-del-consell-al-transport-rural-en-els-municipis-dinterior-de-la-provincia\/\" title=\"La Diputaci\u00f3 complementa les ajudes del Consell al transport rural en els municipis d&#8217;interior de la prov\u00edncia\">[+] <\/a><\/div>\n","protected":false},"author":12,"featured_media":174409,"comment_status":"open","ping_status":"open","sticky":false,"template":"","format":"standard","meta":{"footnotes":""},"categories":[10890,10951,10892,11046,10898,10948,10963,10894,10912,10902,10947,10909,10896],"tags":[18528,11246,18529],"class_list":["post-174410","post","type-post","status-publish","format-standard","has-post-thumbnail","category-ademus","category-ayora-cofrentes-ca","category-camp-de-turia-ca","category-los-serranos-ca","category-ventana-ca","category-infraestructuras-ca","category-la-canal-de-navarres-ca","category-la-comarca-ca","category-la-hoya-ca","category-la-ribera-ca","category-politica","category-requena-utiel-ca","category-seccion-ca","tag-ayudas-del-consell-ca","tag-diputacio-de-valencia-ca","tag-transporte-rural-ca"],"_links":{"self":[{"href":"https:\/\/tucomarca.whitekongsoftware.com\/ca\/wp-json\/wp\/v2\/posts\/174410","targetHints":{"allow":["GET"]}}],"collection":[{"href":"https:\/\/tucomarca.whitekongsoftware.com\/ca\/wp-json\/wp\/v2\/posts"}],"about":[{"href":"https:\/\/tucomarca.whitekongsoftware.com\/ca\/wp-json\/wp\/v2\/types\/post"}],"author":[{"embeddable":true,"href":"https:\/\/tucomarca.whitekongsoftware.com\/ca\/wp-json\/wp\/v2\/users\/12"}],"replies":[{"embeddable":true,"href":"https:\/\/tucomarca.whitekongsoftware.com\/ca\/wp-json\/wp\/v2\/comments?post=174410"}],"version-history":[{"count":0,"href":"https:\/\/tucomarca.whitekongsoftware.com\/ca\/wp-json\/wp\/v2\/posts\/174410\/revisions"}],"wp:featuredmedia":[{"embeddable":true,"href":"https:\/\/tucomarca.whitekongsoftware.com\/ca\/wp-json\/wp\/v2\/media\/174409"}],"wp:attachment":[{"href":"https:\/\/tucomarca.whitekongsoftware.com\/ca\/wp-json\/wp\/v2\/media?parent=174410"}],"wp:term":[{"taxonomy":"category","embeddable":true,"href":"https:\/\/tucomarca.whitekongsoftware.com\/ca\/wp-json\/wp\/v2\/categories?post=174410"},{"taxonomy":"post_tag","embeddable":true,"href":"https:\/\/tucomarca.whitekongsoftware.com\/ca\/wp-json\/wp\/v2\/tags?post=174410"}],"curies":[{"name":"wp","href":"https:\/\/api.w.org\/{rel}","templated":true}]}}