{"id":174343,"date":"2022-12-20T11:00:00","date_gmt":"2022-12-20T09:00:00","guid":{"rendered":"https:\/\/www.tucomarca.com\/wordpress\/segunda\/?p=174343"},"modified":"2022-12-20T13:48:07","modified_gmt":"2022-12-20T11:48:07","slug":"el-mercat-sostenible-merkaverd-de-xest-es-vist-de-nadal","status":"publish","type":"post","link":"https:\/\/tucomarca.whitekongsoftware.com\/ca\/el-mercat-sostenible-merkaverd-de-xest-es-vist-de-nadal\/","title":{"rendered":"El mercat sostenible Merkaverd de Xest es vist de Nadal"},"content":{"rendered":"\n<figure class=\"wp-block-image size-full\"><img loading=\"lazy\" decoding=\"async\" width=\"886\" height=\"367\" src=\"http:\/\/www.tucomarca.com\/wordpress\/segunda\/wp-content\/uploads\/2022\/12\/ChesteMerkaverdNavidad2.jpg\" alt=\"\" class=\"wp-image-174340\" srcset=\"https:\/\/tucomarca.whitekongsoftware.com\/wp-content\/uploads\/2022\/12\/ChesteMerkaverdNavidad2.jpg 886w, https:\/\/tucomarca.whitekongsoftware.com\/wp-content\/uploads\/2022\/12\/ChesteMerkaverdNavidad2-300x124.jpg 300w, https:\/\/tucomarca.whitekongsoftware.com\/wp-content\/uploads\/2022\/12\/ChesteMerkaverdNavidad2-768x318.jpg 768w\" sizes=\"auto, (max-width: 886px) 100vw, 886px\" \/><\/figure>\n\n\n\n<p class=\"wp-block-paragraph\">El passat cap de setmana va tindre lloc una edici\u00f3 especial de Merkaverd, el mercat sostenible que habitualment se celebra a Xest l&#8217;\u00faltim diumenge del mes. Amb motiu de la celebraci\u00f3 de les festes nadalenques, aquest mes de desembre, es va instal\u00b7lar el mercat en l&#8217;\u00e0gora del Parc de La Lomiquia, i va estar obert al p\u00fablic durant els matins del dissabte i del diumenge, 17 i 18 de desembre.<br>En aquesta ocasi\u00f3, Merkaverd va comptar amb la participaci\u00f3 del sarriero de Bunyol, El galliner, l&#8217;associaci\u00f3 365 sentits, Vull adoptar a un amic i La granja de Izhan.<br>Paral\u00b7lelament a la celebraci\u00f3 del mercat, des de la regidoria de Medi Ambient es van preparar activitats per a tota la fam\u00edlia: tallers de decoraci\u00f3 nadalenca i la visita de Pap\u00e0 Noel i els seus elfos. \u201cVull donar les gr\u00e0cies als voluntaris que van participar en les activitats, a totes les fam\u00edlies que es van acostar al parc i a totes les entitats que van muntar els seus llocs en el recinte dedicat al mercat. El dia 5 de gener, al mat\u00ed, tornarem a celebrar una jornada de mercat sostenible nadalenc, que es far\u00e0 en la pla\u00e7a II Rep\u00fablica\u201d, ha anunciat el regidor de Medi Ambient, David Pujals.<br>Segons ha informat Pujals, els comer\u00e7os o associacions interessades a participar en el mercat del dia 5 poden inscriure&#8217;s en chesteverde@gmail.com.<\/p>\n","protected":false},"excerpt":{"rendered":"<div class=\"mh-excerpt\">El passat cap de setmana va tindre lloc una edici\u00f3 especial de Merkaverd, el mercat sostenible que habitualment se celebra a Xest l&#8217;\u00faltim diumenge del mes. Amb motiu de la celebraci\u00f3 de les festes nadalenques, <a class=\"mh-excerpt-more\" href=\"https:\/\/tucomarca.whitekongsoftware.com\/ca\/el-mercat-sostenible-merkaverd-de-xest-es-vist-de-nadal\/\" title=\"El mercat sostenible Merkaverd de Xest es vist de Nadal\">[+] <\/a><\/div>\n","protected":false},"author":12,"featured_media":174339,"comment_status":"open","ping_status":"open","sticky":false,"template":"","format":"standard","meta":{"footnotes":""},"categories":[10948,10894,10912,10903,11007,10896,10974],"tags":[11071,10914,18519],"class_list":["post-174343","post","type-post","status-publish","format-standard","has-post-thumbnail","category-infraestructuras-ca","category-la-comarca-ca","category-la-hoya-ca","category-medio-ambiente-la-comarca-ca","category-ocio-y-cultura-ca","category-seccion-ca","category-cheste-ca","tag-cheste","tag-la-hoya-de-bunol-chiva-ca","tag-merkaverd-ca"],"_links":{"self":[{"href":"https:\/\/tucomarca.whitekongsoftware.com\/ca\/wp-json\/wp\/v2\/posts\/174343","targetHints":{"allow":["GET"]}}],"collection":[{"href":"https:\/\/tucomarca.whitekongsoftware.com\/ca\/wp-json\/wp\/v2\/posts"}],"about":[{"href":"https:\/\/tucomarca.whitekongsoftware.com\/ca\/wp-json\/wp\/v2\/types\/post"}],"author":[{"embeddable":true,"href":"https:\/\/tucomarca.whitekongsoftware.com\/ca\/wp-json\/wp\/v2\/users\/12"}],"replies":[{"embeddable":true,"href":"https:\/\/tucomarca.whitekongsoftware.com\/ca\/wp-json\/wp\/v2\/comments?post=174343"}],"version-history":[{"count":0,"href":"https:\/\/tucomarca.whitekongsoftware.com\/ca\/wp-json\/wp\/v2\/posts\/174343\/revisions"}],"wp:featuredmedia":[{"embeddable":true,"href":"https:\/\/tucomarca.whitekongsoftware.com\/ca\/wp-json\/wp\/v2\/media\/174339"}],"wp:attachment":[{"href":"https:\/\/tucomarca.whitekongsoftware.com\/ca\/wp-json\/wp\/v2\/media?parent=174343"}],"wp:term":[{"taxonomy":"category","embeddable":true,"href":"https:\/\/tucomarca.whitekongsoftware.com\/ca\/wp-json\/wp\/v2\/categories?post=174343"},{"taxonomy":"post_tag","embeddable":true,"href":"https:\/\/tucomarca.whitekongsoftware.com\/ca\/wp-json\/wp\/v2\/tags?post=174343"}],"curies":[{"name":"wp","href":"https:\/\/api.w.org\/{rel}","templated":true}]}}