{"id":174322,"date":"2022-12-20T09:00:00","date_gmt":"2022-12-20T07:00:00","guid":{"rendered":"https:\/\/www.tucomarca.com\/wordpress\/segunda\/?p=174322"},"modified":"2022-12-20T12:24:50","modified_gmt":"2022-12-20T10:24:50","slug":"usuaris-del-transport-public-a-la-canal-de-navarres-demanen-una-major-frequencia-dautobusos","status":"publish","type":"post","link":"https:\/\/tucomarca.whitekongsoftware.com\/ca\/usuaris-del-transport-public-a-la-canal-de-navarres-demanen-una-major-frequencia-dautobusos\/","title":{"rendered":"Usuaris del transport p\u00fablic a La Canal de Navarr\u00e9s demanen una major freq\u00fc\u00e8ncia d&#8217;autobusos"},"content":{"rendered":"\n<h4 class=\"wp-block-heading\">Un estudi de la Diputaci\u00f3 i la Universitat de Val\u00e8ncia sobre els h\u00e0bits de despla\u00e7ament a la comarca conclou que el 86% dels viatgers est\u00e0 descontentament amb l&#8217;actual oferta de transport p\u00fablic, i aporta propostes per a millorar el servei<br>El vehicle privat, com a conductor o acompanyant, \u00e9s la primera opci\u00f3 de la majoria dels residents, les necessitats dels quals per a despla\u00e7ar-se s\u00f3n el treball, la sanitat i l&#8217;oci<\/h4>\n\n\n\n<p class=\"wp-block-paragraph\">El 86% dels viatgers residents en municipis de La Canal de Navarr\u00e9s mostra el seu descontentament amb el servei de transport p\u00fablic que ofereixen les diferents administracions. \u00c9s la principal conclusi\u00f3 de l&#8217;estudi sobre h\u00e0bits de mobilitat realitzat per la Universitat de Val\u00e8ncia i finan\u00e7at per la Diputaci\u00f3 en aquesta comarca, que recull al seu torn les propostes dels usuaris per a millorar el servei. Els dos organismes tamb\u00e9 han realitzat estudis similars en La Regi\u00f3 muntanyenca, La Vall d&#8217;Aiora i El Rac\u00f3 d&#8217;Adem\u00fas.<\/p>\n\n\n\n<p class=\"wp-block-paragraph\">Les enquestes, realitzades a persones de diferents edats que resideixen habitualment en aquests municipis, almenys 10 mesos a l&#8217;any, a trav\u00e9s d&#8217;entrevistes personals entre novembre i desembre de 2020 i el mateix per\u00edode de 2021, conclouen que l&#8217;\u00fas del vehicle privat, com a conductor o acompanyant, \u00e9s l&#8217;opci\u00f3 preferida per a un percentatge alt\u00edssim, davant la falta d&#8217;opcions de transport p\u00fablic que suposa un problema greu per als qui necessiten despla\u00e7ar-se i no tenen carnet.<\/p>\n\n\n\n<p class=\"wp-block-paragraph\">I aix\u00f2 que en el cas de La Canal de Navarr\u00e9s si que existeix alguna alternativa en transport p\u00fablic, cas de la l\u00ednia ferrovi\u00e0ria, per\u00f2 encara aix\u00ed presenta percentatges molt similars als d&#8217;altres comarques amb menys opcions, amb un 90% d&#8217;usuaris del transport privat enfront d&#8217;un \u00fas residual de l&#8217;autocar i la l\u00ednia de Rodalia de Renfe, entorn del 5% cada servei. Els principals destins s\u00f3n X\u00e0tiva, capital de la ve\u00efna comarca de La Costera, i Val\u00e8ncia.<\/p>\n\n\n\n<p class=\"wp-block-paragraph\">La principal reivindicaci\u00f3 dels usuaris del transport p\u00fablic de La Canal de Navarr\u00e9s \u00e9s augmentar la freq\u00fc\u00e8ncia dels autocars que arriben als seus municipis (78%). Si l&#8217;espectre s&#8217;amplia a aquells que usarien el transport p\u00fablic amb millores en el servei, la demanda principal, al costat de l&#8217;increment de freq\u00fc\u00e8ncies, \u00e9s la posada en marxa de l\u00ednies de microbusos que connecten els municipis amb centres de salut, hospitals i zones comercials o d&#8217;oci. En canvi, l&#8217;oferta de taxi rural (47%), la baixada del preu del bitllet (16%), o els cotxes de lloguer compartit (10%) no apareixen com a necessitats priorit\u00e0ries per als habitants de la comarca.<\/p>\n\n\n\n<p class=\"wp-block-paragraph\">En general, aquestes reivindicacions es produeixen en el context de pobles amb una estructura demogr\u00e0fica envellida, un nivell baix d&#8217;equipament p\u00fablic amb abs\u00e8ncia de resid\u00e8ncies per a majors i centres de dia, problemes de connectivitat digital i necessitat de despla\u00e7ament per a aquelles persones en edat de treballar o estudiar.<\/p>\n\n\n\n<p class=\"wp-block-paragraph\"><strong>Realitat comarcal<\/strong><\/p>\n\n\n\n<p class=\"wp-block-paragraph\">La realitat d&#8217;aquestes comarques d&#8217;interior, afectades pel fantasma de la despoblaci\u00f3, \u00e9s que el vehicle privat s&#8217;erigeix com el mitj\u00e0 predominant de transport en m\u00e9s d&#8217;un 90% dels casos, en un 76% sent el propi viatger el que condueix i en el 16% com a acompanyant. El perfil de viatjant \u00e9s majorit\u00e0riament el de l&#8217;home d&#8217;entre 26 i 50 anys que estudia o treballa, mentre que les que menys es desplacen des d&#8217;aquests municipis d&#8217;interior s\u00f3n les dones majors de 65 anys.<\/p>\n\n\n\n<p class=\"wp-block-paragraph\">Entre l&#8217;esc\u00e0s percentatge de poblaci\u00f3 que recorre al transport p\u00fablic al no disposar d&#8217;una altra opci\u00f3 per a despla\u00e7ar-se, destaquen percentatges com el 93% d&#8217;usuaris que no disposa de perm\u00eds de conduir, el 64% de dones, el 43% de menors de 25 anys i el 43% d&#8217;estudiants. Amb aquestes xifres s&#8217;esbossa el perfil de l&#8217;usuari de les l\u00ednies d&#8217;autob\u00fas que arriben a aquests pobles, generalment amb escasses freq\u00fc\u00e8ncies i utilitzades per a anar a treballar, estudiar, al metge o a realitzar visites.<\/p>\n\n\n\n<p class=\"wp-block-paragraph\"><strong>Compet\u00e8ncies i paper de la Diputaci\u00f3<\/strong><\/p>\n\n\n\n<p class=\"wp-block-paragraph\">Els estudis impulsats per la delegaci\u00f3 de Pol\u00edtiques contra la Despoblaci\u00f3 de la Diputaci\u00f3 i executats per la Universitat parlen de zones on el principal problema no \u00e9s la desocupaci\u00f3, amb xifres d&#8217;atur fins a quatre punts per davall de la mitjana auton\u00f2mica, en el cas de La Regi\u00f3 muntanyenca. S\u00ed en canvi la falta de determinats serveis b\u00e0sics que obliguen els residents a despla\u00e7ar-se di\u00e0riament, i a fer-ho per compte propi davant les escasses alternatives de transport p\u00fablic.<\/p>\n\n\n\n<p class=\"wp-block-paragraph\">El problema de la mobilitat rural emergeix com una de les principals mesures per a combatre la despoblaci\u00f3 i comen\u00e7a a ser tinguda en compte per les administracions. Aquests estudis situen la realitat de quatre comarques valencianes d&#8217;interior i conviden als responsables estatals, auton\u00f2mics i provincials a reflexionar sobre com fer front al problema i que la mobilitat no acabe sent un obstacle insalvable a l&#8217;hora de decantar-se per viure en el medi rural.<\/p>\n\n\n\n<p class=\"wp-block-paragraph\">Malgrat que les compet\u00e8ncies en transport p\u00fablic les t\u00e9 la Generalitat, la Diputaci\u00f3 de Val\u00e8ncia est\u00e0 disposada a destinar recursos que milloren les freq\u00fc\u00e8ncies del transport intercomarcal \u201ca trav\u00e9s de la col\u00b7laboraci\u00f3 institucional i les eines oportunes que ens permeten participar en programes auton\u00f2mics de diferents \u00e0mbits\u201d, explica el diputat de Desenvolupament Rural, Ramiro Rivera.<\/p>\n\n\n\n<p class=\"wp-block-paragraph\">L&#8217;estudi adverteix de les \u201cal\u00b7lusions difuses\u201d al transport rural en la llei estatal de mobilitat sostenible, on aquest servei es considera obligatori en municipis de m\u00e9s de 20.000 habitants i s&#8217;aposta per la coordinaci\u00f3 entre les autonomies per a millorar el transport en l&#8217;\u00e0mbit rural. En aquest sentit, la Generalitat Valenciana t\u00e9 en marxa un programa per a optimitzar rutes i estimular el transport a demanda.<\/p>\n\n\n\n<p class=\"wp-block-paragraph\">La Diputaci\u00f3, per part seua, concedeix una l\u00ednia d&#8217;ajudes directes als ajuntaments de municipis en risc de despoblaci\u00f3, que poden utilitzar-se per a inversi\u00f3 o despesa corrent, i finan\u00e7a el transport escolar entre les escoles rurals de diferents municipis. Dins de les compet\u00e8ncies en mat\u00e8ria d&#8217;infraestructures, la instituci\u00f3 provincial ha realitzat una forta inversi\u00f3 en les carreteres de la seua xarxa per a millorar la seguretat en els despla\u00e7aments comarcals i intercomarcals.<\/p>\n\n\n\n<p class=\"wp-block-paragraph\">L&#8217;an\u00e0lisi sobre la mobilitat rural dut a terme per la Universitat amb el suport de la Diputaci\u00f3 proposa als ens p\u00fablics fixar les prioritats donant resposta a preguntes b\u00e0siques com a qui va dirigit el servei, qui el posa en marxa, qui el finan\u00e7a i com es garanteix la seua viabilitat. \u00c9s el punt de partida perqu\u00e8 l&#8217;acci\u00f3 de les administracions p\u00fabliques contribu\u00efsca a millorar la comunicaci\u00f3 dels pobles d&#8217;interior i al fet que les dificultats per a despla\u00e7ar-se no es convertisquen en un problema per a habitar aquestes zones.<\/p>\n\n\n\n<p class=\"wp-block-paragraph\"><\/p>\n","protected":false},"excerpt":{"rendered":"<div class=\"mh-excerpt\">Un estudi de la Diputaci\u00f3 i la Universitat de Val\u00e8ncia sobre els h\u00e0bits de despla\u00e7ament a la comarca conclou que el 86% dels viatgers est\u00e0 descontentament amb l&#8217;actual oferta de transport p\u00fablic, i aporta propostes <a class=\"mh-excerpt-more\" href=\"https:\/\/tucomarca.whitekongsoftware.com\/ca\/usuaris-del-transport-public-a-la-canal-de-navarres-demanen-una-major-frequencia-dautobusos\/\" title=\"Usuaris del transport p\u00fablic a La Canal de Navarr\u00e9s demanen una major freq\u00fc\u00e8ncia d&#8217;autobusos\">[+] <\/a><\/div>\n","protected":false},"author":12,"featured_media":174321,"comment_status":"open","ping_status":"open","sticky":false,"template":"","format":"standard","meta":{"footnotes":""},"categories":[10898,10948,10963,10894,10947,10896],"tags":[11246,18517,11094],"class_list":["post-174322","post","type-post","status-publish","format-standard","has-post-thumbnail","category-ventana-ca","category-infraestructuras-ca","category-la-canal-de-navarres-ca","category-la-comarca-ca","category-politica","category-seccion-ca","tag-diputacio-de-valencia-ca","tag-frecuencia-de-autobuses-ca","tag-la-canal-de-navarres"],"_links":{"self":[{"href":"https:\/\/tucomarca.whitekongsoftware.com\/ca\/wp-json\/wp\/v2\/posts\/174322","targetHints":{"allow":["GET"]}}],"collection":[{"href":"https:\/\/tucomarca.whitekongsoftware.com\/ca\/wp-json\/wp\/v2\/posts"}],"about":[{"href":"https:\/\/tucomarca.whitekongsoftware.com\/ca\/wp-json\/wp\/v2\/types\/post"}],"author":[{"embeddable":true,"href":"https:\/\/tucomarca.whitekongsoftware.com\/ca\/wp-json\/wp\/v2\/users\/12"}],"replies":[{"embeddable":true,"href":"https:\/\/tucomarca.whitekongsoftware.com\/ca\/wp-json\/wp\/v2\/comments?post=174322"}],"version-history":[{"count":0,"href":"https:\/\/tucomarca.whitekongsoftware.com\/ca\/wp-json\/wp\/v2\/posts\/174322\/revisions"}],"wp:featuredmedia":[{"embeddable":true,"href":"https:\/\/tucomarca.whitekongsoftware.com\/ca\/wp-json\/wp\/v2\/media\/174321"}],"wp:attachment":[{"href":"https:\/\/tucomarca.whitekongsoftware.com\/ca\/wp-json\/wp\/v2\/media?parent=174322"}],"wp:term":[{"taxonomy":"category","embeddable":true,"href":"https:\/\/tucomarca.whitekongsoftware.com\/ca\/wp-json\/wp\/v2\/categories?post=174322"},{"taxonomy":"post_tag","embeddable":true,"href":"https:\/\/tucomarca.whitekongsoftware.com\/ca\/wp-json\/wp\/v2\/tags?post=174322"}],"curies":[{"name":"wp","href":"https:\/\/api.w.org\/{rel}","templated":true}]}}