{"id":174204,"date":"2022-12-16T12:00:00","date_gmt":"2022-12-16T10:00:00","guid":{"rendered":"https:\/\/www.tucomarca.com\/wordpress\/segunda\/?p=174204"},"modified":"2022-12-16T21:23:34","modified_gmt":"2022-12-16T19:23:34","slug":"la-regidoria-de-cultura-de-bunyol-organitza-un-gran-espectacle-nadalenc-amb-els-cors-del-municipi-com-a-protagonistes-i-amb-una-fi-solidaria","status":"publish","type":"post","link":"https:\/\/tucomarca.whitekongsoftware.com\/ca\/la-regidoria-de-cultura-de-bunyol-organitza-un-gran-espectacle-nadalenc-amb-els-cors-del-municipi-com-a-protagonistes-i-amb-una-fi-solidaria\/","title":{"rendered":"La Regidoria de Cultura de Bunyol organitza un gran espectacle nadalenc amb els cors del municipi com a protagonistes i amb una fi solid\u00e0ria"},"content":{"rendered":"\n<h3 class=\"wp-block-heading\">La Regidoria de Cultura de l&#8217;Ajuntament de Bunyol organitza per a dimecres que ve 21 de desembre un acte molt entranyable en el qual els cors de les dues societats musicals s\u00f3n els protagonistes. Tamb\u00e9 hi haur\u00e0 repartiment de xocolate calent i es podr\u00e0 fer donatius d&#8217;aliments a favor de C\u00e0ritas. Ser\u00e0 a partir de les 19,30 hores.&nbsp;<\/h3>\n\n\n\n<p class=\"wp-block-paragraph\">Nadal Coral, aix\u00ed \u00e9s com es diu l&#8217;acte que tindr\u00e0 lloc aquest dimecres 21 de desembre a partir de les 19,30 hores en la localitat amb els cors del municipi com a protagonistes, tant de majors com dels m\u00e9s xicotets de les dues escoles de totes dues societats musicals de Bunyol.<br>El Cor Orfeos de la Societat Musical L&#8217;Art\u00edstica de Bunyol actuar\u00e0 a l&#8217;Esgl\u00e9sia de les Vendes a les 19,30h i a les 19,45h aniran a la pla\u00e7a de les Vendes. Despr\u00e9s baixaran a Rosers a les 20,15h i a l&#8217;Ajuntament a les 20,30h per a cantar en la Pla\u00e7a del Poble sobre les 20,45h, juntament amb la Coral Polif\u00f2nica del CIM L&#8217;Arm\u00f2nica. Ac\u00ed es comptar\u00e0 amb la participaci\u00f3 dels cors de veus blanques de l&#8217;Escola de M\u00fasica i Dansa Luis Ayll\u00f3n i de l&#8217;Escola de M\u00fasica Manuel Carrascosa Garc\u00eda.&nbsp;<br>Per part seua, la Coral Polif\u00f2nica del CIM l&#8217;Arm\u00f2nica de Bunyol comen\u00e7a cantant a les 19,30h a l&#8217;Esgl\u00e9sia del Poble. A les 19,50h anir\u00e0 a la Pla\u00e7a Layana, despr\u00e9s a les 20,15h a l&#8217;Ajuntament i a les 20.30h al Litre, tancant l&#8217;acte juntament amb el cor Orfeos en la Pla\u00e7a del Poble a les 20.45h.&nbsp;<br>Hi haur\u00e0 repartiment de xocolate calent i es podran fer donacions d&#8217;aliments a favor de C\u00e0ritas. Organitza la Regidoria de Cultura de l&#8217;Ajuntament de Bunyol, dirigida per l&#8217;edil Mireia Parla.<\/p>\n","protected":false},"excerpt":{"rendered":"<div class=\"mh-excerpt\">La Regidoria de Cultura de l&#8217;Ajuntament de Bunyol organitza per a dimecres que ve 21 de desembre un acte molt entranyable en el qual els cors de les dues societats musicals s\u00f3n els protagonistes. Tamb\u00e9 <a class=\"mh-excerpt-more\" href=\"https:\/\/tucomarca.whitekongsoftware.com\/ca\/la-regidoria-de-cultura-de-bunyol-organitza-un-gran-espectacle-nadalenc-amb-els-cors-del-municipi-com-a-protagonistes-i-amb-una-fi-solidaria\/\" title=\"La Regidoria de Cultura de Bunyol organitza un gran espectacle nadalenc amb els cors del municipi com a protagonistes i amb una fi solid\u00e0ria\">[+] <\/a><\/div>\n","protected":false},"author":1,"featured_media":174201,"comment_status":"open","ping_status":"open","sticky":false,"template":"","format":"standard","meta":{"footnotes":""},"categories":[11019,10911,11005,10912,10896],"tags":[10913,10914],"class_list":["post-174204","post","type-post","status-publish","format-standard","has-post-thumbnail","category-agenda-ca","category-bunol-ca","category-canal-musica","category-la-hoya-ca","category-seccion-ca","tag-bunol-ca","tag-la-hoya-de-bunol-chiva-ca"],"_links":{"self":[{"href":"https:\/\/tucomarca.whitekongsoftware.com\/ca\/wp-json\/wp\/v2\/posts\/174204","targetHints":{"allow":["GET"]}}],"collection":[{"href":"https:\/\/tucomarca.whitekongsoftware.com\/ca\/wp-json\/wp\/v2\/posts"}],"about":[{"href":"https:\/\/tucomarca.whitekongsoftware.com\/ca\/wp-json\/wp\/v2\/types\/post"}],"author":[{"embeddable":true,"href":"https:\/\/tucomarca.whitekongsoftware.com\/ca\/wp-json\/wp\/v2\/users\/1"}],"replies":[{"embeddable":true,"href":"https:\/\/tucomarca.whitekongsoftware.com\/ca\/wp-json\/wp\/v2\/comments?post=174204"}],"version-history":[{"count":0,"href":"https:\/\/tucomarca.whitekongsoftware.com\/ca\/wp-json\/wp\/v2\/posts\/174204\/revisions"}],"wp:featuredmedia":[{"embeddable":true,"href":"https:\/\/tucomarca.whitekongsoftware.com\/ca\/wp-json\/wp\/v2\/media\/174201"}],"wp:attachment":[{"href":"https:\/\/tucomarca.whitekongsoftware.com\/ca\/wp-json\/wp\/v2\/media?parent=174204"}],"wp:term":[{"taxonomy":"category","embeddable":true,"href":"https:\/\/tucomarca.whitekongsoftware.com\/ca\/wp-json\/wp\/v2\/categories?post=174204"},{"taxonomy":"post_tag","embeddable":true,"href":"https:\/\/tucomarca.whitekongsoftware.com\/ca\/wp-json\/wp\/v2\/tags?post=174204"}],"curies":[{"name":"wp","href":"https:\/\/api.w.org\/{rel}","templated":true}]}}