{"id":174144,"date":"2022-12-15T10:20:00","date_gmt":"2022-12-15T08:20:00","guid":{"rendered":"https:\/\/www.tucomarca.com\/wordpress\/segunda\/?p=174144"},"modified":"2022-12-15T23:33:46","modified_gmt":"2022-12-15T21:33:46","slug":"pedralba-i-domeno-sadherixen-a-la-xarxa-de-municipis-contra-la-violencia-de-genere-de-la-diputacio","status":"publish","type":"post","link":"https:\/\/tucomarca.whitekongsoftware.com\/ca\/pedralba-i-domeno-sadherixen-a-la-xarxa-de-municipis-contra-la-violencia-de-genere-de-la-diputacio\/","title":{"rendered":"Pedralba i Dome\u00f1o s&#8217;adherixen a la Xarxa de Municipis contra la Viol\u00e8ncia de G\u00e8nere de la Diputaci\u00f3"},"content":{"rendered":"\n<h4 class=\"wp-block-heading\">La diputada d&#8217;Igualtat, Eli Garc\u00eda, presidix l&#8217;assemblea d&#8217;adhesi\u00f3 dels nous membres i informa sobre les subvencions incloses en el pressupost per a 2023<\/h4>\n\n\n\n<h4 class=\"wp-block-heading\">Amb la incorporaci\u00f3 d&#8217;estes dos localitats ja s\u00f3n cinc els ajuntaments de la Serran\u00eda que formen part de la xarxa provincial<\/h4>\n\n\n\n<p class=\"wp-block-paragraph\">La Diputaci\u00f3 de Val\u00e8ncia incorpora dos nous ajuntaments (Pedralba i Dome\u00f1o) de la Serran\u00eda a la seua Xarxa de Municipis Protegits contra la Viol\u00e8ncia de G\u00e8nere, que compta ja amb 163 localitats de la prov\u00edncia adherides. En concret, formen part de la xarxa un total de cinc municipis de La Serran\u00eda. Estos consistoris podran sol\u00b7licitar les subvencions per a projectes i campanyes de sensibilitzaci\u00f3 i prevenci\u00f3 de la viol\u00e8ncia masclista que oferix l&#8217;\u00e0rea d&#8217;Igualtat de la Diputaci\u00f3, que en 2023 superen el mig mili\u00f3 d&#8217;euros.<\/p>\n\n\n\n<p class=\"wp-block-paragraph\">La responsable d&#8217;Igualtat, Eli Garc\u00eda, ha presidit este dimecres l&#8217;assemblea general de la xarxa celebrada en l&#8217;IVAF, que ha aprovat l&#8217;adhesi\u00f3 dels nous membres, prop d&#8217;una vintena que eleven al 62% el percentatge de municipis de la prov\u00edncia que treballa conjuntament contra la viol\u00e8ncia masclista. La diputada ha recordat que la lluita contra la discriminaci\u00f3 per ra\u00f3 de g\u00e8nere \u00e9s \u201cun eix transversal en la gesti\u00f3 de la Diputaci\u00f3 i est\u00e0 present en cadascuna de les seues \u00e0rees\u201d.<\/p>\n\n\n\n<p class=\"wp-block-paragraph\">Eli Garc\u00eda, que confia a poder sumar m\u00e9s ajuntaments abans del final de la legislatura, ha instat els alcaldes, alcaldesses i responsables d&#8217;Igualtat presents en l&#8217;assemblea a \u201ccontinuar compartint experi\u00e8ncies i projectes que han demostrat la seua efectivitat per a donar la millor resposta possible, des de la base de la prevenci\u00f3 i l&#8217;educaci\u00f3, a una xacra social que es continua cobrant la vida de dones, xiquets i xiquetes innocents a les mans de covards assassins sobre els quals hem de posar el focus\u201d.<\/p>\n\n\n\n<p class=\"wp-block-paragraph\"><strong>Membres de la Serran\u00eda<\/strong><\/p>\n\n\n\n<p class=\"wp-block-paragraph\">Pedralba i Dome\u00f1o s&#8217;unixen aix\u00ed a l&#8217;ajuntament de Villar del Arzobispo, que es va sumar al maig de 2019; i als de Gestalgar i Chelva, que es van incorporar a l&#8217;abril d&#8217;enguany. S\u00f3n 5 de 19 municipis, la qual cosa suposa el 26% dels pobles de la comarca.<\/p>\n\n\n\n<p class=\"wp-block-paragraph\"><strong>Ajudes i quarta trobada<\/strong><\/p>\n\n\n\n<p class=\"wp-block-paragraph\">L&#8217;assemblea general de desembre de la Xarxa de Municipis Protegits contra la Viol\u00e8ncia de G\u00e8nere ha comptat amb alcaldes que exercixen com a diputats provincials, cas d&#8217;Andreu Salom i Carolina Mengual; l&#8217;alcaldessa de Pu\u00e7ol, Paz Carceller; l&#8217;alcalde de Meliana, Antonio Rodr\u00edguez; i una \u00e0mplia n\u00f2mina de regidores i t\u00e8cniques d&#8217;Igualtat d&#8217;una vintena d&#8217;ajuntaments que formen part de la xarxa.<\/p>\n\n\n\n<p class=\"wp-block-paragraph\">L&#8217;ordre del dia ha incl\u00f2s, a m\u00e9s de l&#8217;adhesi\u00f3 dels nous membres, informaci\u00f3 sobre la convocat\u00f2ria de subvencions de 2023, les sol\u00b7licituds de les quals podran presentar-se en el termini de 20 dies des de la seua publicaci\u00f3 en el BOP; l&#8217;avan\u00e7 de la quarta trobada de la xarxa, previst per a finals del mes de gener; i l&#8217;anunci del projecte expositiu \u2018100 dones de Val\u00e8ncia\u2019, que impulsar\u00e0 l&#8217;\u00e0rea provincial d&#8217;Igualtat.<\/p>\n\n\n\n<p class=\"wp-block-paragraph\">Les ajudes que podran sol\u00b7licitar tots els ajuntaments adherits a la xarxa inclouran la subvenci\u00f3 de projectes i campanyes relacionades amb la prevenci\u00f3 del consum de prostituci\u00f3; la formaci\u00f3 especialitzada en viol\u00e8ncia sexual i prevenci\u00f3 de la mateixa dirigida al personal t\u00e8cnic, pol\u00edtic i de l&#8217;\u00e0rea de serveis socials de cada consistori; els projectes per a previndre i detectar la viol\u00e8ncia de g\u00e8nere en l&#8217;\u00e0mbit local, la coeducaci\u00f3 dirigida a centres educatius i altres mesures contemplades en els plans d&#8217;igualtat de les corporacions; i les campanyes municipals de sensibilitzaci\u00f3, prevenci\u00f3 i lluita contra la xacra masclista a trav\u00e9s de tr\u00edptics, cartells o espais en mitjans audiovisuals, com a promotors o col\u00b7laboradors de les mateixes.<\/p>\n\n\n\n<p class=\"wp-block-paragraph\"><\/p>\n","protected":false},"excerpt":{"rendered":"<div class=\"mh-excerpt\">La diputada d&#8217;Igualtat, Eli Garc\u00eda, presidix l&#8217;assemblea d&#8217;adhesi\u00f3 dels nous membres i informa sobre les subvencions incloses en el pressupost per a 2023 Amb la incorporaci\u00f3 d&#8217;estes dos localitats ja s\u00f3n cinc els ajuntaments de <a class=\"mh-excerpt-more\" href=\"https:\/\/tucomarca.whitekongsoftware.com\/ca\/pedralba-i-domeno-sadherixen-a-la-xarxa-de-municipis-contra-la-violencia-de-genere-de-la-diputacio\/\" title=\"Pedralba i Dome\u00f1o s&#8217;adherixen a la Xarxa de Municipis contra la Viol\u00e8ncia de G\u00e8nere de la Diputaci\u00f3\">[+] <\/a><\/div>\n","protected":false},"author":12,"featured_media":101065,"comment_status":"open","ping_status":"open","sticky":false,"template":"","format":"standard","meta":{"footnotes":""},"categories":[11035,11046,10898,10948,10894,11025,10947,10896,10897],"tags":[11246,15612,11135,13111],"class_list":["post-174144","post","type-post","status-publish","format-standard","has-post-thumbnail","category-domeno-ca","category-los-serranos-ca","category-ventana-ca","category-infraestructuras-ca","category-la-comarca-ca","category-pedralba-ca","category-politica","category-seccion-ca","category-sucesos-la-comarca-ca","tag-diputacio-de-valencia-ca","tag-domeno-ca","tag-pedralba-ca","tag-red-de-municipios-protegidos-contra-la-violencia-de-genero-ca"],"_links":{"self":[{"href":"https:\/\/tucomarca.whitekongsoftware.com\/ca\/wp-json\/wp\/v2\/posts\/174144","targetHints":{"allow":["GET"]}}],"collection":[{"href":"https:\/\/tucomarca.whitekongsoftware.com\/ca\/wp-json\/wp\/v2\/posts"}],"about":[{"href":"https:\/\/tucomarca.whitekongsoftware.com\/ca\/wp-json\/wp\/v2\/types\/post"}],"author":[{"embeddable":true,"href":"https:\/\/tucomarca.whitekongsoftware.com\/ca\/wp-json\/wp\/v2\/users\/12"}],"replies":[{"embeddable":true,"href":"https:\/\/tucomarca.whitekongsoftware.com\/ca\/wp-json\/wp\/v2\/comments?post=174144"}],"version-history":[{"count":0,"href":"https:\/\/tucomarca.whitekongsoftware.com\/ca\/wp-json\/wp\/v2\/posts\/174144\/revisions"}],"wp:featuredmedia":[{"embeddable":true,"href":"https:\/\/tucomarca.whitekongsoftware.com\/ca\/wp-json\/wp\/v2\/media\/101065"}],"wp:attachment":[{"href":"https:\/\/tucomarca.whitekongsoftware.com\/ca\/wp-json\/wp\/v2\/media?parent=174144"}],"wp:term":[{"taxonomy":"category","embeddable":true,"href":"https:\/\/tucomarca.whitekongsoftware.com\/ca\/wp-json\/wp\/v2\/categories?post=174144"},{"taxonomy":"post_tag","embeddable":true,"href":"https:\/\/tucomarca.whitekongsoftware.com\/ca\/wp-json\/wp\/v2\/tags?post=174144"}],"curies":[{"name":"wp","href":"https:\/\/api.w.org\/{rel}","templated":true}]}}