{"id":174137,"date":"2022-12-15T10:27:00","date_gmt":"2022-12-15T08:27:00","guid":{"rendered":"https:\/\/www.tucomarca.com\/wordpress\/segunda\/?p=174137"},"modified":"2022-12-15T23:18:00","modified_gmt":"2022-12-15T21:18:00","slug":"lajuntament-de-bunyol-arranca-la-redaccio-del-cataleg-de-bens-i-espais-protegits-de-la-localitat","status":"publish","type":"post","link":"https:\/\/tucomarca.whitekongsoftware.com\/ca\/lajuntament-de-bunyol-arranca-la-redaccio-del-cataleg-de-bens-i-espais-protegits-de-la-localitat\/","title":{"rendered":"L&#8217;Ajuntament de Bunyol arranca la redacci\u00f3 del Cat\u00e0leg de B\u00e9ns i Espais Protegits de la localitat"},"content":{"rendered":"\n<h4 class=\"wp-block-heading\">Ahir el despatx d&#8217;alcaldia de Bunyol va albergar una reuni\u00f3 entre t\u00e8cnics municipals, regidor d&#8217;Urbanisme i Alcaldessa, amb l&#8217;empresa redactora del Cat\u00e0leg de B\u00e9ns i Espais Protegits de la localitat.<\/h4>\n\n\n\n<p class=\"wp-block-paragraph\">Juncal Carrascosa, Alcaldessa de Bunyol, acompanyada de Rafa P\u00e9rez, regidor d&#8217;Urbanisme del Consistori, la secret\u00e0ria de l&#8217;Ajuntament i l&#8217;arquitecte municipal es van reunir en el mat\u00ed d&#8217;ahir amb l&#8217;empresa redactora del Cat\u00e0leg de b\u00e9ns i espais protegits.<br>Rafa P\u00e9rez comenta: \u201cAbasta espais mediambientals com la Cova Turche, la Font Ombria o Moratillas, i altres tres zones m\u00e9s que s&#8217;est\u00e0 estudiant la possibilitat de protegir-les per a poder enriquir i protegir el nostre medi ambient. A m\u00e9s, respecte als b\u00e9ns patrimonials es contemplen les ximeneres antigues, les f\u00e0briques de paper, Venta Pilar, poblats ibers de la zona del Gall, castell i entorn\u201d.<br>Aquest edil recorda que entre 2013 i 2017 Bunyol ja va comptar amb un cat\u00e0leg per\u00f2 en ser anul\u00b7lat el PGOU pel Tribunal Suprem aquest cat\u00e0leg tamb\u00e9 va quedar anul\u00b7lat. Ara, una vegada comptem amb aquesta h\u00e0bil eina les actuacions en aquests llocs poden ser m\u00e9s \u00e0gils administrativament, encara que es continua depenent dels propietaris d&#8217;aquestes zones.<\/p>\n","protected":false},"excerpt":{"rendered":"<div class=\"mh-excerpt\">Ahir el despatx d&#8217;alcaldia de Bunyol va albergar una reuni\u00f3 entre t\u00e8cnics municipals, regidor d&#8217;Urbanisme i Alcaldessa, amb l&#8217;empresa redactora del Cat\u00e0leg de B\u00e9ns i Espais Protegits de la localitat. Juncal Carrascosa, Alcaldessa de Bunyol, <a class=\"mh-excerpt-more\" href=\"https:\/\/tucomarca.whitekongsoftware.com\/ca\/lajuntament-de-bunyol-arranca-la-redaccio-del-cataleg-de-bens-i-espais-protegits-de-la-localitat\/\" title=\"L&#8217;Ajuntament de Bunyol arranca la redacci\u00f3 del Cat\u00e0leg de B\u00e9ns i Espais Protegits de la localitat\">[+] <\/a><\/div>\n","protected":false},"author":12,"featured_media":174136,"comment_status":"open","ping_status":"open","sticky":false,"template":"","format":"standard","meta":{"footnotes":""},"categories":[10911,10948,10894,10912,10903,10947,10896],"tags":[10913,17246,10914],"class_list":["post-174137","post","type-post","status-publish","format-standard","has-post-thumbnail","category-bunol-ca","category-infraestructuras-ca","category-la-comarca-ca","category-la-hoya-ca","category-medio-ambiente-la-comarca-ca","category-politica","category-seccion-ca","tag-bunol-ca","tag-catalogo-de-bienes-y-espacios-protegidos-ca","tag-la-hoya-de-bunol-chiva-ca"],"_links":{"self":[{"href":"https:\/\/tucomarca.whitekongsoftware.com\/ca\/wp-json\/wp\/v2\/posts\/174137","targetHints":{"allow":["GET"]}}],"collection":[{"href":"https:\/\/tucomarca.whitekongsoftware.com\/ca\/wp-json\/wp\/v2\/posts"}],"about":[{"href":"https:\/\/tucomarca.whitekongsoftware.com\/ca\/wp-json\/wp\/v2\/types\/post"}],"author":[{"embeddable":true,"href":"https:\/\/tucomarca.whitekongsoftware.com\/ca\/wp-json\/wp\/v2\/users\/12"}],"replies":[{"embeddable":true,"href":"https:\/\/tucomarca.whitekongsoftware.com\/ca\/wp-json\/wp\/v2\/comments?post=174137"}],"version-history":[{"count":0,"href":"https:\/\/tucomarca.whitekongsoftware.com\/ca\/wp-json\/wp\/v2\/posts\/174137\/revisions"}],"wp:featuredmedia":[{"embeddable":true,"href":"https:\/\/tucomarca.whitekongsoftware.com\/ca\/wp-json\/wp\/v2\/media\/174136"}],"wp:attachment":[{"href":"https:\/\/tucomarca.whitekongsoftware.com\/ca\/wp-json\/wp\/v2\/media?parent=174137"}],"wp:term":[{"taxonomy":"category","embeddable":true,"href":"https:\/\/tucomarca.whitekongsoftware.com\/ca\/wp-json\/wp\/v2\/categories?post=174137"},{"taxonomy":"post_tag","embeddable":true,"href":"https:\/\/tucomarca.whitekongsoftware.com\/ca\/wp-json\/wp\/v2\/tags?post=174137"}],"curies":[{"name":"wp","href":"https:\/\/api.w.org\/{rel}","templated":true}]}}