{"id":174128,"date":"2022-12-15T10:10:00","date_gmt":"2022-12-15T08:10:00","guid":{"rendered":"https:\/\/www.tucomarca.com\/wordpress\/segunda\/?p=174128"},"modified":"2022-12-15T23:01:52","modified_gmt":"2022-12-15T21:01:52","slug":"la-sala-raga-del-molino-gala-de-bunyol-alberga-la-presentacio-oficial-del-documental-dels-35-anys-de-construccio-de-lauditori-de-sant-lluis","status":"publish","type":"post","link":"https:\/\/tucomarca.whitekongsoftware.com\/ca\/la-sala-raga-del-molino-gala-de-bunyol-alberga-la-presentacio-oficial-del-documental-dels-35-anys-de-construccio-de-lauditori-de-sant-lluis\/","title":{"rendered":"La Sala Raga del Molino Gal\u00e0 de Bunyol alberga la presentaci\u00f3 oficial del Documental dels 35 anys de construcci\u00f3 de l&#8217;Auditori de Sant Llu\u00eds"},"content":{"rendered":"\n<h4 class=\"wp-block-heading\">Amb un aforament complet i pres\u00e8ncia de tots els que han participat en el documental es va projectar la cinta rebent unes cr\u00edtiques immillorables.<\/h4>\n\n\n\n<figure class=\"wp-block-gallery has-nested-images columns-default is-cropped wp-block-gallery-1 is-layout-flex wp-block-gallery-is-layout-flex\">\n<figure class=\"wp-block-image size-large\"><img loading=\"lazy\" decoding=\"async\" width=\"709\" height=\"399\" data-id=\"174120\" src=\"http:\/\/www.tucomarca.com\/wordpress\/segunda\/wp-content\/uploads\/2022\/12\/35anyosAuditorio.jpg\" alt=\"\" class=\"wp-image-174120\" srcset=\"https:\/\/tucomarca.whitekongsoftware.com\/wp-content\/uploads\/2022\/12\/35anyosAuditorio.jpg 709w, https:\/\/tucomarca.whitekongsoftware.com\/wp-content\/uploads\/2022\/12\/35anyosAuditorio-300x169.jpg 300w, https:\/\/tucomarca.whitekongsoftware.com\/wp-content\/uploads\/2022\/12\/35anyosAuditorio-678x381.jpg 678w\" sizes=\"auto, (max-width: 709px) 100vw, 709px\" \/><\/figure>\n\n\n\n<figure class=\"wp-block-image size-large\"><img loading=\"lazy\" decoding=\"async\" width=\"709\" height=\"399\" data-id=\"174124\" src=\"http:\/\/www.tucomarca.com\/wordpress\/segunda\/wp-content\/uploads\/2022\/12\/35anyosAuditorio3.jpg\" alt=\"\" class=\"wp-image-174124\" srcset=\"https:\/\/tucomarca.whitekongsoftware.com\/wp-content\/uploads\/2022\/12\/35anyosAuditorio3.jpg 709w, https:\/\/tucomarca.whitekongsoftware.com\/wp-content\/uploads\/2022\/12\/35anyosAuditorio3-300x169.jpg 300w, https:\/\/tucomarca.whitekongsoftware.com\/wp-content\/uploads\/2022\/12\/35anyosAuditorio3-678x381.jpg 678w\" sizes=\"auto, (max-width: 709px) 100vw, 709px\" \/><\/figure>\n<\/figure>\n\n\n\n<p class=\"wp-block-paragraph\">La regidoria de Comunicaci\u00f3 de l&#8217;Ajuntament de Bunyol va presentar ahir el documental \u201cCoses nostres\u201d \u2013 35 anys de l&#8217;Auditori Municipal de Sant Llu\u00eds a la Sala Raga del Molino Gal\u00e0. Aquest treball audiovisual ha sigut confeccionat des del principi fins al final per l&#8217;equip de R\u00e0dio Bunyol TV.&nbsp;<br>Despr\u00e9s d&#8217;un ingent treball de documentaci\u00f3 i entrevistes coordinat per la periodista de R\u00e0dio Bunyol TV, Pilar Criado, tots ja poden gaudir del treball audiovisual que reflecteix i detalla com va ser la seua construcci\u00f3, el seu llegat i el futur que li ofereix. Tots els que han format part d&#8217;aquest documental, professionals de la r\u00e0dio municipal, familiars, amics i enamorats d&#8217;aquesta infraestructura i de la m\u00fasica de bandes van ser presents en la presentaci\u00f3.&nbsp;<br>Manuel Sierra, regidor de Comunicaci\u00f3 de l&#8217;Ajuntament de Bunyol, juntament amb la periodista que ha coordinat aquest documental, Pilar Criado, van agrair la pres\u00e8ncia de tots a la Sala Raga, a m\u00e9s de comptar l&#8217;elaboraci\u00f3 i treball d&#8217;aquest documental, que amb tant de gust i manyaga s&#8217;ha realitzat. Encara que amb escassos mitjans per\u00f2 amb un excel\u00b7lent treball final. Ara ja tots poden gaudir d&#8217;ell tantes vegades com ho desitgen com document hist\u00f2ric de tot el que va esdevindre en aqueixos anys i de la realitat d&#8217;un auditori a l&#8217;aire lliure que \u00e9s l&#8217;enveja de tots els municipis i ciutats espanyoles. En el canal de Youtube de R\u00e0dio Bunyol TV poden veure&#8217;l. La duraci\u00f3 \u00e9s d&#8217;una hora.<\/p>\n","protected":false},"excerpt":{"rendered":"<div class=\"mh-excerpt\">Amb un aforament complet i pres\u00e8ncia de tots els que han participat en el documental es va projectar la cinta rebent unes cr\u00edtiques immillorables. La regidoria de Comunicaci\u00f3 de l&#8217;Ajuntament de Bunyol va presentar ahir <a class=\"mh-excerpt-more\" href=\"https:\/\/tucomarca.whitekongsoftware.com\/ca\/la-sala-raga-del-molino-gala-de-bunyol-alberga-la-presentacio-oficial-del-documental-dels-35-anys-de-construccio-de-lauditori-de-sant-lluis\/\" title=\"La Sala Raga del Molino Gal\u00e0 de Bunyol alberga la presentaci\u00f3 oficial del Documental dels 35 anys de construcci\u00f3 de l&#8217;Auditori de Sant Llu\u00eds\">[+] <\/a><\/div>\n","protected":false},"author":12,"featured_media":174123,"comment_status":"open","ping_status":"open","sticky":false,"template":"","format":"standard","meta":{"footnotes":""},"categories":[10911,10948,10894,10912,10947,10896],"tags":[18492,10913,10914],"class_list":["post-174128","post","type-post","status-publish","format-standard","has-post-thumbnail","category-bunol-ca","category-infraestructuras-ca","category-la-comarca-ca","category-la-hoya-ca","category-politica","category-seccion-ca","tag-35-anos-del-auditorio-municipal-ca","tag-bunol-ca","tag-la-hoya-de-bunol-chiva-ca"],"_links":{"self":[{"href":"https:\/\/tucomarca.whitekongsoftware.com\/ca\/wp-json\/wp\/v2\/posts\/174128","targetHints":{"allow":["GET"]}}],"collection":[{"href":"https:\/\/tucomarca.whitekongsoftware.com\/ca\/wp-json\/wp\/v2\/posts"}],"about":[{"href":"https:\/\/tucomarca.whitekongsoftware.com\/ca\/wp-json\/wp\/v2\/types\/post"}],"author":[{"embeddable":true,"href":"https:\/\/tucomarca.whitekongsoftware.com\/ca\/wp-json\/wp\/v2\/users\/12"}],"replies":[{"embeddable":true,"href":"https:\/\/tucomarca.whitekongsoftware.com\/ca\/wp-json\/wp\/v2\/comments?post=174128"}],"version-history":[{"count":0,"href":"https:\/\/tucomarca.whitekongsoftware.com\/ca\/wp-json\/wp\/v2\/posts\/174128\/revisions"}],"wp:featuredmedia":[{"embeddable":true,"href":"https:\/\/tucomarca.whitekongsoftware.com\/ca\/wp-json\/wp\/v2\/media\/174123"}],"wp:attachment":[{"href":"https:\/\/tucomarca.whitekongsoftware.com\/ca\/wp-json\/wp\/v2\/media?parent=174128"}],"wp:term":[{"taxonomy":"category","embeddable":true,"href":"https:\/\/tucomarca.whitekongsoftware.com\/ca\/wp-json\/wp\/v2\/categories?post=174128"},{"taxonomy":"post_tag","embeddable":true,"href":"https:\/\/tucomarca.whitekongsoftware.com\/ca\/wp-json\/wp\/v2\/tags?post=174128"}],"curies":[{"name":"wp","href":"https:\/\/api.w.org\/{rel}","templated":true}]}}