{"id":174102,"date":"2022-12-15T10:25:00","date_gmt":"2022-12-15T08:25:00","guid":{"rendered":"https:\/\/www.tucomarca.com\/wordpress\/segunda\/?p=174102"},"modified":"2022-12-15T23:52:46","modified_gmt":"2022-12-15T21:52:46","slug":"el-consorci-valencia-interior-analitza-en-una-jornada-a-malaga-els-reptes-de-la-gestio-dels-bioresidus","status":"publish","type":"post","link":"https:\/\/tucomarca.whitekongsoftware.com\/ca\/el-consorci-valencia-interior-analitza-en-una-jornada-a-malaga-els-reptes-de-la-gestio-dels-bioresidus\/","title":{"rendered":"El Consorci Val\u00e8ncia Interior analitza en una jornada a M\u00e0laga els reptes de la gesti\u00f3 dels bioresidus"},"content":{"rendered":"\n<h4 class=\"wp-block-heading\">El gerent de l&#8217;entitat, \u00c1ngel Rodr\u00edguez, explica el programa El meu Compte Ambiental pel qual es bonifica econ\u00f2micament a les persones que depositen correctament els residus<\/h4>\n\n\n\n<p class=\"wp-block-paragraph\">El gerent del Consorci Val\u00e8ncia Interior (CVI), \u00c1ngel Rodr\u00edguez, va participar ahir en la Jornada sobre la recollida del residu org\u00e0nic: el cinqu\u00e9 contenidor que va tindre lloc a M\u00e0laga. Aquesta trobada professional, organitzat pel Consorci Provincial de Residus S\u00f2lids de M\u00e0laga, t\u00e9 com a objectiu aprofundir en la recollida selectiva dels residus org\u00e0nics, de manera que amb les experi\u00e8ncies de CVI s&#8217;ha ajudat a entendre millor com implantar aquesta recollida, les q\u00fcestions legals i la l\u00ednia d&#8217;incentius a la ciutadania per a un correcte funcionament del servei.<br>La jornada tamb\u00e9 va comptar amb la pres\u00e8ncia del cap del gabinet de Planificaci\u00f3 d&#8217;Economia Circular i director general de Qualitat i Canvi Clim\u00e0tic en la Junta d&#8217;Andalusia, David Fern\u00e1ndez; la responsable del departament de Foment de la Recollida Selectiva en l&#8217;\u00c0rea d&#8217;Economia Circular de l&#8217;Ag\u00e8ncia de Residus de Catalunya, Teresa Guerrero; el cap de departament de Residus i Neteja Vi\u00e0ria a Irun i Hondarribia, Valent\u00edn Gonz\u00e1lez; una de les fundadores de HYLA (empresa dedicada a la formaci\u00f3 i la comunicaci\u00f3 ambiental) Ana M\u00aa Ben\u00edtez Rodr\u00edguez; i el director de la Fundaci\u00f3 F\u00f2rum Ambiental (FFA), Leandro Barqu\u00edn.<br>Rodr\u00edguez va desenvolupar la seua pon\u00e8ncia Rebut de fem amb incentius i el repte dels bioresidus mitjan\u00e7ant la qual va explicar la gesti\u00f3 municipal dels residus i les perspectives per a aconseguir un futur m\u00e9s sostenible. I \u00e9s que davant un escenari global de canvi clim\u00e0tic s&#8217;exigeix que s&#8217;adapten solucions per a mitigar-ho i reduir els seus impactes. Mitjan\u00e7ant la gesti\u00f3 dels residus, s&#8217;avan\u00e7a de manera fonamental en la transici\u00f3 feia una economia circular.&nbsp;<br>La recollida i tractament dels residus generats en els municipis constitueix hist\u00f2ricament una de les principals partides de despesa corrent en els pressupostos de les entitats locals. En els \u00faltims anys, aquest servei p\u00fablic d&#8217;alta responsabilitat ha experimentat modificacions que han augmentat tant la seua efici\u00e8ncia com el grau de protecci\u00f3 de la salut p\u00fablica i el medi ambient.&nbsp;<br>El Consorci Val\u00e8ncia Interior va analitzar tamb\u00e9 el paper de les entitats locals en la nova llei 7\/2022 de residus i s\u00f2ls contaminats, la qual li atorga un gran protagonisme a l&#8217;Administraci\u00f3 Local en la recollida, el transport i el tractament dels residus dom\u00e8stics. En aquest sentit, l&#8217;ens camina de la m\u00e0 dels municipis davant els nombrosos reptes que se&#8217;ls presenten en mat\u00e8ria de gesti\u00f3 de residus. El CVI, que tracta els residus de 61 municipis de cinc comarques de l&#8217;interior de la prov\u00edncia de Val\u00e8ncia (Camp de T\u00faria, La Regi\u00f3 muntanyenca, la Foia de Bunyol- Xiva, la Plana d&#8217;Utiel-Requena i el Rac\u00f3 d&#8217;Adem\u00fas) ofereix als seus ajuntaments un acompanyament espec\u00edfic per a planificar com aconseguir els objectius que marca la llei.&nbsp;<br>Durant la jornada, el CVI va abordar tamb\u00e9 els diferents models de recollida i de contenerizaci\u00f3n, que s\u00f3n claus per a la recollida de cada flux de residus, aix\u00ed com la necessitat de recollir nous fluxos com els bioresidus o la utilitzaci\u00f3 efica\u00e7 dels punts nets. \u201cEns enfrontem a diferents desafiaments, per\u00f2 sobretot hem de ser conscients de les grans oportunitats que existeixen. Amb bona comunicaci\u00f3, formaci\u00f3 i sensibilitzaci\u00f3 per part de tots els actors garantirem una correcta separaci\u00f3 dels residus i caminarem cap a una gesti\u00f3 circular sostenible\u201d, va concloure.<\/p>\n\n\n\n<p class=\"wp-block-paragraph\"><\/p>\n","protected":false},"excerpt":{"rendered":"<div class=\"mh-excerpt\">El gerent de l&#8217;entitat, \u00c1ngel Rodr\u00edguez, explica el programa El meu Compte Ambiental pel qual es bonifica econ\u00f2micament a les persones que depositen correctament els residus El gerent del Consorci Val\u00e8ncia Interior (CVI), \u00c1ngel Rodr\u00edguez, <a class=\"mh-excerpt-more\" href=\"https:\/\/tucomarca.whitekongsoftware.com\/ca\/el-consorci-valencia-interior-analitza-en-una-jornada-a-malaga-els-reptes-de-la-gestio-dels-bioresidus\/\" title=\"El Consorci Val\u00e8ncia Interior analitza en una jornada a M\u00e0laga els reptes de la gesti\u00f3 dels bioresidus\">[+] <\/a><\/div>\n","protected":false},"author":12,"featured_media":174101,"comment_status":"open","ping_status":"open","sticky":false,"template":"","format":"standard","meta":{"footnotes":""},"categories":[10890,10951,10892,11046,10898,10948,10963,10894,10912,10903,10947,10909,10896],"tags":[11117,11305,12727],"class_list":["post-174102","post","type-post","status-publish","format-standard","has-post-thumbnail","category-ademus","category-ayora-cofrentes-ca","category-camp-de-turia-ca","category-los-serranos-ca","category-ventana-ca","category-infraestructuras-ca","category-la-canal-de-navarres-ca","category-la-comarca-ca","category-la-hoya-ca","category-medio-ambiente-la-comarca-ca","category-politica","category-requena-utiel-ca","category-seccion-ca","tag-consorcio-valencia-interior-ca","tag-cvi-ca","tag-mi-cuenta-ambiental-ca"],"_links":{"self":[{"href":"https:\/\/tucomarca.whitekongsoftware.com\/ca\/wp-json\/wp\/v2\/posts\/174102","targetHints":{"allow":["GET"]}}],"collection":[{"href":"https:\/\/tucomarca.whitekongsoftware.com\/ca\/wp-json\/wp\/v2\/posts"}],"about":[{"href":"https:\/\/tucomarca.whitekongsoftware.com\/ca\/wp-json\/wp\/v2\/types\/post"}],"author":[{"embeddable":true,"href":"https:\/\/tucomarca.whitekongsoftware.com\/ca\/wp-json\/wp\/v2\/users\/12"}],"replies":[{"embeddable":true,"href":"https:\/\/tucomarca.whitekongsoftware.com\/ca\/wp-json\/wp\/v2\/comments?post=174102"}],"version-history":[{"count":0,"href":"https:\/\/tucomarca.whitekongsoftware.com\/ca\/wp-json\/wp\/v2\/posts\/174102\/revisions"}],"wp:featuredmedia":[{"embeddable":true,"href":"https:\/\/tucomarca.whitekongsoftware.com\/ca\/wp-json\/wp\/v2\/media\/174101"}],"wp:attachment":[{"href":"https:\/\/tucomarca.whitekongsoftware.com\/ca\/wp-json\/wp\/v2\/media?parent=174102"}],"wp:term":[{"taxonomy":"category","embeddable":true,"href":"https:\/\/tucomarca.whitekongsoftware.com\/ca\/wp-json\/wp\/v2\/categories?post=174102"},{"taxonomy":"post_tag","embeddable":true,"href":"https:\/\/tucomarca.whitekongsoftware.com\/ca\/wp-json\/wp\/v2\/tags?post=174102"}],"curies":[{"name":"wp","href":"https:\/\/api.w.org\/{rel}","templated":true}]}}