{"id":174056,"date":"2022-12-14T09:09:00","date_gmt":"2022-12-14T07:09:00","guid":{"rendered":"https:\/\/www.tucomarca.com\/wordpress\/segunda\/?p=174056"},"modified":"2022-12-14T15:49:50","modified_gmt":"2022-12-14T13:49:50","slug":"les-pluges-de-desembre-alleugen-el-deficit-pluviometric-a-la-comarca-de-requena-utiel","status":"publish","type":"post","link":"https:\/\/tucomarca.whitekongsoftware.com\/ca\/les-pluges-de-desembre-alleugen-el-deficit-pluviometric-a-la-comarca-de-requena-utiel\/","title":{"rendered":"Les pluges de desembre alleugen el d\u00e8ficit pluviom\u00e8tric a la comarca de Requena-Utiel"},"content":{"rendered":"\n<p class=\"wp-block-paragraph\">Les pluges caigudes a la comarca Requena-Utiel, en els \u00faltims dies, no han resolt, en general, el d\u00e8ficit pluviom\u00e8tric acumulat en els \u00faltims huit mesos; per\u00f2 l&#8217;han alleujat.<br>La quantitat mitjana d&#8217;aigua de pluja recollida a la comarca, en el que portem de mes, ronda els 45 litres per metre quadrat. On m\u00e9s ha plogut \u00e9s en zones muntanyenques de l&#8217;oest i del nord de la comarca, on s&#8217;acumulen en el que portem de mes, quantitats entorn dels 70 litres per metre quadrat.<br>La pluja, de moment, a qui m\u00e9s beneficia \u00e9s als cereals; per\u00f2 a m\u00e9s llarg termini a les oliveres, els ametlers i les vinyes, que es troben en la parada hivernal.<br>Per al rec\u00e0rrec d&#8217;aq\u00fc\u00edfers, no obstant aix\u00f2, les precipitacions registrades encara s\u00f3n insuficients. Informa, <strong>Luis Ib\u00e1\u00f1ez<\/strong>.<\/p>\n","protected":false},"excerpt":{"rendered":"<div class=\"mh-excerpt\">Les pluges caigudes a la comarca Requena-Utiel, en els \u00faltims dies, no han resolt, en general, el d\u00e8ficit pluviom\u00e8tric acumulat en els \u00faltims huit mesos; per\u00f2 l&#8217;han alleujat.La quantitat mitjana d&#8217;aigua de pluja recollida a <a class=\"mh-excerpt-more\" href=\"https:\/\/tucomarca.whitekongsoftware.com\/ca\/les-pluges-de-desembre-alleugen-el-deficit-pluviometric-a-la-comarca-de-requena-utiel\/\" title=\"Les pluges de desembre alleugen el d\u00e8ficit pluviom\u00e8tric a la comarca de Requena-Utiel\">[+] <\/a><\/div>\n","protected":false},"author":1,"featured_media":122967,"comment_status":"open","ping_status":"open","sticky":false,"template":"","format":"standard","meta":{"footnotes":""},"categories":[10905,10898,10948,10894,10904,10903,10909,10896],"tags":[11309,13436,10910],"class_list":["post-174056","post","type-post","status-publish","format-standard","has-post-thumbnail","category-agricultura-la-comarca-ca","category-ventana-ca","category-infraestructuras-ca","category-la-comarca-ca","category-sin-categorizar-ca","category-medio-ambiente-la-comarca-ca","category-requena-utiel-ca","category-seccion-ca","tag-agricultura-ca","tag-lluvia-ca","tag-requena-utiel-ca"],"_links":{"self":[{"href":"https:\/\/tucomarca.whitekongsoftware.com\/ca\/wp-json\/wp\/v2\/posts\/174056","targetHints":{"allow":["GET"]}}],"collection":[{"href":"https:\/\/tucomarca.whitekongsoftware.com\/ca\/wp-json\/wp\/v2\/posts"}],"about":[{"href":"https:\/\/tucomarca.whitekongsoftware.com\/ca\/wp-json\/wp\/v2\/types\/post"}],"author":[{"embeddable":true,"href":"https:\/\/tucomarca.whitekongsoftware.com\/ca\/wp-json\/wp\/v2\/users\/1"}],"replies":[{"embeddable":true,"href":"https:\/\/tucomarca.whitekongsoftware.com\/ca\/wp-json\/wp\/v2\/comments?post=174056"}],"version-history":[{"count":0,"href":"https:\/\/tucomarca.whitekongsoftware.com\/ca\/wp-json\/wp\/v2\/posts\/174056\/revisions"}],"wp:featuredmedia":[{"embeddable":true,"href":"https:\/\/tucomarca.whitekongsoftware.com\/ca\/wp-json\/wp\/v2\/media\/122967"}],"wp:attachment":[{"href":"https:\/\/tucomarca.whitekongsoftware.com\/ca\/wp-json\/wp\/v2\/media?parent=174056"}],"wp:term":[{"taxonomy":"category","embeddable":true,"href":"https:\/\/tucomarca.whitekongsoftware.com\/ca\/wp-json\/wp\/v2\/categories?post=174056"},{"taxonomy":"post_tag","embeddable":true,"href":"https:\/\/tucomarca.whitekongsoftware.com\/ca\/wp-json\/wp\/v2\/tags?post=174056"}],"curies":[{"name":"wp","href":"https:\/\/api.w.org\/{rel}","templated":true}]}}