{"id":174035,"date":"2022-12-14T12:01:00","date_gmt":"2022-12-14T10:01:00","guid":{"rendered":"https:\/\/www.tucomarca.com\/wordpress\/segunda\/?p=174035"},"modified":"2022-12-14T15:43:38","modified_gmt":"2022-12-14T13:43:38","slug":"hisenda-i-contractacio-de-lajuntament-de-bunyol-recull-les-propostes-per-al-pressupost-2023-de-pp-podemos-i-cc-oo-en-el-consell-economic-i-social","status":"publish","type":"post","link":"https:\/\/tucomarca.whitekongsoftware.com\/ca\/hisenda-i-contractacio-de-lajuntament-de-bunyol-recull-les-propostes-per-al-pressupost-2023-de-pp-podemos-i-cc-oo-en-el-consell-economic-i-social\/","title":{"rendered":"Hisenda i Contractaci\u00f3 de l&#8217;Ajuntament de Bunyol recull les propostes per al Pressupost 2023 de PP, Podemos i CC OO en el Consell Econ\u00f2mic i Social"},"content":{"rendered":"\n<p class=\"wp-block-paragraph\">El Consell Econ\u00f2mic i Social va aprovar ahir dimarts 13 de desembre, amb els vots favorables dels dos representants de la UGT, els dos de CC.OO, a m\u00e9s del vot afirmatiu del representant de l&#8217;Associaci\u00f3 d&#8217;Empresaris i Aut\u00f2noms, del PSOE, d&#8217;IU i de Podemos, el pressupost per a 2023, que s&#8217;emportar\u00e0 a plenari dimarts que ve 20 de desembre a les 18:30h per a la seua aprovaci\u00f3. El representant del PP es va abstindre, mentre que el de IAB va votar en contra.<\/p>\n\n\n\n<p class=\"wp-block-paragraph\">El regidor d&#8217;Hisenda i Contractaci\u00f3, va acceptar la proposta del representant del PP d&#8217;incloure en la mem\u00f2ria del pressupost la reforma integral de la pista poliesportiva del pavell\u00f3 Pablo Cus\u00ed del Planell, per a donar major seguretat als usuaris de la seua execuci\u00f3. Per part de Podemos es va demanar incloure a una nova associaci\u00f3 dins de les subvencions nominatives i des de CC.OO augmentar la partida destinada a emerg\u00e8ncia social. Des de la regidoria d&#8217;Hisenda i Contractaci\u00f3 es van recollir aquestes dues reivindicacions, en considerar-les justes i responsables des del punt de vista econ\u00f2mic.<\/p>\n\n\n\n<p class=\"wp-block-paragraph\">Des d&#8217;Hisenda i Contractaci\u00f3 recorden que el consell \u00e9s consultiu i que l&#8217;\u00faltima paraula per a l&#8217;aprovaci\u00f3 del pressupost, la t\u00e9 el plenari, on est\u00e0 representada la sobirania popular i en el qual espera que l&#8217;abstenci\u00f3 del PP i el vot en contra de IAB en aquest \u00f2rgan, es puguen transformar en un vot afirmatiu, amb les modificacions que plantegen en el debat sobre aquest.<\/p>\n\n\n\n<p class=\"wp-block-paragraph\"><\/p>\n","protected":false},"excerpt":{"rendered":"<div class=\"mh-excerpt\">El Consell Econ\u00f2mic i Social va aprovar ahir dimarts 13 de desembre, amb els vots favorables dels dos representants de la UGT, els dos de CC.OO, a m\u00e9s del vot afirmatiu del representant de l&#8217;Associaci\u00f3 <a class=\"mh-excerpt-more\" href=\"https:\/\/tucomarca.whitekongsoftware.com\/ca\/hisenda-i-contractacio-de-lajuntament-de-bunyol-recull-les-propostes-per-al-pressupost-2023-de-pp-podemos-i-cc-oo-en-el-consell-economic-i-social\/\" title=\"Hisenda i Contractaci\u00f3 de l&#8217;Ajuntament de Bunyol recull les propostes per al Pressupost 2023 de PP, Podemos i CC OO en el Consell Econ\u00f2mic i Social\">[+] <\/a><\/div>\n","protected":false},"author":12,"featured_media":126023,"comment_status":"open","ping_status":"open","sticky":false,"template":"","format":"standard","meta":{"footnotes":""},"categories":[10911,10948,10894,10912,10947,10896],"tags":[10913,13237,10914],"class_list":["post-174035","post","type-post","status-publish","format-standard","has-post-thumbnail","category-bunol-ca","category-infraestructuras-ca","category-la-comarca-ca","category-la-hoya-ca","category-politica","category-seccion-ca","tag-bunol-ca","tag-consejo-economico-y-social-ca","tag-la-hoya-de-bunol-chiva-ca"],"_links":{"self":[{"href":"https:\/\/tucomarca.whitekongsoftware.com\/ca\/wp-json\/wp\/v2\/posts\/174035","targetHints":{"allow":["GET"]}}],"collection":[{"href":"https:\/\/tucomarca.whitekongsoftware.com\/ca\/wp-json\/wp\/v2\/posts"}],"about":[{"href":"https:\/\/tucomarca.whitekongsoftware.com\/ca\/wp-json\/wp\/v2\/types\/post"}],"author":[{"embeddable":true,"href":"https:\/\/tucomarca.whitekongsoftware.com\/ca\/wp-json\/wp\/v2\/users\/12"}],"replies":[{"embeddable":true,"href":"https:\/\/tucomarca.whitekongsoftware.com\/ca\/wp-json\/wp\/v2\/comments?post=174035"}],"version-history":[{"count":0,"href":"https:\/\/tucomarca.whitekongsoftware.com\/ca\/wp-json\/wp\/v2\/posts\/174035\/revisions"}],"wp:featuredmedia":[{"embeddable":true,"href":"https:\/\/tucomarca.whitekongsoftware.com\/ca\/wp-json\/wp\/v2\/media\/126023"}],"wp:attachment":[{"href":"https:\/\/tucomarca.whitekongsoftware.com\/ca\/wp-json\/wp\/v2\/media?parent=174035"}],"wp:term":[{"taxonomy":"category","embeddable":true,"href":"https:\/\/tucomarca.whitekongsoftware.com\/ca\/wp-json\/wp\/v2\/categories?post=174035"},{"taxonomy":"post_tag","embeddable":true,"href":"https:\/\/tucomarca.whitekongsoftware.com\/ca\/wp-json\/wp\/v2\/tags?post=174035"}],"curies":[{"name":"wp","href":"https:\/\/api.w.org\/{rel}","templated":true}]}}