{"id":174015,"date":"2022-12-13T14:15:00","date_gmt":"2022-12-13T12:15:00","guid":{"rendered":"https:\/\/www.tucomarca.com\/wordpress\/segunda\/?p=174015"},"modified":"2022-12-14T11:34:43","modified_gmt":"2022-12-14T09:34:43","slug":"un-home-de-56-anys-ates-per-inhalacio-de-fum-despres-de-lincendi-de-la-seua-casa-a-camporrobles","status":"publish","type":"post","link":"https:\/\/tucomarca.whitekongsoftware.com\/ca\/un-home-de-56-anys-ates-per-inhalacio-de-fum-despres-de-lincendi-de-la-seua-casa-a-camporrobles\/","title":{"rendered":"Un home de 56 anys at\u00e9s per inhalaci\u00f3 de fum despr\u00e9s de l&#8217;incendi de la seua casa a Camporrobles"},"content":{"rendered":"\n<h4 class=\"wp-block-heading\">Una unitat de Servei Vital B\u00e0sic va atendre l&#8217;home en el seu habitatge&nbsp;<\/h4>\n\n\n\n<h4 class=\"wp-block-heading\">El foc es va originar dilluns a la nit i sobre les 23,10 hores es va rebre l&#8217;av\u00eds<\/h4>\n\n\n\n<p class=\"wp-block-paragraph\">El Centre d&#8217;Informaci\u00f3 i Coordinaci\u00f3 d&#8217;Urg\u00e8ncies (CICU) va rebre l&#8217;av\u00eds d&#8217;un incendi en un habitatge en el cam\u00ed del Campillo del municipi\u00a0 de Camporrobles a les 23,10 de la nit de dilluns.<\/p>\n\n\n\n<p class=\"wp-block-paragraph\">Fins al lloc es va despla\u00e7ar una unitat de Suport Vital B\u00e0sic amb un metge d&#8217;Atenci\u00f3 Prim\u00e0ria per a atendre un home de 56 anys que va necessitar ajuda per inhalaci\u00f3 de fum.<\/p>\n\n\n\n<p class=\"wp-block-paragraph\">Despr\u00e9s de l&#8217;assist\u00e8ncia del servei m\u00e8dic, l&#8217;home va ser traslladat a l&#8217;Hospital de Requena en l&#8217;ambul\u00e0ncia per a rebre tractament en el centre sanitari. El seu estat no ha sigut comunicat ni pel centre hospitalari ni pels ve\u00efns.<\/p>\n\n\n\n<p class=\"wp-block-paragraph\"><\/p>\n","protected":false},"excerpt":{"rendered":"<div class=\"mh-excerpt\">Una unitat de Servei Vital B\u00e0sic va atendre l&#8217;home en el seu habitatge&nbsp; El foc es va originar dilluns a la nit i sobre les 23,10 hores es va rebre l&#8217;av\u00eds El Centre d&#8217;Informaci\u00f3 i <a class=\"mh-excerpt-more\" href=\"https:\/\/tucomarca.whitekongsoftware.com\/ca\/un-home-de-56-anys-ates-per-inhalacio-de-fum-despres-de-lincendi-de-la-seua-casa-a-camporrobles\/\" title=\"Un home de 56 anys at\u00e9s per inhalaci\u00f3 de fum despr\u00e9s de l&#8217;incendi de la seua casa a Camporrobles\">[+] <\/a><\/div>\n","protected":false},"author":12,"featured_media":174014,"comment_status":"open","ping_status":"open","sticky":false,"template":"","format":"standard","meta":{"footnotes":""},"categories":[11031,10898,10948,10894,10909,10896,10897],"tags":[11098,12755,10910],"class_list":["post-174015","post","type-post","status-publish","format-standard","has-post-thumbnail","category-camporrobles-ca","category-ventana-ca","category-infraestructuras-ca","category-la-comarca-ca","category-requena-utiel-ca","category-seccion-ca","category-sucesos-la-comarca-ca","tag-camporrobles-ca","tag-incendio-ca","tag-requena-utiel-ca"],"_links":{"self":[{"href":"https:\/\/tucomarca.whitekongsoftware.com\/ca\/wp-json\/wp\/v2\/posts\/174015","targetHints":{"allow":["GET"]}}],"collection":[{"href":"https:\/\/tucomarca.whitekongsoftware.com\/ca\/wp-json\/wp\/v2\/posts"}],"about":[{"href":"https:\/\/tucomarca.whitekongsoftware.com\/ca\/wp-json\/wp\/v2\/types\/post"}],"author":[{"embeddable":true,"href":"https:\/\/tucomarca.whitekongsoftware.com\/ca\/wp-json\/wp\/v2\/users\/12"}],"replies":[{"embeddable":true,"href":"https:\/\/tucomarca.whitekongsoftware.com\/ca\/wp-json\/wp\/v2\/comments?post=174015"}],"version-history":[{"count":0,"href":"https:\/\/tucomarca.whitekongsoftware.com\/ca\/wp-json\/wp\/v2\/posts\/174015\/revisions"}],"wp:featuredmedia":[{"embeddable":true,"href":"https:\/\/tucomarca.whitekongsoftware.com\/ca\/wp-json\/wp\/v2\/media\/174014"}],"wp:attachment":[{"href":"https:\/\/tucomarca.whitekongsoftware.com\/ca\/wp-json\/wp\/v2\/media?parent=174015"}],"wp:term":[{"taxonomy":"category","embeddable":true,"href":"https:\/\/tucomarca.whitekongsoftware.com\/ca\/wp-json\/wp\/v2\/categories?post=174015"},{"taxonomy":"post_tag","embeddable":true,"href":"https:\/\/tucomarca.whitekongsoftware.com\/ca\/wp-json\/wp\/v2\/tags?post=174015"}],"curies":[{"name":"wp","href":"https:\/\/api.w.org\/{rel}","templated":true}]}}