{"id":173958,"date":"2022-12-12T14:00:00","date_gmt":"2022-12-12T12:00:00","guid":{"rendered":"https:\/\/www.tucomarca.com\/wordpress\/segunda\/?p=173958"},"modified":"2022-12-13T01:27:29","modified_gmt":"2022-12-12T23:27:29","slug":"xest-celebra-el-25-aniversari-de-la-mostra-de-teatre-no-professional-amb-una-gala-lestrena-del-documental-xest-terra-de-teatre-i-un-reconeixement-als-grups-locals-de-teatre","status":"publish","type":"post","link":"https:\/\/tucomarca.whitekongsoftware.com\/ca\/xest-celebra-el-25-aniversari-de-la-mostra-de-teatre-no-professional-amb-una-gala-lestrena-del-documental-xest-terra-de-teatre-i-un-reconeixement-als-grups-locals-de-teatre\/","title":{"rendered":"Xest celebra el 25 aniversari de la Mostra de teatre no professional amb una gala, l&#8217;estrena del documental &#8216;Xest, terra de teatre&#8217; i un reconeixement als grups locals de teatre"},"content":{"rendered":"\n<p class=\"wp-block-paragraph\">La XXV Mostra de Teatre No Professional de Xest va finalitzar ahir, diumenge 11 de desembre, amb la celebraci\u00f3 d&#8217;una gala commemorativa en la qual es va estrenar el documental Xest, terra de teatre i es va homenatjar els grups locals de teatre.<\/p>\n\n\n\n<p class=\"wp-block-paragraph\">La gala va comptar amb l&#8217;actuaci\u00f3 de No\u00e8lia P\u00e9rez i Josep Zapater, de la companyia Cashalada, els qui van anar introduint cada esdeveniment de l&#8217;acte amb can\u00e7ons personalitzades, a trav\u00e9s de les que van fer un recorregut pels 25 anys de mostra a Xest, subratllant la labor del jurat, de les companyies participants, dels grups locals i del p\u00fablic.<\/p>\n\n\n\n<p class=\"wp-block-paragraph\">\u201cLa celebraci\u00f3 del 25 aniversari ha estat carregada d&#8217;emoci\u00f3. D&#8217;una banda, aquesta XXV Mostra ha suposat un \u00e8xit m\u00e9s per a les companyies de teatre de Xest: tant Far\u00e0ndula Teatre, amb B\u00fanquer, com Al comp\u00e0s, amb Hui no em puc al\u00e7ar, ens van oferir dos espectacles meravellosos que han obert i tancat aquesta edici\u00f3 tan especial. D&#8217;altra banda, l&#8217;actuaci\u00f3 de totes les companyies que han participat ha sigut un recordatori de la qualitat de la nostra Mostra de Teatre i el Liceu s&#8217;ha omplit m\u00e9s que mai en les representacions\u201d, manifesta la regidora de Cultura, M\u00aa \u00c1ngeles Llorente. \u201cLa gala de clausura tamb\u00e9 ha sigut molt emotiva, guiada pels artistes de Cashalada de manera entranyable i amb la projecci\u00f3 d&#8217;un documental que plasma l&#8217;afici\u00f3 teatral que hi ha en aquest poble i que deixa const\u00e0ncia dels 25 anys de la Mostra, a m\u00e9s de posar en valor aquest esdeveniment cultural que cal continuar impulsant i mantenint\u201d.<\/p>\n\n\n\n<p class=\"wp-block-paragraph\"><strong>Premis d&#8217;honor a les associacions teatrals de Xest<br><\/strong>Tal com van explicar els conductors de la gala, en aquesta vint-i-cinquena edici\u00f3 de la Mostra no s&#8217;ha celebrat el tradicional concurs, sin\u00f3 que s&#8217;han programat actuacions de companyies premiades en altres edicions, per la qual cosa el lliurament de premis es va dedicar a les associacions teatrals locals, per a recon\u00e9ixer la seua labor cultural i la seua implicaci\u00f3 en el desenvolupament de totes les edicions de la Mostra de Teatre.<\/p>\n\n\n\n<p class=\"wp-block-paragraph\">Per aix\u00f2, representants de les quatre agrupacions de teatre de Xest van pujar a l&#8217;escenari a recollir un Premi honor\u00edfic, de la m\u00e0 de la regidora de Cultura, M\u00aa \u00c1ngeles Llorente, acompanyada per l&#8217;alcalde de Xest i membres de la corporaci\u00f3 municipal. D&#8217;igual forma, es va dedicar un reconeixement a la Federaci\u00f3 de Teatre Amateur de la Comunitat Valenciana, pel seu suport a la Mostra de Teatre No Professional de Xest al llarg de tota la seua traject\u00f2ria. Va recollir el premi el president de la Federaci\u00f3, Mat\u00edas Gonz\u00e1lez Pinos.<\/p>\n\n\n\n<p class=\"wp-block-paragraph\"><strong>Documental Xest, terra de teatre<br><\/strong>L&#8217;estrena del documental Xest, terra de teatre, va protagonitzar la part central de la gala. Aquesta cinta fa un recorregut per la traject\u00f2ria de la Mostra de Teatre No Professional de Xest, veient en retrospectiva l&#8217;afici\u00f3 teatral que sempre ha existit en la poblaci\u00f3 i mostrant el present teatral en el municipi, amb tres grups de teatre en actiu. \u201cLa finalitat de fer aquest documental \u00e9s que la Mostra forme part de la nostra mem\u00f2ria hist\u00f2rica, per a deixar const\u00e0ncia de la import\u00e0ncia que a Xest comptem amb aquest esdeveniment cultural d&#8217;\u00e0mbit estatal i de gran qualitat que ha perviscut durant 25 anys i que espere que continue celebrant-se molts altres anys m\u00e9s\u201d, declara Llorente.<\/p>\n\n\n\n<figure class=\"wp-block-gallery has-nested-images columns-2 is-cropped wp-block-gallery-1 is-layout-flex wp-block-gallery-is-layout-flex\">\n<figure class=\"wp-block-image size-large\"><img loading=\"lazy\" decoding=\"async\" width=\"886\" height=\"590\" data-id=\"173942\" src=\"http:\/\/www.tucomarca.com\/wordpress\/segunda\/wp-content\/uploads\/2022\/12\/Cheste_25AniversarioMuestraTeatro_02.jpg\" alt=\"\" class=\"wp-image-173942\" srcset=\"https:\/\/tucomarca.whitekongsoftware.com\/wp-content\/uploads\/2022\/12\/Cheste_25AniversarioMuestraTeatro_02.jpg 886w, https:\/\/tucomarca.whitekongsoftware.com\/wp-content\/uploads\/2022\/12\/Cheste_25AniversarioMuestraTeatro_02-300x200.jpg 300w, https:\/\/tucomarca.whitekongsoftware.com\/wp-content\/uploads\/2022\/12\/Cheste_25AniversarioMuestraTeatro_02-768x511.jpg 768w\" sizes=\"auto, (max-width: 886px) 100vw, 886px\" \/><\/figure>\n\n\n\n<figure class=\"wp-block-image size-large\"><img loading=\"lazy\" decoding=\"async\" width=\"886\" height=\"591\" data-id=\"173940\" src=\"http:\/\/www.tucomarca.com\/wordpress\/segunda\/wp-content\/uploads\/2022\/12\/Cheste_25AniversarioMuestraTeatro_09.jpg\" alt=\"\" class=\"wp-image-173940\" srcset=\"https:\/\/tucomarca.whitekongsoftware.com\/wp-content\/uploads\/2022\/12\/Cheste_25AniversarioMuestraTeatro_09.jpg 886w, https:\/\/tucomarca.whitekongsoftware.com\/wp-content\/uploads\/2022\/12\/Cheste_25AniversarioMuestraTeatro_09-300x200.jpg 300w, https:\/\/tucomarca.whitekongsoftware.com\/wp-content\/uploads\/2022\/12\/Cheste_25AniversarioMuestraTeatro_09-768x512.jpg 768w\" sizes=\"auto, (max-width: 886px) 100vw, 886px\" \/><\/figure>\n\n\n\n<figure class=\"wp-block-image size-large\"><img loading=\"lazy\" decoding=\"async\" width=\"886\" height=\"591\" data-id=\"173938\" src=\"http:\/\/www.tucomarca.com\/wordpress\/segunda\/wp-content\/uploads\/2022\/12\/Cheste_25AniversarioMuestraTeatro_08.jpg\" alt=\"\" class=\"wp-image-173938\" srcset=\"https:\/\/tucomarca.whitekongsoftware.com\/wp-content\/uploads\/2022\/12\/Cheste_25AniversarioMuestraTeatro_08.jpg 886w, https:\/\/tucomarca.whitekongsoftware.com\/wp-content\/uploads\/2022\/12\/Cheste_25AniversarioMuestraTeatro_08-300x200.jpg 300w, https:\/\/tucomarca.whitekongsoftware.com\/wp-content\/uploads\/2022\/12\/Cheste_25AniversarioMuestraTeatro_08-768x512.jpg 768w\" sizes=\"auto, (max-width: 886px) 100vw, 886px\" \/><\/figure>\n\n\n\n<figure class=\"wp-block-image size-large\"><img loading=\"lazy\" decoding=\"async\" width=\"886\" height=\"591\" data-id=\"173952\" src=\"http:\/\/www.tucomarca.com\/wordpress\/segunda\/wp-content\/uploads\/2022\/12\/Cheste_25AniversarioMuestraTeatro_01.jpg\" alt=\"\" class=\"wp-image-173952\" srcset=\"https:\/\/tucomarca.whitekongsoftware.com\/wp-content\/uploads\/2022\/12\/Cheste_25AniversarioMuestraTeatro_01.jpg 886w, https:\/\/tucomarca.whitekongsoftware.com\/wp-content\/uploads\/2022\/12\/Cheste_25AniversarioMuestraTeatro_01-300x200.jpg 300w, https:\/\/tucomarca.whitekongsoftware.com\/wp-content\/uploads\/2022\/12\/Cheste_25AniversarioMuestraTeatro_01-768x512.jpg 768w\" sizes=\"auto, (max-width: 886px) 100vw, 886px\" \/><\/figure>\n\n\n\n<figure class=\"wp-block-image size-large\"><img loading=\"lazy\" decoding=\"async\" width=\"886\" height=\"591\" data-id=\"173944\" src=\"http:\/\/www.tucomarca.com\/wordpress\/segunda\/wp-content\/uploads\/2022\/12\/Cheste_25AniversarioMuestraTeatro_03.jpg\" alt=\"\" class=\"wp-image-173944\" srcset=\"https:\/\/tucomarca.whitekongsoftware.com\/wp-content\/uploads\/2022\/12\/Cheste_25AniversarioMuestraTeatro_03.jpg 886w, https:\/\/tucomarca.whitekongsoftware.com\/wp-content\/uploads\/2022\/12\/Cheste_25AniversarioMuestraTeatro_03-300x200.jpg 300w, https:\/\/tucomarca.whitekongsoftware.com\/wp-content\/uploads\/2022\/12\/Cheste_25AniversarioMuestraTeatro_03-768x512.jpg 768w\" sizes=\"auto, (max-width: 886px) 100vw, 886px\" \/><\/figure>\n\n\n\n<figure class=\"wp-block-image size-large\"><img loading=\"lazy\" decoding=\"async\" width=\"886\" height=\"591\" data-id=\"173946\" src=\"http:\/\/www.tucomarca.com\/wordpress\/segunda\/wp-content\/uploads\/2022\/12\/Cheste_25AniversarioMuestraTeatro_04.jpg\" alt=\"\" class=\"wp-image-173946\" srcset=\"https:\/\/tucomarca.whitekongsoftware.com\/wp-content\/uploads\/2022\/12\/Cheste_25AniversarioMuestraTeatro_04.jpg 886w, https:\/\/tucomarca.whitekongsoftware.com\/wp-content\/uploads\/2022\/12\/Cheste_25AniversarioMuestraTeatro_04-300x200.jpg 300w, https:\/\/tucomarca.whitekongsoftware.com\/wp-content\/uploads\/2022\/12\/Cheste_25AniversarioMuestraTeatro_04-768x512.jpg 768w\" sizes=\"auto, (max-width: 886px) 100vw, 886px\" \/><\/figure>\n\n\n\n<figure class=\"wp-block-image size-large\"><img loading=\"lazy\" decoding=\"async\" width=\"886\" height=\"591\" data-id=\"173948\" src=\"http:\/\/www.tucomarca.com\/wordpress\/segunda\/wp-content\/uploads\/2022\/12\/Cheste_25AniversarioMuestraTeatro_05.jpg\" alt=\"\" class=\"wp-image-173948\" srcset=\"https:\/\/tucomarca.whitekongsoftware.com\/wp-content\/uploads\/2022\/12\/Cheste_25AniversarioMuestraTeatro_05.jpg 886w, https:\/\/tucomarca.whitekongsoftware.com\/wp-content\/uploads\/2022\/12\/Cheste_25AniversarioMuestraTeatro_05-300x200.jpg 300w, https:\/\/tucomarca.whitekongsoftware.com\/wp-content\/uploads\/2022\/12\/Cheste_25AniversarioMuestraTeatro_05-768x512.jpg 768w\" sizes=\"auto, (max-width: 886px) 100vw, 886px\" \/><\/figure>\n\n\n\n<figure class=\"wp-block-image size-large\"><img loading=\"lazy\" decoding=\"async\" width=\"886\" height=\"591\" data-id=\"173950\" src=\"http:\/\/www.tucomarca.com\/wordpress\/segunda\/wp-content\/uploads\/2022\/12\/Cheste_25AniversarioMuestraTeatro_06.jpg\" alt=\"\" class=\"wp-image-173950\" srcset=\"https:\/\/tucomarca.whitekongsoftware.com\/wp-content\/uploads\/2022\/12\/Cheste_25AniversarioMuestraTeatro_06.jpg 886w, https:\/\/tucomarca.whitekongsoftware.com\/wp-content\/uploads\/2022\/12\/Cheste_25AniversarioMuestraTeatro_06-300x200.jpg 300w, https:\/\/tucomarca.whitekongsoftware.com\/wp-content\/uploads\/2022\/12\/Cheste_25AniversarioMuestraTeatro_06-768x512.jpg 768w\" sizes=\"auto, (max-width: 886px) 100vw, 886px\" \/><\/figure>\n<\/figure>\n","protected":false},"excerpt":{"rendered":"<div class=\"mh-excerpt\">La XXV Mostra de Teatre No Professional de Xest va finalitzar ahir, diumenge 11 de desembre, amb la celebraci\u00f3 d&#8217;una gala commemorativa en la qual es va estrenar el documental Xest, terra de teatre i <a class=\"mh-excerpt-more\" href=\"https:\/\/tucomarca.whitekongsoftware.com\/ca\/xest-celebra-el-25-aniversari-de-la-mostra-de-teatre-no-professional-amb-una-gala-lestrena-del-documental-xest-terra-de-teatre-i-un-reconeixement-als-grups-locals-de-teatre\/\" title=\"Xest celebra el 25 aniversari de la Mostra de teatre no professional amb una gala, l&#8217;estrena del documental &#8216;Xest, terra de teatre&#8217; i un reconeixement als grups locals de teatre\">[+] <\/a><\/div>\n","protected":false},"author":12,"featured_media":173955,"comment_status":"open","ping_status":"open","sticky":false,"template":"","format":"gallery","meta":{"footnotes":""},"categories":[10898,10894,10912,11007,10896,10974],"tags":[11071,10914],"class_list":["post-173958","post","type-post","status-publish","format-gallery","has-post-thumbnail","category-ventana-ca","category-la-comarca-ca","category-la-hoya-ca","category-ocio-y-cultura-ca","category-seccion-ca","category-cheste-ca","tag-cheste","tag-la-hoya-de-bunol-chiva-ca","post_format-post-format-gallery"],"_links":{"self":[{"href":"https:\/\/tucomarca.whitekongsoftware.com\/ca\/wp-json\/wp\/v2\/posts\/173958","targetHints":{"allow":["GET"]}}],"collection":[{"href":"https:\/\/tucomarca.whitekongsoftware.com\/ca\/wp-json\/wp\/v2\/posts"}],"about":[{"href":"https:\/\/tucomarca.whitekongsoftware.com\/ca\/wp-json\/wp\/v2\/types\/post"}],"author":[{"embeddable":true,"href":"https:\/\/tucomarca.whitekongsoftware.com\/ca\/wp-json\/wp\/v2\/users\/12"}],"replies":[{"embeddable":true,"href":"https:\/\/tucomarca.whitekongsoftware.com\/ca\/wp-json\/wp\/v2\/comments?post=173958"}],"version-history":[{"count":0,"href":"https:\/\/tucomarca.whitekongsoftware.com\/ca\/wp-json\/wp\/v2\/posts\/173958\/revisions"}],"wp:featuredmedia":[{"embeddable":true,"href":"https:\/\/tucomarca.whitekongsoftware.com\/ca\/wp-json\/wp\/v2\/media\/173955"}],"wp:attachment":[{"href":"https:\/\/tucomarca.whitekongsoftware.com\/ca\/wp-json\/wp\/v2\/media?parent=173958"}],"wp:term":[{"taxonomy":"category","embeddable":true,"href":"https:\/\/tucomarca.whitekongsoftware.com\/ca\/wp-json\/wp\/v2\/categories?post=173958"},{"taxonomy":"post_tag","embeddable":true,"href":"https:\/\/tucomarca.whitekongsoftware.com\/ca\/wp-json\/wp\/v2\/tags?post=173958"}],"curies":[{"name":"wp","href":"https:\/\/api.w.org\/{rel}","templated":true}]}}