{"id":173778,"date":"2022-12-08T18:00:00","date_gmt":"2022-12-08T16:00:00","guid":{"rendered":"https:\/\/www.tucomarca.com\/wordpress\/segunda\/?p=173778"},"modified":"2022-12-08T23:18:06","modified_gmt":"2022-12-08T21:18:06","slug":"el-tsj-avala-el-dret-a-vendres-com-a-cava-de-requena","status":"publish","type":"post","link":"https:\/\/tucomarca.whitekongsoftware.com\/ca\/el-tsj-avala-el-dret-a-vendres-com-a-cava-de-requena\/","title":{"rendered":"El TSJ avala el dret a vendre&#8217;s com a cava de Requena"},"content":{"rendered":"\n<p class=\"wp-block-paragraph\">La secci\u00f3 quarta de la sala contenciosa administrativa del Tribunal Superior de Just\u00edcia de Madrid ha estimat el recurs presentat per la Generalitat i l&#8217;Associaci\u00f3 d&#8217;Elaboradors de Cava de Requena contra la pretensi\u00f3 del consell regulador de la Denominaci\u00f3 d&#8217;Origen (DO) Cava d&#8217;impedir als espumosos elaborats en l&#8217;en municipi de Requena l&#8217;\u00fas d&#8217;aquesta identificaci\u00f3 del seu origen i ha reconegut el dret que assisteix als elaboradors valencians a usar el nom del terme municipal de &#8216;Requena&#8217; en la comercialitzaci\u00f3 dels seus espumosos.<\/p>\n\n\n\n<p class=\"wp-block-paragraph\">Despr\u00e9s de con\u00e9ixer la sent\u00e8ncia, la consellera d&#8217;Agricultura, Isaura Navarro, ha assenyalat que es tracta de &#8220;un gran \u00e8xit&#8221; que ens permet &#8220;continuar creixent en la promoci\u00f3 del cava de gran qualitat de Requena, la nostra marca de proximitat&#8221;.<\/p>\n\n\n\n<p class=\"wp-block-paragraph\">&#8220;Esperem que siga un revulsiu m\u00e9s de cara a la seua promoci\u00f3 en dates tan assenyalades com les festes de Nadal, que se sumar\u00e0 a l&#8217;acte promocional que ja vam fer la setmana passada amb el 8\u00e9 Brindis del Cava de Requena&#8221;, ha agregat.<\/p>\n\n\n\n<p class=\"wp-block-paragraph\">L&#8217;Associaci\u00f3 d&#8217;Elaboradors de Cava de Requena ha valorat positivament l&#8217;estimaci\u00f3 per part del Tribunal Superior de Just\u00edcia de Madrid del recurs presentat al costat de la Generalitat contra la pretensi\u00f3 del consell regulador de la Denominaci\u00f3 d&#8217;Origen (DO) Cava d&#8217;impedir als espumosos elaborats en el municipi de Requena (Val\u00e8ncia) l&#8217;\u00fas d&#8217;aquesta identificaci\u00f3 del seu origen, i ha celebrat que la sent\u00e8ncia \u00e9s &#8220;el millor regal de Nadal que pod\u00edem rebre&#8221;.<\/p>\n\n\n\n<p class=\"wp-block-paragraph\"><\/p>\n","protected":false},"excerpt":{"rendered":"<div class=\"mh-excerpt\">La secci\u00f3 quarta de la sala contenciosa administrativa del Tribunal Superior de Just\u00edcia de Madrid ha estimat el recurs presentat per la Generalitat i l&#8217;Associaci\u00f3 d&#8217;Elaboradors de Cava de Requena contra la pretensi\u00f3 del consell <a class=\"mh-excerpt-more\" href=\"https:\/\/tucomarca.whitekongsoftware.com\/ca\/el-tsj-avala-el-dret-a-vendres-com-a-cava-de-requena\/\" title=\"El TSJ avala el dret a vendre&#8217;s com a cava de Requena\">[+] <\/a><\/div>\n","protected":false},"author":12,"featured_media":170201,"comment_status":"open","ping_status":"open","sticky":false,"template":"","format":"standard","meta":{"footnotes":""},"categories":[11006,10898,10894,10904,11007,10908,10909,10896],"tags":[13148,11099,10910],"class_list":["post-173778","post","type-post","status-publish","format-standard","has-post-thumbnail","category-canal-vinos","category-ventana-ca","category-la-comarca-ca","category-sin-categorizar-ca","category-ocio-y-cultura-ca","category-requena-ca","category-requena-utiel-ca","category-seccion-ca","tag-cava-de-requena-ca","tag-requena-ca","tag-requena-utiel-ca"],"_links":{"self":[{"href":"https:\/\/tucomarca.whitekongsoftware.com\/ca\/wp-json\/wp\/v2\/posts\/173778","targetHints":{"allow":["GET"]}}],"collection":[{"href":"https:\/\/tucomarca.whitekongsoftware.com\/ca\/wp-json\/wp\/v2\/posts"}],"about":[{"href":"https:\/\/tucomarca.whitekongsoftware.com\/ca\/wp-json\/wp\/v2\/types\/post"}],"author":[{"embeddable":true,"href":"https:\/\/tucomarca.whitekongsoftware.com\/ca\/wp-json\/wp\/v2\/users\/12"}],"replies":[{"embeddable":true,"href":"https:\/\/tucomarca.whitekongsoftware.com\/ca\/wp-json\/wp\/v2\/comments?post=173778"}],"version-history":[{"count":0,"href":"https:\/\/tucomarca.whitekongsoftware.com\/ca\/wp-json\/wp\/v2\/posts\/173778\/revisions"}],"wp:featuredmedia":[{"embeddable":true,"href":"https:\/\/tucomarca.whitekongsoftware.com\/ca\/wp-json\/wp\/v2\/media\/170201"}],"wp:attachment":[{"href":"https:\/\/tucomarca.whitekongsoftware.com\/ca\/wp-json\/wp\/v2\/media?parent=173778"}],"wp:term":[{"taxonomy":"category","embeddable":true,"href":"https:\/\/tucomarca.whitekongsoftware.com\/ca\/wp-json\/wp\/v2\/categories?post=173778"},{"taxonomy":"post_tag","embeddable":true,"href":"https:\/\/tucomarca.whitekongsoftware.com\/ca\/wp-json\/wp\/v2\/tags?post=173778"}],"curies":[{"name":"wp","href":"https:\/\/api.w.org\/{rel}","templated":true}]}}