{"id":173756,"date":"2022-12-07T13:35:00","date_gmt":"2022-12-07T11:35:00","guid":{"rendered":"https:\/\/www.tucomarca.com\/wordpress\/segunda\/?p=173756"},"modified":"2022-12-07T20:34:48","modified_gmt":"2022-12-07T18:34:48","slug":"el-consorcio-camino-del-cid-convoca-la-xi-edicio-del-premio-alvar-fanez","status":"publish","type":"post","link":"https:\/\/tucomarca.whitekongsoftware.com\/ca\/el-consorcio-camino-del-cid-convoca-la-xi-edicio-del-premio-alvar-fanez\/","title":{"rendered":"El Consorcio Camino del Cid convoca la XI edici\u00f3 del Premio \u00c1lvar F\u00e1\u00f1ez"},"content":{"rendered":"\n<h4 class=\"wp-block-heading\">El certamen, dotat amb 2.000 euros, premiar\u00e0 un projecte o activitat significatius que tinguen per objecte la difusi\u00f3, dinamitzaci\u00f3 o conservaci\u00f3 del Camino del Cid o del llegat&nbsp;<em>cidiano<\/em>&nbsp;a trav\u00e9s d&#8217;actuacions localitzades en almenys una poblaci\u00f3 de la ruta<\/h4>\n\n\n\n<p class=\"wp-block-paragraph\">El Consorcio Camino del Cid ha convocat la XI edici\u00f3 del Premio \u00c1lvar F\u00e1\u00f1ez, un guard\u00f3 que t\u00e9 com a objectiu premiar un projecte significatiu que, previst per a realitzar-se en 2023, tinga per finalitat la difusi\u00f3, dinamitzaci\u00f3 o conservaci\u00f3 del Camino del Cid, del llegat <em>cidiano<\/em> o b\u00e9 la commemoraci\u00f3 del pas i pres\u00e8ncia del Cid a trav\u00e9s de diferents activitats localitzades en almenys una poblaci\u00f3 inclosa en este itinerari tur\u00edstic-cultural.<\/p>\n\n\n\n<p class=\"wp-block-paragraph\">Aix\u00ed, el Consorcio fa refer\u00e8ncia a projectes relacionats amb la recuperaci\u00f3 i conservaci\u00f3 dels camins o senyalitzaci\u00f3 d&#8217;estos, edicions de publicacions de singular inter\u00e9s, festes de contingut <em>cidiano<\/em>, representacions populars, marxes, trobades, xarrades i confer\u00e8ncies, entre altres iniciatives.<\/p>\n\n\n\n<p class=\"wp-block-paragraph\">En el Premio \u00c1lvar F\u00e1\u00f1ez podran participar totes aquelles associacions sense \u00e0nim de lucre situades en alguna de les huit prov\u00edncies que formen part del Camino del Cid, entre les quals est\u00e1 la de Val\u00e8ncia; a m\u00e9s de Burgos, Soria, Guadalajara, Zaragoza, Teruel, Castell\u00f3 i Alacant.<\/p>\n\n\n\n<p class=\"wp-block-paragraph\">Fins ara, m\u00e9s de mig centenar d&#8217;associacions han participat en este certamen que ha valorat un total de 89 projectes. El Premio \u00c1lvar F\u00e1\u00f1ez t\u00e9 una dotaci\u00f3 econ\u00f2mica de 2.000 euros.<\/p>\n\n\n\n<p class=\"wp-block-paragraph\">Les associacions interessades a participar poden enviar el seu projecte fins al 15 de mar\u00e7 de 2023 b\u00e9 en format pdf a trav\u00e9s del correu electr\u00f2nic info@caminodelcid.org o b\u00e9 en paper, remetent la proposta a la seu del Consorcio Camino del Cid, situada en la C\/ Madrid, 24, 09002, Burgos.<\/p>\n\n\n\n<p class=\"wp-block-paragraph\"><\/p>\n","protected":false},"excerpt":{"rendered":"<div class=\"mh-excerpt\">El certamen, dotat amb 2.000 euros, premiar\u00e0 un projecte o activitat significatius que tinguen per objecte la difusi\u00f3, dinamitzaci\u00f3 o conservaci\u00f3 del Camino del Cid o del llegat&nbsp;cidiano&nbsp;a trav\u00e9s d&#8217;actuacions localitzades en almenys una poblaci\u00f3 <a class=\"mh-excerpt-more\" href=\"https:\/\/tucomarca.whitekongsoftware.com\/ca\/el-consorcio-camino-del-cid-convoca-la-xi-edicio-del-premio-alvar-fanez\/\" title=\"El Consorcio Camino del Cid convoca la XI edici\u00f3 del Premio \u00c1lvar F\u00e1\u00f1ez\">[+] <\/a><\/div>\n","protected":false},"author":12,"featured_media":173755,"comment_status":"open","ping_status":"open","sticky":false,"template":"","format":"standard","meta":{"footnotes":""},"categories":[11019,10894,10904,10896],"tags":[18459,11246,18460],"class_list":["post-173756","post","type-post","status-publish","format-standard","has-post-thumbnail","category-agenda-ca","category-la-comarca-ca","category-sin-categorizar-ca","category-seccion-ca","tag-camino-del-cid-ca","tag-diputacio-de-valencia-ca","tag-premio-alvar-fanez-ca"],"_links":{"self":[{"href":"https:\/\/tucomarca.whitekongsoftware.com\/ca\/wp-json\/wp\/v2\/posts\/173756","targetHints":{"allow":["GET"]}}],"collection":[{"href":"https:\/\/tucomarca.whitekongsoftware.com\/ca\/wp-json\/wp\/v2\/posts"}],"about":[{"href":"https:\/\/tucomarca.whitekongsoftware.com\/ca\/wp-json\/wp\/v2\/types\/post"}],"author":[{"embeddable":true,"href":"https:\/\/tucomarca.whitekongsoftware.com\/ca\/wp-json\/wp\/v2\/users\/12"}],"replies":[{"embeddable":true,"href":"https:\/\/tucomarca.whitekongsoftware.com\/ca\/wp-json\/wp\/v2\/comments?post=173756"}],"version-history":[{"count":0,"href":"https:\/\/tucomarca.whitekongsoftware.com\/ca\/wp-json\/wp\/v2\/posts\/173756\/revisions"}],"wp:featuredmedia":[{"embeddable":true,"href":"https:\/\/tucomarca.whitekongsoftware.com\/ca\/wp-json\/wp\/v2\/media\/173755"}],"wp:attachment":[{"href":"https:\/\/tucomarca.whitekongsoftware.com\/ca\/wp-json\/wp\/v2\/media?parent=173756"}],"wp:term":[{"taxonomy":"category","embeddable":true,"href":"https:\/\/tucomarca.whitekongsoftware.com\/ca\/wp-json\/wp\/v2\/categories?post=173756"},{"taxonomy":"post_tag","embeddable":true,"href":"https:\/\/tucomarca.whitekongsoftware.com\/ca\/wp-json\/wp\/v2\/tags?post=173756"}],"curies":[{"name":"wp","href":"https:\/\/api.w.org\/{rel}","templated":true}]}}