{"id":173741,"date":"2022-12-07T12:00:00","date_gmt":"2022-12-07T10:00:00","guid":{"rendered":"https:\/\/www.tucomarca.com\/wordpress\/segunda\/?p=173741"},"modified":"2022-12-07T17:05:56","modified_gmt":"2022-12-07T15:05:56","slug":"els-monologuistes-jajajers-obrin-la-programacio-nadalenca-que-es-realitzara-en-la-carpa-de-la-placa-doctor-cajal-de-xest","status":"publish","type":"post","link":"https:\/\/tucomarca.whitekongsoftware.com\/ca\/els-monologuistes-jajajers-obrin-la-programacio-nadalenca-que-es-realitzara-en-la-carpa-de-la-placa-doctor-cajal-de-xest\/","title":{"rendered":"Els monologuistes Jajajers obrin la programaci\u00f3 nadalenca que es realitzar\u00e0 en la carpa de la pla\u00e7a Doctor Cajal de Xest"},"content":{"rendered":"\n<p class=\"wp-block-paragraph\">Ahir, dimarts 6 de desembre, coincidint amb la festivitat del Dia de la Constituci\u00f3, va tindre lloc un mon\u00f2leg a c\u00e0rrec del duo c\u00f2mic Jajajers. L&#8217;esdeveniment, organitzat per les regidories de Festes i Comer\u00e7, es va realitzar en la carpa que s&#8217;ha instal\u00b7lat en la Pla\u00e7a Doctor Cajal per a dur a terme diferents activitats nadalenques.<br>El duo Jajajers est\u00e0 format per Jorge i Alex, els qui combinen en els seus espectacles m\u00fasica i mon\u00f2legs, fent refer\u00e8ncies a la societat valenciana. \u201cL&#8217;actuaci\u00f3 va tindre molt bon acolliment, i va comptar amb l&#8217;assist\u00e8ncia de m\u00e9s de 100 persones. Triem obrir el programa amb aquests monologuistes perqu\u00e8 el seu espectacle va dirigit a tots els p\u00fablics; ja que la nostra intenci\u00f3 \u00e9s que en aquests dies festius hi haja a Xest una completa oferta d&#8217;oci i entreteniment per a persones de totes les edats\u201d, ha apuntat la regidora de Comer\u00e7, Brenda Jim\u00e9nez.<br>Durant l&#8217;actuaci\u00f3, els monologuistes van interactuar amb el p\u00fablic i van fer acudits sobre la cultura valenciana, detenint-se en les festes populars o en la gastronomia, entre altres temes. De fet, un dels moments va estar protagonitzat per l&#8217;explicaci\u00f3, en clau d&#8217;humor, de com fer una paella valenciana.<br>Dem\u00e0, dijous 8 de desembre, de nou hi haur\u00e0 un esdeveniment en la carpa de l&#8217;Ajuntament, aquesta vegada dirigit a p\u00fablic adult: la realitzaci\u00f3 d&#8217;un tast de vins. El cap de setmana continuar\u00e0 la programaci\u00f3 amb la celebraci\u00f3 d&#8217;un \u201cTardeo remember\u201d, organitzat per al dissabte, 10 de desembre, a partir de les 18.00 h.<\/p>\n\n\n\n<p class=\"wp-block-paragraph\"><\/p>\n","protected":false},"excerpt":{"rendered":"<div class=\"mh-excerpt\">Ahir, dimarts 6 de desembre, coincidint amb la festivitat del Dia de la Constituci\u00f3, va tindre lloc un mon\u00f2leg a c\u00e0rrec del duo c\u00f2mic Jajajers. L&#8217;esdeveniment, organitzat per les regidories de Festes i Comer\u00e7, es <a class=\"mh-excerpt-more\" href=\"https:\/\/tucomarca.whitekongsoftware.com\/ca\/els-monologuistes-jajajers-obrin-la-programacio-nadalenca-que-es-realitzara-en-la-carpa-de-la-placa-doctor-cajal-de-xest\/\" title=\"Els monologuistes Jajajers obrin la programaci\u00f3 nadalenca que es realitzar\u00e0 en la carpa de la pla\u00e7a Doctor Cajal de Xest\">[+] <\/a><\/div>\n","protected":false},"author":12,"featured_media":173737,"comment_status":"open","ping_status":"open","sticky":false,"template":"","format":"standard","meta":{"footnotes":""},"categories":[11019,10894,10912,11007,10896,10974],"tags":[11071,10914,18456],"class_list":["post-173741","post","type-post","status-publish","format-standard","has-post-thumbnail","category-agenda-ca","category-la-comarca-ca","category-la-hoya-ca","category-ocio-y-cultura-ca","category-seccion-ca","category-cheste-ca","tag-cheste","tag-la-hoya-de-bunol-chiva-ca","tag-programacion-navidena-ca"],"_links":{"self":[{"href":"https:\/\/tucomarca.whitekongsoftware.com\/ca\/wp-json\/wp\/v2\/posts\/173741","targetHints":{"allow":["GET"]}}],"collection":[{"href":"https:\/\/tucomarca.whitekongsoftware.com\/ca\/wp-json\/wp\/v2\/posts"}],"about":[{"href":"https:\/\/tucomarca.whitekongsoftware.com\/ca\/wp-json\/wp\/v2\/types\/post"}],"author":[{"embeddable":true,"href":"https:\/\/tucomarca.whitekongsoftware.com\/ca\/wp-json\/wp\/v2\/users\/12"}],"replies":[{"embeddable":true,"href":"https:\/\/tucomarca.whitekongsoftware.com\/ca\/wp-json\/wp\/v2\/comments?post=173741"}],"version-history":[{"count":0,"href":"https:\/\/tucomarca.whitekongsoftware.com\/ca\/wp-json\/wp\/v2\/posts\/173741\/revisions"}],"wp:featuredmedia":[{"embeddable":true,"href":"https:\/\/tucomarca.whitekongsoftware.com\/ca\/wp-json\/wp\/v2\/media\/173737"}],"wp:attachment":[{"href":"https:\/\/tucomarca.whitekongsoftware.com\/ca\/wp-json\/wp\/v2\/media?parent=173741"}],"wp:term":[{"taxonomy":"category","embeddable":true,"href":"https:\/\/tucomarca.whitekongsoftware.com\/ca\/wp-json\/wp\/v2\/categories?post=173741"},{"taxonomy":"post_tag","embeddable":true,"href":"https:\/\/tucomarca.whitekongsoftware.com\/ca\/wp-json\/wp\/v2\/tags?post=173741"}],"curies":[{"name":"wp","href":"https:\/\/api.w.org\/{rel}","templated":true}]}}