{"id":173640,"date":"2022-12-05T17:00:00","date_gmt":"2022-12-05T15:00:00","guid":{"rendered":"https:\/\/www.tucomarca.com\/wordpress\/segunda\/?p=173640"},"modified":"2022-12-05T20:50:31","modified_gmt":"2022-12-05T18:50:31","slug":"les-falles-de-benaguasil-revelen-els-esbossos-dels-monuments-del-proxim-any","status":"publish","type":"post","link":"https:\/\/tucomarca.whitekongsoftware.com\/ca\/les-falles-de-benaguasil-revelen-els-esbossos-dels-monuments-del-proxim-any\/","title":{"rendered":"Les Falles de Benaguasil revelen els esbossos dels monuments del pr\u00f2xim any"},"content":{"rendered":"\n<h4 class=\"wp-block-heading\">Deu cavallets contenien el secret millor guardat, els dibuixos de cadascun dels esbossos.<br>L&#8217;Alcalde, Ximo Segarra, va abrigallar al col\u00b7lectiu faller en un acte molt esperat per tots ells.<\/h4>\n\n\n\n<figure class=\"wp-block-image size-large\"><img loading=\"lazy\" decoding=\"async\" width=\"1024\" height=\"289\" src=\"http:\/\/www.tucomarca.com\/wordpress\/segunda\/wp-content\/uploads\/2022\/12\/BenaguasilFallas-1024x289.jpg\" alt=\"\" class=\"wp-image-173637\" srcset=\"https:\/\/tucomarca.whitekongsoftware.com\/wp-content\/uploads\/2022\/12\/BenaguasilFallas-1024x289.jpg 1024w, https:\/\/tucomarca.whitekongsoftware.com\/wp-content\/uploads\/2022\/12\/BenaguasilFallas-300x85.jpg 300w, https:\/\/tucomarca.whitekongsoftware.com\/wp-content\/uploads\/2022\/12\/BenaguasilFallas-768x217.jpg 768w, https:\/\/tucomarca.whitekongsoftware.com\/wp-content\/uploads\/2022\/12\/BenaguasilFallas-1536x434.jpg 1536w, https:\/\/tucomarca.whitekongsoftware.com\/wp-content\/uploads\/2022\/12\/BenaguasilFallas.jpg 1600w\" sizes=\"auto, (max-width: 1024px) 100vw, 1024px\" \/><\/figure>\n\n\n\n<p class=\"wp-block-paragraph\">La Junta local Fallera de Benaguasil va celebrar dissabte passat l&#8217;acte en el qual les comissions falleres presenten davant el p\u00fablic els projectes de les seues falles grans i infantils de 2023.&nbsp;<br>Durant l&#8217;acte, celebrat en BClub, es va mostrar la uni\u00f3 del m\u00f3n faller que va estar representat per totes les comissions del municipi i encap\u00e7alades per les Falleres Majors de Benaguasil, Monti Arru\u00e9 i Ainhoa Gramuntell.<br>Un a un van anar pujant a l&#8217;escenari els presidents, presidentes i falleres majors i infantils de les comissions per a descobrir els monuments que plantaran el mes vinent de mar\u00e7, donar a con\u00e9ixer l&#8217;artista i explicar el disseny i la tem\u00e0tica plasmada.<br>Una vegada revelat el projecte els m\u00e0xims representants de les deu comissions van rebre una c\u00f2pia dels seus&nbsp;esbossos de mans de Monti i Ainhoa.<br>L&#8217;acte va estar presidit per l&#8217;alcalde de Benaguasil, Ximo Segarra, acompanyat de la regidor de Falles, Ana Aleixandre, i la presidenta de la Junta Local Fallera, Pepa Cano.<\/p>\n","protected":false},"excerpt":{"rendered":"<div class=\"mh-excerpt\">Deu cavallets contenien el secret millor guardat, els dibuixos de cadascun dels esbossos.L&#8217;Alcalde, Ximo Segarra, va abrigallar al col\u00b7lectiu faller en un acte molt esperat per tots ells. La Junta local Fallera de Benaguasil va <a class=\"mh-excerpt-more\" href=\"https:\/\/tucomarca.whitekongsoftware.com\/ca\/les-falles-de-benaguasil-revelen-els-esbossos-dels-monuments-del-proxim-any\/\" title=\"Les Falles de Benaguasil revelen els esbossos dels monuments del pr\u00f2xim any\">[+] <\/a><\/div>\n","protected":false},"author":12,"featured_media":173636,"comment_status":"open","ping_status":"open","sticky":false,"template":"","format":"standard","meta":{"footnotes":""},"categories":[10952,10892,10894,11004,11007,11008,10896],"tags":[11136,10899,18446],"class_list":["post-173640","post","type-post","status-publish","format-standard","has-post-thumbnail","category-benaguasil-ca","category-camp-de-turia-ca","category-la-comarca-ca","category-la-semana-en-imagenes-ca","category-ocio-y-cultura-ca","category-pueblos-en-fiestas-ca","category-seccion-ca","tag-benaguasil-ca","tag-camp-de-turia-ca","tag-fallas-de-benaguasil-ca"],"_links":{"self":[{"href":"https:\/\/tucomarca.whitekongsoftware.com\/ca\/wp-json\/wp\/v2\/posts\/173640","targetHints":{"allow":["GET"]}}],"collection":[{"href":"https:\/\/tucomarca.whitekongsoftware.com\/ca\/wp-json\/wp\/v2\/posts"}],"about":[{"href":"https:\/\/tucomarca.whitekongsoftware.com\/ca\/wp-json\/wp\/v2\/types\/post"}],"author":[{"embeddable":true,"href":"https:\/\/tucomarca.whitekongsoftware.com\/ca\/wp-json\/wp\/v2\/users\/12"}],"replies":[{"embeddable":true,"href":"https:\/\/tucomarca.whitekongsoftware.com\/ca\/wp-json\/wp\/v2\/comments?post=173640"}],"version-history":[{"count":0,"href":"https:\/\/tucomarca.whitekongsoftware.com\/ca\/wp-json\/wp\/v2\/posts\/173640\/revisions"}],"wp:featuredmedia":[{"embeddable":true,"href":"https:\/\/tucomarca.whitekongsoftware.com\/ca\/wp-json\/wp\/v2\/media\/173636"}],"wp:attachment":[{"href":"https:\/\/tucomarca.whitekongsoftware.com\/ca\/wp-json\/wp\/v2\/media?parent=173640"}],"wp:term":[{"taxonomy":"category","embeddable":true,"href":"https:\/\/tucomarca.whitekongsoftware.com\/ca\/wp-json\/wp\/v2\/categories?post=173640"},{"taxonomy":"post_tag","embeddable":true,"href":"https:\/\/tucomarca.whitekongsoftware.com\/ca\/wp-json\/wp\/v2\/tags?post=173640"}],"curies":[{"name":"wp","href":"https:\/\/api.w.org\/{rel}","templated":true}]}}