{"id":173620,"date":"2022-12-04T11:55:00","date_gmt":"2022-12-04T09:55:00","guid":{"rendered":"https:\/\/www.tucomarca.com\/wordpress\/segunda\/?p=173620"},"modified":"2022-12-05T20:39:22","modified_gmt":"2022-12-05T18:39:22","slug":"el-pspv-psoe-de-la-pobla-de-vallbona-homenatja-els-22-militants-amb-mes-de-25-anys-dantiguitat-al-partit","status":"publish","type":"post","link":"https:\/\/tucomarca.whitekongsoftware.com\/ca\/el-pspv-psoe-de-la-pobla-de-vallbona-homenatja-els-22-militants-amb-mes-de-25-anys-dantiguitat-al-partit\/","title":{"rendered":"El PSPV-PSOE de la Pobla de Vallbona homenatja els 22 militants amb m\u00e9s de 25 anys d\u2019antiguitat al partit&nbsp;"},"content":{"rendered":"\n<h4 class=\"wp-block-heading\">L\u2019agrupaci\u00f3 reconeix la fidelitat a l\u2019ideari i valors socialistes dels homenatjats&nbsp;<\/h4>\n\n\n\n<figure class=\"wp-block-image size-full\"><img loading=\"lazy\" decoding=\"async\" width=\"995\" height=\"547\" src=\"http:\/\/www.tucomarca.com\/wordpress\/segunda\/wp-content\/uploads\/2022\/12\/PSOE_LaPobla1.jpg\" alt=\"\" class=\"wp-image-173615\" srcset=\"https:\/\/tucomarca.whitekongsoftware.com\/wp-content\/uploads\/2022\/12\/PSOE_LaPobla1.jpg 995w, https:\/\/tucomarca.whitekongsoftware.com\/wp-content\/uploads\/2022\/12\/PSOE_LaPobla1-300x165.jpg 300w, https:\/\/tucomarca.whitekongsoftware.com\/wp-content\/uploads\/2022\/12\/PSOE_LaPobla1-768x422.jpg 768w\" sizes=\"auto, (max-width: 995px) 100vw, 995px\" \/><\/figure>\n\n\n\n<p class=\"wp-block-paragraph\">El PSPV-PSOE de la Pobla de Vallbona va realitzar ahir dissabte un acte d\u2019homenatge a tots els militants que tenen, actualment, m\u00e9s de 25 anys el carnet del partit. L\u2019esdeveniment va tindre lloc a la Casa Gran de la localitat en el decurs d\u2019un acte emotiu i entranyable al qual va assistir un grup nombr\u00f3s de militants i habitants del municipi.&nbsp;<\/p>\n\n\n\n<p class=\"wp-block-paragraph\">L\u2019acte va comptar amb la pres\u00e8ncia del Secretari General del PSPV-PSOE de la prov\u00edncia de Val\u00e8ncia, vicepresident de la Diputaci\u00f3 de Val\u00e8ncia i alcalde de Mislata, Carlos Gonz\u00e1lez Bielsa; la secretaria comarcal del PSPV-PSOE i presidenta de la Mancomunitat de Camp de T\u00faria, Lola Celda; el secretari general del PSPV-PSOE de la Pobla de Vallbona, Juan Pedro Serrano; la secret\u00e0ria d\u2019organitzaci\u00f3 del PSPV-PSOE de la Pobla de Vallbona, Luc\u00eda Sanchis; i la candidata a l\u2019alcaldia del PSPV-PSOE de la Pobla de Vallbona, Noem\u00ed Morales.&nbsp;<\/p>\n\n\n\n<p class=\"wp-block-paragraph\">En total, l\u2019agrupaci\u00f3 ha retut un homenatge a 22 militants socialistes que han mantingut la seua fidelitat al llarg de 25 anys al partit. Cadascun d\u2019ells va rebre un present i un diploma que n\u2019acredita l\u2019avinentesa. A m\u00e9s a m\u00e9s, tamb\u00e9 s\u2019hi va fer un reconeixement a les seues traject\u00f2ries personals i professionals i la seua tasca a l\u2019hora de defensar els valors que sustenten la social-democr\u00e0cia, com s\u00f3n la llibertat, la igualtat i la just\u00edcia social. &nbsp;<\/p>\n\n\n\n<p class=\"wp-block-paragraph\">La candidata socialista a l\u2019alcaldia de la Pobla de Vallbona, Noem\u00ed Morales, va aprofitar l\u2019acte \u201cper fer un reconeixement del gran treball que han fet tots i totes les companyes homenatjades, amb una gran experi\u00e8ncia i coneixements que m\u2019acompanyaran en el cam\u00ed cap a l\u2019alcaldia; s\u00f3n un exemple complet per la seua traject\u00f2ria i dedicaci\u00f3 que ha servit per construir un poble millor, m\u00e9s hum\u00e0, m\u00e9s solidari i socialment m\u00e9s just i democr\u00e0tic\u201d. &nbsp;<\/p>\n\n\n\n<p class=\"wp-block-paragraph\">Morales va acabar el seu parlament recordant que l\u2019homenatge \u201c\u00e9s una oportunitat per unir mem\u00f2ria democr\u00e0tica i afectivitat envers uns valors socials cada dia m\u00e9s importants a la nostra societat\u201d.<\/p>\n","protected":false},"excerpt":{"rendered":"<div class=\"mh-excerpt\">L\u2019agrupaci\u00f3 reconeix la fidelitat a l\u2019ideari i valors socialistes dels homenatjats&nbsp; El PSPV-PSOE de la Pobla de Vallbona va realitzar ahir dissabte un acte d\u2019homenatge a tots els militants que tenen, actualment, m\u00e9s de 25 <a class=\"mh-excerpt-more\" href=\"https:\/\/tucomarca.whitekongsoftware.com\/ca\/el-pspv-psoe-de-la-pobla-de-vallbona-homenatja-els-22-militants-amb-mes-de-25-anys-dantiguitat-al-partit\/\" title=\"El PSPV-PSOE de la Pobla de Vallbona homenatja els 22 militants amb m\u00e9s de 25 anys d\u2019antiguitat al partit&nbsp;\">[+] <\/a><\/div>\n","protected":false},"author":12,"featured_media":173618,"comment_status":"open","ping_status":"open","sticky":false,"template":"","format":"standard","meta":{"footnotes":""},"categories":[10892,10894,10915,10947,10896],"tags":[10899,18442,16806],"class_list":["post-173620","post","type-post","status-publish","format-standard","has-post-thumbnail","category-camp-de-turia-ca","category-la-comarca-ca","category-la-pobla-ca","category-politica","category-seccion-ca","tag-camp-de-turia-ca","tag-homenatge-ca","tag-pspv-psoe-pobla-de-vallbona-ca"],"_links":{"self":[{"href":"https:\/\/tucomarca.whitekongsoftware.com\/ca\/wp-json\/wp\/v2\/posts\/173620","targetHints":{"allow":["GET"]}}],"collection":[{"href":"https:\/\/tucomarca.whitekongsoftware.com\/ca\/wp-json\/wp\/v2\/posts"}],"about":[{"href":"https:\/\/tucomarca.whitekongsoftware.com\/ca\/wp-json\/wp\/v2\/types\/post"}],"author":[{"embeddable":true,"href":"https:\/\/tucomarca.whitekongsoftware.com\/ca\/wp-json\/wp\/v2\/users\/12"}],"replies":[{"embeddable":true,"href":"https:\/\/tucomarca.whitekongsoftware.com\/ca\/wp-json\/wp\/v2\/comments?post=173620"}],"version-history":[{"count":0,"href":"https:\/\/tucomarca.whitekongsoftware.com\/ca\/wp-json\/wp\/v2\/posts\/173620\/revisions"}],"wp:featuredmedia":[{"embeddable":true,"href":"https:\/\/tucomarca.whitekongsoftware.com\/ca\/wp-json\/wp\/v2\/media\/173618"}],"wp:attachment":[{"href":"https:\/\/tucomarca.whitekongsoftware.com\/ca\/wp-json\/wp\/v2\/media?parent=173620"}],"wp:term":[{"taxonomy":"category","embeddable":true,"href":"https:\/\/tucomarca.whitekongsoftware.com\/ca\/wp-json\/wp\/v2\/categories?post=173620"},{"taxonomy":"post_tag","embeddable":true,"href":"https:\/\/tucomarca.whitekongsoftware.com\/ca\/wp-json\/wp\/v2\/tags?post=173620"}],"curies":[{"name":"wp","href":"https:\/\/api.w.org\/{rel}","templated":true}]}}