{"id":173610,"date":"2022-12-05T12:45:00","date_gmt":"2022-12-05T10:45:00","guid":{"rendered":"https:\/\/www.tucomarca.com\/wordpress\/segunda\/?p=173610"},"modified":"2022-12-05T20:47:38","modified_gmt":"2022-12-05T18:47:38","slug":"el-cor-cultural-de-requena-i-la-gota-de-setaigues-participen-en-el-festival-de-cors-i-banda-de-musica-per-a-majors-de-torrent","status":"publish","type":"post","link":"https:\/\/tucomarca.whitekongsoftware.com\/ca\/el-cor-cultural-de-requena-i-la-gota-de-setaigues-participen-en-el-festival-de-cors-i-banda-de-musica-per-a-majors-de-torrent\/","title":{"rendered":"El Cor Cultural de Requena i la Gota de Setaig\u00fces participen en el Festival de cors i banda de m\u00fasica per a majors de Torrent"},"content":{"rendered":"\n<p class=\"wp-block-paragraph\">Persones majors de les associacions Cultural de la Tercera Edat de Requena i de la Gota, de Setaig\u00fces, assistiran diumenge que ve, 11 de desembre, al XVI Festival de Cors i Banda de Majors que se celebrar\u00e0 a l&#8217;auditori de Torrent. L&#8217;esdeveniment est\u00e0 organitzat per la Federaci\u00f3 d&#8217;Associacions de Ciutadans Majors de la Comunitat Valenciana (CIM).<br>Actuar\u00e0 el cor Amat de Val\u00e8ncia, la Coral-Rondalla de Pensionistes de Saix, el cor de Joios de Banyeres de Mariola i l&#8217;Agrupaci\u00f3 Musical de Veterans de Ribera del X\u00faquer. Informa, <strong>Luis Ib\u00e1\u00f1ez.<\/strong><\/p>\n\n\n\n<p class=\"wp-block-paragraph\"><\/p>\n","protected":false},"excerpt":{"rendered":"<div class=\"mh-excerpt\">Persones majors de les associacions Cultural de la Tercera Edat de Requena i de la Gota, de Setaig\u00fces, assistiran diumenge que ve, 11 de desembre, al XVI Festival de Cors i Banda de Majors que <a class=\"mh-excerpt-more\" href=\"https:\/\/tucomarca.whitekongsoftware.com\/ca\/el-cor-cultural-de-requena-i-la-gota-de-setaigues-participen-en-el-festival-de-cors-i-banda-de-musica-per-a-majors-de-torrent\/\" title=\"El Cor Cultural de Requena i la Gota de Setaig\u00fces participen en el Festival de cors i banda de m\u00fasica per a majors de Torrent\">[+] <\/a><\/div>\n","protected":false},"author":12,"featured_media":173609,"comment_status":"open","ping_status":"open","sticky":false,"template":"","format":"standard","meta":{"footnotes":""},"categories":[11019,11005,10894,10904,10912,11007,10908,10909,10896,10979],"tags":[18441,10914,11099,10910,11157],"class_list":["post-173610","post","type-post","status-publish","format-standard","has-post-thumbnail","category-agenda-ca","category-canal-musica","category-la-comarca-ca","category-sin-categorizar-ca","category-la-hoya-ca","category-ocio-y-cultura-ca","category-requena-ca","category-requena-utiel-ca","category-seccion-ca","category-siete-aguas-ca","tag-festival-de-coros-y-bandas-de-mayores-ca","tag-la-hoya-de-bunol-chiva-ca","tag-requena-ca","tag-requena-utiel-ca","tag-siete-aguas-ca"],"_links":{"self":[{"href":"https:\/\/tucomarca.whitekongsoftware.com\/ca\/wp-json\/wp\/v2\/posts\/173610","targetHints":{"allow":["GET"]}}],"collection":[{"href":"https:\/\/tucomarca.whitekongsoftware.com\/ca\/wp-json\/wp\/v2\/posts"}],"about":[{"href":"https:\/\/tucomarca.whitekongsoftware.com\/ca\/wp-json\/wp\/v2\/types\/post"}],"author":[{"embeddable":true,"href":"https:\/\/tucomarca.whitekongsoftware.com\/ca\/wp-json\/wp\/v2\/users\/12"}],"replies":[{"embeddable":true,"href":"https:\/\/tucomarca.whitekongsoftware.com\/ca\/wp-json\/wp\/v2\/comments?post=173610"}],"version-history":[{"count":0,"href":"https:\/\/tucomarca.whitekongsoftware.com\/ca\/wp-json\/wp\/v2\/posts\/173610\/revisions"}],"wp:featuredmedia":[{"embeddable":true,"href":"https:\/\/tucomarca.whitekongsoftware.com\/ca\/wp-json\/wp\/v2\/media\/173609"}],"wp:attachment":[{"href":"https:\/\/tucomarca.whitekongsoftware.com\/ca\/wp-json\/wp\/v2\/media?parent=173610"}],"wp:term":[{"taxonomy":"category","embeddable":true,"href":"https:\/\/tucomarca.whitekongsoftware.com\/ca\/wp-json\/wp\/v2\/categories?post=173610"},{"taxonomy":"post_tag","embeddable":true,"href":"https:\/\/tucomarca.whitekongsoftware.com\/ca\/wp-json\/wp\/v2\/tags?post=173610"}],"curies":[{"name":"wp","href":"https:\/\/api.w.org\/{rel}","templated":true}]}}