{"id":173585,"date":"2022-12-03T12:00:00","date_gmt":"2022-12-03T10:00:00","guid":{"rendered":"https:\/\/www.tucomarca.com\/wordpress\/segunda\/?p=173585"},"modified":"2022-12-05T14:22:31","modified_gmt":"2022-12-05T12:22:31","slug":"riba-roja-felicita-lescriptora-local-mar-benegas-despres-dobtindre-el-premi-cervantes-chico-de-literatura-infantil-i-juvenil-de-2022","status":"publish","type":"post","link":"https:\/\/tucomarca.whitekongsoftware.com\/ca\/riba-roja-felicita-lescriptora-local-mar-benegas-despres-dobtindre-el-premi-cervantes-chico-de-literatura-infantil-i-juvenil-de-2022\/","title":{"rendered":"Riba-roja felicita l&#8217;escriptora local Mar Benegas despr\u00e9s d&#8217;obtindre el Premi Cervantes Chico de literatura infantil i juvenil de 2022\u00a0"},"content":{"rendered":"\n<h4 class=\"wp-block-heading\">El ple de la corporaci\u00f3 aprova un reconeixement a Benegas per la seua traject\u00f2ria liter\u00e0ria i la seua contribuci\u00f3 a les lletres en l&#8217;\u00e0mbit infantil i adults jalonat de diversos premis i distincions&nbsp;<\/h4>\n\n\n\n<p class=\"wp-block-paragraph\">El ple de l&#8217;Ajuntament de Riba-roja de T\u00faria ha aprovat una felicitaci\u00f3 a l&#8217;escriptora local Mar Benegas per la seua traject\u00f2ria liter\u00e0ria despr\u00e9s d&#8217;obtindre el passat 19 d&#8217;octubre el Premi Cervantes Chico de Literatura Infantil i Juvenil organitzat pel consistori d&#8217;Alcal\u00e1 de Henares en la categoria principal corresponent a aquest mateix any. La proposta del ple municipal subratlla que Mar Benegas es distingeix per ser una escriptora en llengua castellana amb una traject\u00f2ria creadora en el camp dels treballs de la literatura infantil i juvenil.&nbsp;<\/p>\n\n\n\n<p class=\"wp-block-paragraph\">La proposta de l&#8217;equip de govern del PSPV ha comptat amb el suport de la resta de formacions amb representaci\u00f3 en el ple municipal, \u00e9s a dir, el Partit Popular, Comprom\u00eds, Ciudadnos, l\u2019Esquerra, Podem RIba-roja Pot i Vox. Nascuda a Riba-roja de T\u00faria, Mar Benegas va escriure el seu primer poema als 11 anys titulat \u201cOda a la soledat\u201d que li va valdre el seu primer acostament a la literatura i des de llavors s&#8217;ha desenvolupat aquesta faceta en el seu \u00e0mbit de llibres infantils i d&#8217;adults.&nbsp;<\/p>\n\n\n\n<p class=\"wp-block-paragraph\">La carrera liter\u00e0ria de Mar Benegas compta amb un ampli cat\u00e0leg d&#8217;obres publicades, a m\u00e9s de cursos i confer\u00e8ncies que ha dut a terme en diverses ciutats no sols d&#8217;Espanya sin\u00f3, a m\u00e9s, d&#8217;altres pa\u00efsos del m\u00f3n. Col\u00b7laboradora en diverses iniciatives i espais de creaci\u00f3 cultural, Mar Benegas est\u00e0 vinculada a diversos \u00e0mbits literaris en diverses institucions p\u00fabliques des de les quals ha posat en marxa diferents projectes d&#8217;animaci\u00f3 a la lectura.&nbsp;<\/p>\n\n\n\n<p class=\"wp-block-paragraph\">Les obres de Mar Benegas han aconseguit un notable suport literari al voltant del m\u00f3n amb ala traducci\u00f3 i publicaci\u00f3 de les seues obres al llarg de diversos pa\u00efsos com la Xina, Corea, els Estats Units, el Brasil, It\u00e0lia o Fran\u00e7a, entre altres. L&#8217;escriptora de Riba-roja de T\u00faria ha sigut, tamb\u00e9, la creadora i fundadora d&#8217;una web de formaci\u00f3 en l\u00ednia titulada \u201cEl lloc de les paraules\u201d que li ha suposat diversos reconeixements p\u00fablics de l&#8217;opini\u00f3 p\u00fablica.&nbsp;<\/p>\n\n\n\n<p class=\"wp-block-paragraph\">L&#8217;escriptora de Riba-roja de T\u00faria ha sigut directora de les jornades d&#8217;animaci\u00f3 a la lectura, escriptura i observaci\u00f3 denominada Esc\u00e0ndol que dirigeix des de la Universitat Internacional Men\u00e9ndez i Pelayo de Val\u00e8ncia amb la col\u00b7laboraci\u00f3 de diverses institucions p\u00fabliques reconegudes. Mar Benegas ha sigut formadora i conferenciant especialitzada en la poesia, en animaci\u00f3 a la lectura, l&#8217;escriptura i la creativitat, entre altres \u00e0mbits de les lletres que ha cultivat al llarg dels \u00faltims anys com a part important del seu bagatge professional.&nbsp;<br>Mar Benegas ha desenvolupat la seua labor com a treballadora en escoles, biblioteques, centres culturals, centres de professorat i innovaci\u00f3 pedag\u00f2gica, en col\u00b7legis oficials i associacions de professionals bibliotecaris, universitats, fundacions i un altre tipus d&#8217;institucions p\u00fabliques. Actualment, l&#8217;escriptora de Riba-roja de T\u00faria col\u00b7labora en diverses iniciatives i espais de creaci\u00f3 cultural vinculats a la lectura i la poesia, entre altres \u00e0mbits.<\/p>\n\n\n\n<p class=\"wp-block-paragraph\">L&#8217;escriptora ha obtingut altres reconeixements p\u00fablics en la seua extensa traject\u00f2ria liter\u00e0ria com l&#8217;esment especial en la categoria Poesia a Bolonya amb el Premi Ragazzi gr\u00e0cies al seu llibre titulat \u201cCor d&#8217;ocell\u201d. A m\u00e9s, cal afegir el premi Serra d\u2019Or de la cr\u00edtica 2018 al millor llibre \u201cI ac\u00ed dins qui hi ha?\u201d, el millor llibre juvenil 2014 amb el llibre \u201cAbecedari imaginari\u201d del Banc de Llibres de Vene\u00e7uela. Durant els anys 2016 i 2017 ha estat entre els 20 millors llibres de la Fundaci\u00f3 Quatre gats amb les obres \u201cAmb l&#8217;ull de la i\u201d i \u201cVersos com una casa\u201d.&nbsp;<\/p>\n\n\n\n<p class=\"wp-block-paragraph\">L&#8217;alcalde de Riba-roja de T\u00faria, Robert Raga, ha subratllat \u201cl&#8217;enorme aportaci\u00f3 liter\u00e0ria de Mar Benegas en la seua extensa traject\u00f2ria en la qual ha rebut el reconeixement p\u00fablic de diverses institucions de prestigi en el m\u00f3n de les lletres, per aix\u00f2, el ple municipal s&#8217;ha fet eco d&#8217;aquest sentir generalitzat al qual li avalen diverses obres desenvolupades al llarg dels \u00faltims anys, no sols a Espanya sin\u00f3, tamb\u00e9, en l&#8217;\u00e0mbit internacional\u201d.<\/p>\n","protected":false},"excerpt":{"rendered":"<div class=\"mh-excerpt\">El ple de la corporaci\u00f3 aprova un reconeixement a Benegas per la seua traject\u00f2ria liter\u00e0ria i la seua contribuci\u00f3 a les lletres en l&#8217;\u00e0mbit infantil i adults jalonat de diversos premis i distincions&nbsp; El ple <a class=\"mh-excerpt-more\" href=\"https:\/\/tucomarca.whitekongsoftware.com\/ca\/riba-roja-felicita-lescriptora-local-mar-benegas-despres-dobtindre-el-premi-cervantes-chico-de-literatura-infantil-i-juvenil-de-2022\/\" title=\"Riba-roja felicita l&#8217;escriptora local Mar Benegas despr\u00e9s d&#8217;obtindre el Premi Cervantes Chico de literatura infantil i juvenil de 2022\u00a0\">[+] <\/a><\/div>\n","protected":false},"author":12,"featured_media":167345,"comment_status":"open","ping_status":"open","sticky":false,"template":"","format":"standard","meta":{"footnotes":""},"categories":[10892,10894,10906,10896],"tags":[10899,18438,15024],"class_list":["post-173585","post","type-post","status-publish","format-standard","has-post-thumbnail","category-camp-de-turia-ca","category-la-comarca-ca","category-riba-roja-ca","category-seccion-ca","tag-camp-de-turia-ca","tag-mar-benegas-ca","tag-riba-roja-de-turia-ca"],"_links":{"self":[{"href":"https:\/\/tucomarca.whitekongsoftware.com\/ca\/wp-json\/wp\/v2\/posts\/173585","targetHints":{"allow":["GET"]}}],"collection":[{"href":"https:\/\/tucomarca.whitekongsoftware.com\/ca\/wp-json\/wp\/v2\/posts"}],"about":[{"href":"https:\/\/tucomarca.whitekongsoftware.com\/ca\/wp-json\/wp\/v2\/types\/post"}],"author":[{"embeddable":true,"href":"https:\/\/tucomarca.whitekongsoftware.com\/ca\/wp-json\/wp\/v2\/users\/12"}],"replies":[{"embeddable":true,"href":"https:\/\/tucomarca.whitekongsoftware.com\/ca\/wp-json\/wp\/v2\/comments?post=173585"}],"version-history":[{"count":0,"href":"https:\/\/tucomarca.whitekongsoftware.com\/ca\/wp-json\/wp\/v2\/posts\/173585\/revisions"}],"wp:featuredmedia":[{"embeddable":true,"href":"https:\/\/tucomarca.whitekongsoftware.com\/ca\/wp-json\/wp\/v2\/media\/167345"}],"wp:attachment":[{"href":"https:\/\/tucomarca.whitekongsoftware.com\/ca\/wp-json\/wp\/v2\/media?parent=173585"}],"wp:term":[{"taxonomy":"category","embeddable":true,"href":"https:\/\/tucomarca.whitekongsoftware.com\/ca\/wp-json\/wp\/v2\/categories?post=173585"},{"taxonomy":"post_tag","embeddable":true,"href":"https:\/\/tucomarca.whitekongsoftware.com\/ca\/wp-json\/wp\/v2\/tags?post=173585"}],"curies":[{"name":"wp","href":"https:\/\/api.w.org\/{rel}","templated":true}]}}