{"id":173554,"date":"2022-12-02T13:00:00","date_gmt":"2022-12-02T11:00:00","guid":{"rendered":"https:\/\/www.tucomarca.com\/wordpress\/segunda\/?p=173554"},"modified":"2022-12-02T16:31:20","modified_gmt":"2022-12-02T14:31:20","slug":"la-produccio-dametles-de-la-comunitat-valenciana-cau-un-55-en-aquesta-campanya","status":"publish","type":"post","link":"https:\/\/tucomarca.whitekongsoftware.com\/ca\/la-produccio-dametles-de-la-comunitat-valenciana-cau-un-55-en-aquesta-campanya\/","title":{"rendered":"La producci\u00f3 d&#8217;ametles de la Comunitat Valenciana cau un 55% en aquesta campanya"},"content":{"rendered":"\n<p class=\"wp-block-paragraph\">El Grup de Treball Auton\u00f2mic de Fruita seca (GTA FS); constitu\u00eft per AVA-ASAJA, La Uni\u00f3 Llauradora, ASAJA Alacant, UPA, COAG, Cooperatives Agro-aliment\u00e0ries i AEOFRUSE, estima que la producci\u00f3 d&#8217;ametla en gra en la Comunitat Valenciana se situar\u00e0 al voltant de 4.283 tones, la qual cosa suposa un descens mig respecte de la campanya anterior del 55%. Aquesta previsi\u00f3 suposa una baixada del 12% sobre la qual es va realitzar ja el mes de juny, per la qual cosa la realitat encara ha superat les pitjors perspectives que existien.<br>La reducci\u00f3 mitjana en l&#8217;Estat espanyol es preveu que siga del 40%, per la qual cosa el descens en la Comunitat Valenciana se situa 15 punts per damunt de la mitjana nacional.<br>Aquestes dades no fan m\u00e9s que confirmar la permanent reducci\u00f3, any rere any, de la producci\u00f3 d&#8217;ametles en la nostra Comunitat (la reducci\u00f3 respecte de la mitjana dels \u00faltims 20 anys \u00e9s del 35%). A pesar que les noves plantacions tenen un major rendiment, el decrement permanent de la collita constata la destrucci\u00f3 imparable, si no es posa remei, de l&#8217;ametler tradicional valenci\u00e0. Aquest aband\u00f3, centrat en les comarques de sec\u00e0 m\u00e9s desfavorides, accentua el despoblament rural i la destrucci\u00f3 d&#8217;un patrimoni agr\u00edcola de tots els valencians.<br>Les previsions per prov\u00edncies, encara que amb percentatges diferents, tamb\u00e9 es caracteritzen per aquest descens generalitzat de la producci\u00f3. A la prov\u00edncia d&#8217;Alacant es preveu un descens del 46% i a Castell\u00f3 i Val\u00e8ncia, els descensos previstos seran del 60 i 62%, respectivament<br>La constataci\u00f3 del control del mercat, exercit per uns pocs operadors, es comprova amb els preus percebuts pels agricultors. En relaci\u00f3 amb la campanya passada, els productors cobren quasi 30 c\u00e8ntims menys per kg, la qual cosa suposa un 7% menys. L&#8217;\u00fanica interpretaci\u00f3 possible a aquesta situaci\u00f3 catastr\u00f2fica per al productor es pot explicar per l&#8217;increment de les importacions d&#8217;ametles americanes de pitjor qualitat, que, al final, provocaran la ru\u00efna dels nostres productors.<br>Els productors d&#8217;ametla de la Comunitat Valenciana fan una crida a la societat per a aconseguir que els nostres dol\u00e7os nadalencs, incl\u00f2s el torr\u00f3, utilitzen ametles produ\u00efdes en la Comunitat Valenciana i rebutgen aquells que no utilitzen per a la seua elaboraci\u00f3 ametles i mel, com a m\u00ednim nacional.<br>Amb l&#8217;aplicaci\u00f3 de la nova PAC, la gran majoria de productors de fruita seca de sec\u00e0 del nostre territori deixaran de rebre les ajudes associades a causa de les noves exig\u00e8ncies d&#8217;arracada i pluviometria molt restrictives, amb el que s&#8217;agreujaren els problemes estructurals del sector de fruita seca. El sector considera imprescindible que aquesta ajuda es modifique i es amplie el pressupost destinat a la fruita seca.<br>Tamb\u00e9 considera un greuge que en les ajudes establides per la crisi d&#8217;Ucra\u00efna no es contemplen la fruita seca, ja que, igual que la resta dels sectors que s\u00ed que rebran ajudes, aquest sector tamb\u00e9 compleix amb els requisits fixats i per aix\u00f2 exigeix a la Conselleria d&#8217;Agricultura que en l&#8217;Ordre que est\u00e0 tramitant contemple tamb\u00e9 ajudes per al sector.\u00a0<br>Aix\u00ed mateix, les organitzacions que formen part del GTA FS defensaran conjuntament en el Grup de Treball d&#8217;Assegurances Agr\u00e0ries, que t\u00e9 previst reunir-se pr\u00f2ximament, unes propostes, considerades imprescindibles i que esperen que siguen secundades i finan\u00e7ades per la Conselleria, per a ajustar l&#8217;asseguran\u00e7a a les necessitats del sector de fruita seca, garantint unes indemnitzacions adequades que compensen els danys econ\u00f2mics ocasionats pels sinistres climatol\u00f2gics m\u00e9s generalitzats entre els productors poc acostumats a contractar aquest segur a causa del poc atractiu que \u00e9s en aquests moments.<br>Tamb\u00e9 est\u00e0 previst sol\u00b7licitar una reuni\u00f3 amb l&#8217;actual consellera d&#8217;Agricultura, Isaura Navarro, per a donar continu\u00eftat a les reunions conjuntes entre el sector i la Conselleria i fer un front com\u00fa per a traslladar al Ministeri i, si \u00e9s necessari a la UE, les principals reivindicacions dels productors valencians d&#8217;ametla. Informa, <strong>Luis Ib\u00e1\u00f1ez<\/strong>.<\/p>\n","protected":false},"excerpt":{"rendered":"<div class=\"mh-excerpt\">El Grup de Treball Auton\u00f2mic de Fruita seca (GTA FS); constitu\u00eft per AVA-ASAJA, La Uni\u00f3 Llauradora, ASAJA Alacant, UPA, COAG, Cooperatives Agro-aliment\u00e0ries i AEOFRUSE, estima que la producci\u00f3 d&#8217;ametla en gra en la Comunitat Valenciana <a class=\"mh-excerpt-more\" href=\"https:\/\/tucomarca.whitekongsoftware.com\/ca\/la-produccio-dametles-de-la-comunitat-valenciana-cau-un-55-en-aquesta-campanya\/\" title=\"La producci\u00f3 d&#8217;ametles de la Comunitat Valenciana cau un 55% en aquesta campanya\">[+] <\/a><\/div>\n","protected":false},"author":1,"featured_media":173551,"comment_status":"open","ping_status":"open","sticky":false,"template":"","format":"standard","meta":{"footnotes":""},"categories":[10890,10905,11046,10963,10894,10904,10912,10903,10909,10896],"tags":[11309,18430,14144],"class_list":["post-173554","post","type-post","status-publish","format-standard","has-post-thumbnail","category-ademus","category-agricultura-la-comarca-ca","category-los-serranos-ca","category-la-canal-de-navarres-ca","category-la-comarca-ca","category-sin-categorizar-ca","category-la-hoya-ca","category-medio-ambiente-la-comarca-ca","category-requena-utiel-ca","category-seccion-ca","tag-agricultura-ca","tag-almendro-ca","tag-almendros-ca"],"_links":{"self":[{"href":"https:\/\/tucomarca.whitekongsoftware.com\/ca\/wp-json\/wp\/v2\/posts\/173554","targetHints":{"allow":["GET"]}}],"collection":[{"href":"https:\/\/tucomarca.whitekongsoftware.com\/ca\/wp-json\/wp\/v2\/posts"}],"about":[{"href":"https:\/\/tucomarca.whitekongsoftware.com\/ca\/wp-json\/wp\/v2\/types\/post"}],"author":[{"embeddable":true,"href":"https:\/\/tucomarca.whitekongsoftware.com\/ca\/wp-json\/wp\/v2\/users\/1"}],"replies":[{"embeddable":true,"href":"https:\/\/tucomarca.whitekongsoftware.com\/ca\/wp-json\/wp\/v2\/comments?post=173554"}],"version-history":[{"count":0,"href":"https:\/\/tucomarca.whitekongsoftware.com\/ca\/wp-json\/wp\/v2\/posts\/173554\/revisions"}],"wp:featuredmedia":[{"embeddable":true,"href":"https:\/\/tucomarca.whitekongsoftware.com\/ca\/wp-json\/wp\/v2\/media\/173551"}],"wp:attachment":[{"href":"https:\/\/tucomarca.whitekongsoftware.com\/ca\/wp-json\/wp\/v2\/media?parent=173554"}],"wp:term":[{"taxonomy":"category","embeddable":true,"href":"https:\/\/tucomarca.whitekongsoftware.com\/ca\/wp-json\/wp\/v2\/categories?post=173554"},{"taxonomy":"post_tag","embeddable":true,"href":"https:\/\/tucomarca.whitekongsoftware.com\/ca\/wp-json\/wp\/v2\/tags?post=173554"}],"curies":[{"name":"wp","href":"https:\/\/api.w.org\/{rel}","templated":true}]}}