{"id":173548,"date":"2022-12-03T11:00:00","date_gmt":"2022-12-03T09:00:00","guid":{"rendered":"https:\/\/www.tucomarca.com\/wordpress\/segunda\/?p=173548"},"modified":"2022-12-05T20:43:09","modified_gmt":"2022-12-05T18:43:09","slug":"youth-climate-save-projecta-un-documental-a-xiva-sobre-limpacte-mediambiental-del-consum-animal","status":"publish","type":"post","link":"https:\/\/tucomarca.whitekongsoftware.com\/ca\/youth-climate-save-projecta-un-documental-a-xiva-sobre-limpacte-mediambiental-del-consum-animal\/","title":{"rendered":"Youth climate save projecta un documental a Xiva sobre l&#8217;impacte mediambiental del consum animal"},"content":{"rendered":"\n<p class=\"wp-block-paragraph\">Ahir va tindre lloc en el centre social, pol\u00edtic i cultural \u00c0gora de Xiva, un acte informatiu sobre l&#8217;impacte mediambiental que la ind\u00fastria animal t\u00e9 i les seues conseq\u00fc\u00e8ncies, aquest acte ha sigut convocat pel col\u00b7lectiu antiespecista, Youth climate save Val\u00e8ncia amb gran aflu\u00e8ncia de persones. S&#8217;ha realitzat un cinef\u00f3rum projectant un documental anomenat &#8220;Eating Our Way to Extinction&#8221; en el qual es posa de manifest informaci\u00f3 rellevant respecte a un m\u00f3n m\u00e9s just, sostenible i \u00e8tic. L&#8217;acte ha comen\u00e7at sobre les 19.00 i en aquest, han presentat les accions i projectes que duen a terme per la protecci\u00f3 del medi ambient, s&#8217;ha visibilitzat el documental i, finalment, s&#8217;ha mantingut un debat entre les persones assistents. &#8220;Volem visibilitzar totes les conseq\u00fc\u00e8ncies que t\u00e9 per al nostre planeta el consum animal que hui dia podem substituir per una llargu\u00edssima llista d&#8217;alternatives vegetals contribuint a evitar finan\u00e7ar a ind\u00fastries de les m\u00e9s perjudicials per al planeta i milions d&#8217;animals&#8221; afirmen.<\/p>\n\n\n\n<p class=\"wp-block-paragraph\">Rosa M\u00e1s, volunt\u00e0ria de l&#8217;associaci\u00f3 Feumve per un men\u00fa veg\u00e0 en tots els col\u00b7legis i bi\u00f2loga, ens explica el seu punt de vista respecte al consum animal i les conseq\u00fc\u00e8ncies: El dest\u00ed dels animals domesticats en qualsevol tipus d&#8217;explotaci\u00f3 \u00e9s l&#8217;escorxador, la qual cosa resulta inacceptable tenint en compte que fins a la legislaci\u00f3 els reconeix com a \u00e9ssers sintientes. En el cas de les explotacions extensives, la creaci\u00f3 i manteniment de les pastures arrasa grans superf\u00edcies de massa vegetal, sent una de les principals causes de desforestaci\u00f3. La domesticaci\u00f3 i la selecci\u00f3 dels animals m\u00e9s idonis per al seu \u00fas per part de l&#8217;\u00e9sser hum\u00e0 al llarg dels segles ha generat individus vulnerables als agents pat\u00f2gens, per la qual cosa han de ser tractats amb diferents subst\u00e0ncies que acaben en el s\u00f2l i en l&#8217;aigua fins i tot en refugis i santuaris.<\/p>\n\n\n\n<p class=\"wp-block-paragraph\">La realitat de l&#8217;explotaci\u00f3 dels altres animals respon sempre a un plantejament extractivista, que considera el mitj\u00e0 com un assortidor de recursos il\u00b7limitat. L&#8217;\u00fanica difer\u00e8ncia \u00e9s que la ind\u00fastria no t\u00e9 la menor objecci\u00f3 a arrasar tot el que troba al seu pas mentre que moltes organitzacions ecologistes advoquen per una explotaci\u00f3 sostenible.<br>Sostenible \u00e9s un terme molt el\u00e0stic, que nom\u00e9s significa que una determinada pr\u00e0ctica pot ser mantinguda en el temps; \u00e9s a dir, una part dels ecosistemes pot ser exhaurida sempre que es tinga en compte deixar una porci\u00f3 intacta perqu\u00e8 puguen continuar sent explotats al llarg dels anys. D&#8217;aquesta manera, assistim a situacions delirants com protestar perqu\u00e8 el pl\u00e0stic que embolica a un peix atempta contra la biodiversitat, per\u00f2 no es considera la possibilitat de deixar d&#8217;usar als peixos com a menjar. Nom\u00e9s es mostra preocupaci\u00f3 perqu\u00e8 la continu\u00eftat de l&#8217;\u00fas i ab\u00fas dels recursos siga possible.&#8221; Indica.<\/p>\n\n\n\n<p class=\"wp-block-paragraph\">Unes altres de les diferents activitats que realitzen des de Youth climate save, \u00e9s neteges en el medi ambient i per aix\u00f2, destaquen la import\u00e0ncia de ser conseq\u00fcents amb els nostres actes per a poder tindre un futur planeta en el qual viure i les convocat\u00f2ries poden seguir-se a trav\u00e9s de l&#8217;Instagram &#8220;Youth climate save Val\u00e8ncia&#8221; en el qual tamb\u00e9 solen aportar informaci\u00f3 mediambiental.<\/p>\n","protected":false},"excerpt":{"rendered":"<div class=\"mh-excerpt\">Ahir va tindre lloc en el centre social, pol\u00edtic i cultural \u00c0gora de Xiva, un acte informatiu sobre l&#8217;impacte mediambiental que la ind\u00fastria animal t\u00e9 i les seues conseq\u00fc\u00e8ncies, aquest acte ha sigut convocat pel <a class=\"mh-excerpt-more\" href=\"https:\/\/tucomarca.whitekongsoftware.com\/ca\/youth-climate-save-projecta-un-documental-a-xiva-sobre-limpacte-mediambiental-del-consum-animal\/\" title=\"Youth climate save projecta un documental a Xiva sobre l&#8217;impacte mediambiental del consum animal\">[+] <\/a><\/div>\n","protected":false},"author":12,"featured_media":173547,"comment_status":"open","ping_status":"open","sticky":false,"template":"","format":"standard","meta":{"footnotes":""},"categories":[10894,10912,10903,10896,10975],"tags":[11195,18427,10914],"class_list":["post-173548","post","type-post","status-publish","format-standard","has-post-thumbnail","category-la-comarca-ca","category-la-hoya-ca","category-medio-ambiente-la-comarca-ca","category-seccion-ca","category-chiva-ca","tag-chiva-ca","tag-consumo-animal-ca","tag-la-hoya-de-bunol-chiva-ca"],"_links":{"self":[{"href":"https:\/\/tucomarca.whitekongsoftware.com\/ca\/wp-json\/wp\/v2\/posts\/173548","targetHints":{"allow":["GET"]}}],"collection":[{"href":"https:\/\/tucomarca.whitekongsoftware.com\/ca\/wp-json\/wp\/v2\/posts"}],"about":[{"href":"https:\/\/tucomarca.whitekongsoftware.com\/ca\/wp-json\/wp\/v2\/types\/post"}],"author":[{"embeddable":true,"href":"https:\/\/tucomarca.whitekongsoftware.com\/ca\/wp-json\/wp\/v2\/users\/12"}],"replies":[{"embeddable":true,"href":"https:\/\/tucomarca.whitekongsoftware.com\/ca\/wp-json\/wp\/v2\/comments?post=173548"}],"version-history":[{"count":0,"href":"https:\/\/tucomarca.whitekongsoftware.com\/ca\/wp-json\/wp\/v2\/posts\/173548\/revisions"}],"wp:featuredmedia":[{"embeddable":true,"href":"https:\/\/tucomarca.whitekongsoftware.com\/ca\/wp-json\/wp\/v2\/media\/173547"}],"wp:attachment":[{"href":"https:\/\/tucomarca.whitekongsoftware.com\/ca\/wp-json\/wp\/v2\/media?parent=173548"}],"wp:term":[{"taxonomy":"category","embeddable":true,"href":"https:\/\/tucomarca.whitekongsoftware.com\/ca\/wp-json\/wp\/v2\/categories?post=173548"},{"taxonomy":"post_tag","embeddable":true,"href":"https:\/\/tucomarca.whitekongsoftware.com\/ca\/wp-json\/wp\/v2\/tags?post=173548"}],"curies":[{"name":"wp","href":"https:\/\/api.w.org\/{rel}","templated":true}]}}