{"id":173528,"date":"2022-12-01T16:05:00","date_gmt":"2022-12-01T14:05:00","guid":{"rendered":"https:\/\/www.tucomarca.com\/wordpress\/segunda\/?p=173528"},"modified":"2022-12-01T23:39:59","modified_gmt":"2022-12-01T21:39:59","slug":"lequip-de-govern-socialista-reposa-desenes-darbres-a-requena","status":"publish","type":"post","link":"https:\/\/tucomarca.whitekongsoftware.com\/ca\/lequip-de-govern-socialista-reposa-desenes-darbres-a-requena\/","title":{"rendered":"L&#8217;equip de govern socialista reposa desenes d&#8217;arbres a Requena"},"content":{"rendered":"\n<p class=\"wp-block-paragraph\">La brigada municipal de l&#8217;Ajuntament de Requena est\u00e0 reposant desenes d&#8217;arbres -moreres, aligustres i aurons platanoides- en escocells buits de la localitat.&nbsp;<\/p>\n\n\n\n<p class=\"wp-block-paragraph\">En el cas de l&#8217;Avinguda de Raval, es plantaran de l&#8217;esp\u00e8cie Arce Platanoide, molt similar als actuals Pl\u00e0tans, per\u00f2 resistents a les malalties i sense producci\u00f3 d&#8217;arbo\u00e7os que tan perjudicials s\u00f3n per a les al\u00b7l\u00e8rgies.&nbsp;<\/p>\n\n\n\n<p class=\"wp-block-paragraph\">El pla de l&#8217;equip de govern socialista \u00e9s anar substituint cada any uns quants dels antics arbres per aquesta esp\u00e8cie, de tal manera que es continue mantenint l&#8217;ombra en l&#8217;avinguda mentre es van renovant.&nbsp;<\/p>\n\n\n\n<p class=\"wp-block-paragraph\">D&#8217;altra banda, ja s&#8217;han iniciat les labors de poda d&#8217;arbres als parcs de Requena. Amb aquesta actuaci\u00f3 s&#8217;aconseguir\u00e0 sanejar la massa arb\u00f2ria, reduint la seua c\u00e0rrega, millorant aix\u00ed el seu estat sanitari.<\/p>\n\n\n\n<p class=\"wp-block-paragraph\">Des de l&#8217;equip de govern socialista es continuar\u00e0 treballant perqu\u00e8 els nostres carrers presenten en tot moment el millor aspecte possible i estiguen sempre netes i cuidades.<\/p>\n\n\n\n<p class=\"wp-block-paragraph\"><\/p>\n","protected":false},"excerpt":{"rendered":"<div class=\"mh-excerpt\">La brigada municipal de l&#8217;Ajuntament de Requena est\u00e0 reposant desenes d&#8217;arbres -moreres, aligustres i aurons platanoides- en escocells buits de la localitat.&nbsp; En el cas de l&#8217;Avinguda de Raval, es plantaran de l&#8217;esp\u00e8cie Arce Platanoide, <a class=\"mh-excerpt-more\" href=\"https:\/\/tucomarca.whitekongsoftware.com\/ca\/lequip-de-govern-socialista-reposa-desenes-darbres-a-requena\/\" title=\"L&#8217;equip de govern socialista reposa desenes d&#8217;arbres a Requena\">[+] <\/a><\/div>\n","protected":false},"author":12,"featured_media":173527,"comment_status":"open","ping_status":"open","sticky":false,"template":"","format":"standard","meta":{"footnotes":""},"categories":[10948,10894,10947,10908,10909,10896],"tags":[11256,11099,10910],"class_list":["post-173528","post","type-post","status-publish","format-standard","has-post-thumbnail","category-infraestructuras-ca","category-la-comarca-ca","category-politica","category-requena-ca","category-requena-utiel-ca","category-seccion-ca","tag-psoe-requena-ca","tag-requena-ca","tag-requena-utiel-ca"],"_links":{"self":[{"href":"https:\/\/tucomarca.whitekongsoftware.com\/ca\/wp-json\/wp\/v2\/posts\/173528","targetHints":{"allow":["GET"]}}],"collection":[{"href":"https:\/\/tucomarca.whitekongsoftware.com\/ca\/wp-json\/wp\/v2\/posts"}],"about":[{"href":"https:\/\/tucomarca.whitekongsoftware.com\/ca\/wp-json\/wp\/v2\/types\/post"}],"author":[{"embeddable":true,"href":"https:\/\/tucomarca.whitekongsoftware.com\/ca\/wp-json\/wp\/v2\/users\/12"}],"replies":[{"embeddable":true,"href":"https:\/\/tucomarca.whitekongsoftware.com\/ca\/wp-json\/wp\/v2\/comments?post=173528"}],"version-history":[{"count":0,"href":"https:\/\/tucomarca.whitekongsoftware.com\/ca\/wp-json\/wp\/v2\/posts\/173528\/revisions"}],"wp:featuredmedia":[{"embeddable":true,"href":"https:\/\/tucomarca.whitekongsoftware.com\/ca\/wp-json\/wp\/v2\/media\/173527"}],"wp:attachment":[{"href":"https:\/\/tucomarca.whitekongsoftware.com\/ca\/wp-json\/wp\/v2\/media?parent=173528"}],"wp:term":[{"taxonomy":"category","embeddable":true,"href":"https:\/\/tucomarca.whitekongsoftware.com\/ca\/wp-json\/wp\/v2\/categories?post=173528"},{"taxonomy":"post_tag","embeddable":true,"href":"https:\/\/tucomarca.whitekongsoftware.com\/ca\/wp-json\/wp\/v2\/tags?post=173528"}],"curies":[{"name":"wp","href":"https:\/\/api.w.org\/{rel}","templated":true}]}}